{"id":69949,"date":"2009-06-09T14:25:57","date_gmt":"2009-06-09T14:25:57","guid":{"rendered":"http:\/\/diariodominicano.ddns.net\/?p=69949"},"modified":"2009-06-09T14:25:57","modified_gmt":"2009-06-09T14:25:57","slug":"resalta-papel-importante-de-la-familia","status":"publish","type":"post","link":"https:\/\/diariodominicano.com\/?p=69949","title":{"rendered":"Resalta papel importante de la familia"},"content":{"rendered":"<p><body><\/p>\n<p><img decoding=\"async\" src=\"img3\/teve.jpg\" \/>  <\/p>\n<p><span class=\"text1noticias\">Rep\u00fablica Dominicana est\u00e1 exigiendo de sus ciudadanos una transformaci\u00f3n de la conciencia y un mayor nivel de compromiso con nosotros mismos y las generaciones que siguen. El papel de la familia es fundamental en el enraizamiento de los principios morales que son necesarios para que podamos enfrentar con integridad la avalancha de cambios que experimentamos. Los dominicanos deseamos ver renacer nuestros m\u00e1s nobles atributos y poder legar a nuestros hijos una sociedad amigable. <\/span><\/p>\n<\/p>\n<p><span class=\"text1noticias\">Esta es la motivaci\u00f3n que trae el programa ?Detr\u00e1s de la Palabra Familia?, que desde el pr\u00f3ximo lunes 8 de junio estar\u00e1 en el aire. Producido y conducido por la comunicadora Evelyn Del Carmen Gonz\u00e1lez, el programa se difundira todos los lunes, de 5 a 6 de la tarde, a trav\u00e9s de OnTV, canal del Grupo Ominimedia. <\/span><\/p>\n<\/p>\n<p><span class=\"text1noticias\">?Buscamos fomentar los valores familiares que est\u00e1n m\u00e1s adormecidos que perdidos en nuestra sociedad, pues todos debemos hacer algo para rescatarlos. Este programa tiene como objetivo abordar la problem\u00e1tica de la familia moderna, ofreciendo orientaciones que estimulen su fortalecimiento, el desarrollo de habilidades personales para obtener bienestar, la renovaci\u00f3n de nuestros principios, y aportar  herramientas para la buena convivencia?, expres\u00f3 Evelyn Del Carmen.<\/span><\/p>\n<\/p>\n<p><span class=\"text1noticias\">Con un formato agradable y moderno, el programa constar\u00e1 de varios segmentos, entre ellos el de entrevistas con expertos en temas de crianza, pareja, educaci\u00f3n, manejo de conflictos, etc.  El programa tendr\u00e1 cada lunes la presentaci\u00f3n de ?Una familia feliz?, con la participaci\u00f3n de familias conocidas y desconocidas que compartir\u00e1n sus experiencias en el esfuerzo para lograr ser familias funcionales.<\/span><\/p>\n<\/p>\n<p><span class=\"text1noticias\">?Detr\u00e1s de la Palabra Familia? cuentara con la participacion del Lic. C\u00e9sar Perell\u00f3 conduciendo el segmento Finanzas Personales, en el cual se ofrecer\u00e1n consejos para que la familia haga un buen uso de sus recursos econ\u00f3micos, especialmente en tiempos de crisis.  Por otro lado, el Arq. Marcos Mart\u00ednez tendr\u00e1 la co-conducci\u00f3n del segmento Leyendo en Familia, que busca promover la lectura y el desarrollo del conocimiento como actividad para compartir en familia. <\/span><\/p>\n<\/p>\n<p><span class=\"text1noticias\">?La idea del programa surge a partir de una frase que le\u00ed en el bestseller de Stephen Covey, Los 7 h\u00e1bitos de las familias altamente efectivas. El escribi\u00f3 que ?cuando las relaciones familiares son buenas, la vida misma es buena?. Esto me hizo pensar en lo gratificante que puede ser comenzar a sentirnos satisfechos con nuestro n\u00facleo familiar y que esa alegr\u00eda se expanda en todo lo que hagamos?, agreg\u00f3 la productora.  <\/span><\/p>\n<h6> 2009-06-09 14:25:57 <\/h6>\n<p><!--\n<link rel=\"stylesheet\" href=\"css\/bootstrap.min.css\">\n\n\n<ul class=\"pagination\">\n\t    \n\t\n\n<li >\n\t<a href='?page_no=21626'>Previous<\/a>\n\t<\/li>\n\n\n       \n    \n\n<li><a href='?page_no=1'>1<\/a><\/li>\n\n\n\n<li><a href='?page_no=2'>2<\/a><\/li>\n\n\n\n<li><a>...<\/a><\/li>\n\n\n\n<li><a href='?page_no=21625'>21625<\/a><\/li>\n\n\n\n<li><a href='?page_no=21626'>21626<\/a><\/li>\n\n\n\n<li class='active'><a>21627<\/a><\/li>\n\n\n\n<li><a href='?page_no=21628'>21628<\/a><\/li>\n\n\n\n<li><a href='?page_no=21629'>21629<\/a><\/li>\n\n\n\n<li><a>...<\/a><\/li>\n\n\n\n<li><a href='?page_no=22911'>22911<\/a><\/li>\n\n\n\n<li><a href='?page_no=22912'>22912<\/a><\/li>\n\n    \n\t\n\n<li >\n\t<a href='?page_no=21628'>Next<\/a>\n\t<\/li>\n\n\n    \n\n<li><a href='?page_no=22912'>Last &rsaquo;&rsaquo;<\/a><\/li>\n\n<\/ul>\n\n\n--><br \/>\n<\/body><\/p>\n","protected":false},"excerpt":{"rendered":"<p>Rep\u00fablica Dominicana est\u00e1 exigiendo de sus ciudadanos una transformaci\u00f3n de la conciencia y un mayor nivel de compromiso con nosotros mismos y las generaciones que siguen. El papel de la familia es fundamental en el enraizamiento de los principios morales que son necesarios para que podamos enfrentar con integridad la avalancha de cambios que experimentamos. [&hellip;]<\/p>\n","protected":false},"author":3,"featured_media":0,"comment_status":"open","ping_status":"open","sticky":false,"template":"","format":"standard","meta":{"footnotes":""},"categories":[21],"tags":[],"class_list":["post-69949","post","type-post","status-publish","format-standard","hentry","category-cultura"],"_links":{"self":[{"href":"https:\/\/diariodominicano.com\/index.php?rest_route=\/wp\/v2\/posts\/69949","targetHints":{"allow":["GET"]}}],"collection":[{"href":"https:\/\/diariodominicano.com\/index.php?rest_route=\/wp\/v2\/posts"}],"about":[{"href":"https:\/\/diariodominicano.com\/index.php?rest_route=\/wp\/v2\/types\/post"}],"author":[{"embeddable":true,"href":"https:\/\/diariodominicano.com\/index.php?rest_route=\/wp\/v2\/users\/3"}],"replies":[{"embeddable":true,"href":"https:\/\/diariodominicano.com\/index.php?rest_route=%2Fwp%2Fv2%2Fcomments&post=69949"}],"version-history":[{"count":0,"href":"https:\/\/diariodominicano.com\/index.php?rest_route=\/wp\/v2\/posts\/69949\/revisions"}],"wp:attachment":[{"href":"https:\/\/diariodominicano.com\/index.php?rest_route=%2Fwp%2Fv2%2Fmedia&parent=69949"}],"wp:term":[{"taxonomy":"category","embeddable":true,"href":"https:\/\/diariodominicano.com\/index.php?rest_route=%2Fwp%2Fv2%2Fcategories&post=69949"},{"taxonomy":"post_tag","embeddable":true,"href":"https:\/\/diariodominicano.com\/index.php?rest_route=%2Fwp%2Fv2%2Ftags&post=69949"}],"curies":[{"name":"wp","href":"https:\/\/api.w.org\/{rel}","templated":true}]}}