{"id":69948,"date":"2009-06-09T15:09:27","date_gmt":"2009-06-09T15:09:27","guid":{"rendered":"http:\/\/diariodominicano.ddns.net\/?p=69948"},"modified":"2009-06-09T15:09:27","modified_gmt":"2009-06-09T15:09:27","slug":"la-solidaridad-se-viste-de-rojo-el-13-de-junio-en-miami","status":"publish","type":"post","link":"https:\/\/diariodominicano.com\/?p=69948","title":{"rendered":"LA  SOLIDARIDAD  SE  VISTE  DE   ROJO   EL   13   DE   JUNIO   EN   MIAMI"},"content":{"rendered":"<p><body><\/p>\n<p><img decoding=\"async\" src=\"img3\/valen.jpg\" \/>  <\/p>\n<p><span class=\"text1noticias\">?Desde el instante en que despierto me concentro en un solo ideal: comunicar la belleza y la perfecci\u00f3n?. Conocido como el &#8216;Rey del Chic&#8217;, Valentino tiene en su haber todos los premios importantes que se le pueden conceder a un modisto.    En la d\u00e9cada de los 60 se convirti\u00f3 en uno de los dise\u00f1adores preferidos del  &#8216;jet set&#8217;, cuando Jackie Kennedy escogi\u00f3 uno de sus dise\u00f1os para casarse con el magnate griego Aristoteles Onassis, un hecho crucial en su carrera.<\/span><\/p>\n<\/p>\n<p><span class=\"text1noticias\">?Las posibilidades del rojo son infinitas?, afirma el modisto, que ha convertido al vibrante color en su tarjeta de presentaci\u00f3n, sobre todo el que se conoce como rojo amapola. Valentino se desenvuelve entre la tradici\u00f3n de la Alta Costura francesa y el dise\u00f1o, algo que le hace \u00fanico y especial.<\/span><\/p>\n<\/p>\n<p><span class=\"text1noticias\">El modisto Valentino, es el \u00faltimo de una estirpe, la de los maestros de la alta costura. El creador, que celebr\u00f3 en el 2008 su 45\u00ba aniversario en la moda, como una forma de cooperaci\u00f3n con los programas sociales que lleva a cabo el Despacho de la Primera Dama de la Rep\u00fablica Dominicana, ha accedido a que en la ?2da. GALA POR UNA CAUSA?, que organiza  el Consulado General de la Rep\u00fablica Dominicana en Miami, sea  la premier de la Colecci\u00f3n Oto\u00f1o\/Invierno 2009 de su afamada ?Casa de Dise\u00f1o Valentino?.<\/span><\/p>\n<\/p>\n<p><span class=\"text1noticias\">Este evento ya fue celebrado con un rotundo \u00e9xito el a\u00f1o pasado,  ser\u00e1 realizado el pr\u00f3ximo 13 de junio, en el Hotel Ritz Carlton, en la ciudad de Key Biscayne. <\/span><\/p>\n<\/p>\n<p><span class=\"text1noticias\">Esta  primicia que dar\u00e1 un toque cumbre de glamour a la noche y ser\u00e1 el marco perfecto para que la solidaridad y la belleza se den la mano y hagan posible que los diversos programas de acci\u00f3n social  realizados por el Despacho de la Primera Dama de la Rep\u00fablica Dominicana, Dra. Margarita Cede\u00f1o de Fern\u00e1ndez, obtengan los recursos que les ayude a seguir  acompa\u00f1ando y empoderando  a las familias en extrema pobreza en su proceso de desarrollo integral a trav\u00e9s de orientaci\u00f3n, informaci\u00f3n, capacitaci\u00f3n y concienciaci\u00f3n sobre el acceso y disfrute de bienes y servicios ofrecidos por Estado y sociedad civil para la garant\u00eda de sus derechos fundamentales.<\/span><\/p>\n<\/p>\n<p><span class=\"text1noticias\">El apoyo y la solidaridad que reciba este evento, har\u00e1 posible que, un programa como ?PROGRESANDO?,  que a trav\u00e9s de un contacto directo con las familias, apoya las acciones del Estado a reducir la pobreza extrema y el hambre al garantizar la educaci\u00f3n primaria universal b\u00e1sica, promoviendo la igualdad de g\u00e9nero y el empoderamiento de la mujer, trabajando codo a codo con los encargados de dise\u00f1ar estrategias que reduzcan la mortalidad infantil y mejorando la salud materna.<\/span><\/p>\n<\/p>\n<p><span class=\"text1noticias\">Asimismo, el Programa ?PROGRESANDO EN FAMILIA? ,  tiene como misi\u00f3n, ser una instancia \u00e1gil y eficiente que realice las coordinaciones necesarias entre las familias focalizadas en condiciones de indigencia y las instituciones gubernamentales y privadas que desarrollan programas sociales de erradicaci\u00f3n de la pobreza.<\/span><\/p>\n<\/p>\n<p><span class=\"text1noticias\">Los asistentes a este evento, adem\u00e1s de hacer posible con sus aportes, que este milagro de amor hacia los m\u00e1s necesitados, que  articula la prestaci\u00f3n de bienes y servicios tendentes a la garant\u00eda de derechos fundamentales de las familias en extrema pobreza, identificando sus  necesidades  y gestionando que sean atendidas a trav\u00e9s de la coordinaci\u00f3n realizada por el Gabinete Social, podr\u00e1n disfrutar  de un concierto a cargo de La Boba Band, conformada por talentosos m\u00fasicos de la orquesta del afamado artista dominicano  Juan Luis Guerra y podr\u00e1n , por una noche, vivir de cerca lo que significa ser parte de un milagro de amor.<\/span><\/p>\n<\/p>\n<p><span class=\"text1noticias\">?GALA POR UNA CAUSA?, es una fundaci\u00f3n creada por el Consulado General de la Rep\u00fablica Dominicana en la ciudad de Miami y presidida por su C\u00f3nsul, el  Lic. Manuel Alm\u00e1nzar y Sra. Isabel Reynoso de Alm\u00e1nzar, con el compromiso de apoyar las iniciativas de solidaridad del Despacho de la Primera Dama Dra. Margarita Cede\u00f1o de Fern\u00e1ndez,  a trav\u00e9s de sus diferentes proyectos de asistencia social.<\/span><\/p>\n<h6> 2009-06-09 15:09:27 <\/h6>\n<p><!--\n<link rel=\"stylesheet\" href=\"css\/bootstrap.min.css\">\n\n\n<ul class=\"pagination\">\n\t    \n\t\n\n<li >\n\t<a href='?page_no=21625'>Previous<\/a>\n\t<\/li>\n\n\n       \n    \n\n<li><a href='?page_no=1'>1<\/a><\/li>\n\n\n\n<li><a href='?page_no=2'>2<\/a><\/li>\n\n\n\n<li><a>...<\/a><\/li>\n\n\n\n<li><a href='?page_no=21624'>21624<\/a><\/li>\n\n\n\n<li><a href='?page_no=21625'>21625<\/a><\/li>\n\n\n\n<li class='active'><a>21626<\/a><\/li>\n\n\n\n<li><a href='?page_no=21627'>21627<\/a><\/li>\n\n\n\n<li><a href='?page_no=21628'>21628<\/a><\/li>\n\n\n\n<li><a>...<\/a><\/li>\n\n\n\n<li><a href='?page_no=22911'>22911<\/a><\/li>\n\n\n\n<li><a href='?page_no=22912'>22912<\/a><\/li>\n\n    \n\t\n\n<li >\n\t<a href='?page_no=21627'>Next<\/a>\n\t<\/li>\n\n\n    \n\n<li><a href='?page_no=22912'>Last &rsaquo;&rsaquo;<\/a><\/li>\n\n<\/ul>\n\n\n--><br \/>\n<\/body><\/p>\n","protected":false},"excerpt":{"rendered":"<p>?Desde el instante en que despierto me concentro en un solo ideal: comunicar la belleza y la perfecci\u00f3n?. Conocido como el &#8216;Rey del Chic&#8217;, Valentino tiene en su haber todos los premios importantes que se le pueden conceder a un modisto. En la d\u00e9cada de los 60 se convirti\u00f3 en uno de los dise\u00f1adores preferidos [&hellip;]<\/p>\n","protected":false},"author":3,"featured_media":0,"comment_status":"open","ping_status":"open","sticky":false,"template":"","format":"standard","meta":{"footnotes":""},"categories":[21],"tags":[],"class_list":["post-69948","post","type-post","status-publish","format-standard","hentry","category-cultura"],"_links":{"self":[{"href":"https:\/\/diariodominicano.com\/index.php?rest_route=\/wp\/v2\/posts\/69948","targetHints":{"allow":["GET"]}}],"collection":[{"href":"https:\/\/diariodominicano.com\/index.php?rest_route=\/wp\/v2\/posts"}],"about":[{"href":"https:\/\/diariodominicano.com\/index.php?rest_route=\/wp\/v2\/types\/post"}],"author":[{"embeddable":true,"href":"https:\/\/diariodominicano.com\/index.php?rest_route=\/wp\/v2\/users\/3"}],"replies":[{"embeddable":true,"href":"https:\/\/diariodominicano.com\/index.php?rest_route=%2Fwp%2Fv2%2Fcomments&post=69948"}],"version-history":[{"count":0,"href":"https:\/\/diariodominicano.com\/index.php?rest_route=\/wp\/v2\/posts\/69948\/revisions"}],"wp:attachment":[{"href":"https:\/\/diariodominicano.com\/index.php?rest_route=%2Fwp%2Fv2%2Fmedia&parent=69948"}],"wp:term":[{"taxonomy":"category","embeddable":true,"href":"https:\/\/diariodominicano.com\/index.php?rest_route=%2Fwp%2Fv2%2Fcategories&post=69948"},{"taxonomy":"post_tag","embeddable":true,"href":"https:\/\/diariodominicano.com\/index.php?rest_route=%2Fwp%2Fv2%2Ftags&post=69948"}],"curies":[{"name":"wp","href":"https:\/\/api.w.org\/{rel}","templated":true}]}}