{"id":69947,"date":"2009-06-09T16:32:04","date_gmt":"2009-06-09T16:32:04","guid":{"rendered":"http:\/\/diariodominicano.ddns.net\/?p=69947"},"modified":"2009-06-09T16:32:04","modified_gmt":"2009-06-09T16:32:04","slug":"reik-recibe-el-premio-de-cancion-latina-del-ano","status":"publish","type":"post","link":"https:\/\/diariodominicano.com\/?p=69947","title":{"rendered":"Reik recibe el premio de Canci\u00f3n Latina del A\u00f1o"},"content":{"rendered":"<p><body><\/p>\n<p><img decoding=\"async\" src=\"http:\/\/localhost:8080\/img3\/reik.jpg\" \/>  <\/p>\n<p><span class=\"text1noticias\">Por: Luis Gonzalo Puente, Ritmosonlatino.com<\/span><\/p>\n<\/p>\n<p><span class=\"text1noticias\">Miami, FL, 9 de junio del 2009.- Haciendo honor a la categor\u00eda de Canci\u00f3n Latina del A\u00f1o, ?Inolvidable? fue la experiencia que vivi\u00f3 Patricia Rosa Luque, fan ganadora que viaj\u00f3 desde M\u00e1laga, Espa\u00f1a, hasta Chicago, en Estados Unidos, para conocer a los integrantes del grupo Reik y entregarles la Estatuilla de Orgullosamente Latino, El Premio del P\u00fablico 2009, durante el concierto que ofreci\u00f3 la banda en esta ciudad estadounidense.<\/span><\/p>\n<\/p>\n<p><span class=\"text1noticias\">Las sorpresas para ?Patry?, como le llaman sus amigos, iniciaron cuando Ritmoson Latino lleg\u00f3 hasta la casa de la joven espa\u00f1ola, y concluyeron el pasado s\u00e1bado 6 de junio, cuando sin saberlo, acudi\u00f3 a un restaurante de comida mexicana en la zona del centro de Chicago, para conocer a Jes\u00fas, Julio y Bibi.<\/span><\/p>\n<\/p>\n<p><span class=\"text1noticias\">Lo que era una comida m\u00e1s se convirti\u00f3 en una convivencia \u00edntima entre los int\u00e9rpretes de Fui y la emocionada pelirroja, quien degustaba algunos platillos de la cocina azteca, sin imaginarse que estar\u00eda frente a frente con sus \u00eddolos.<\/span><\/p>\n<\/p>\n<p><span class=\"text1noticias\">Rodeados por varios fans que reconocieron a los tres artistas, Luque abraz\u00f3 y bes\u00f3 a los m\u00fasicos, quienes en todo momento mostraron su benepl\u00e1cito por haber sido elegidos por el p\u00fablico en el rubro de Canci\u00f3n Latina del A\u00f1o.<\/span><\/p>\n<\/p>\n<p><span class=\"text1noticias\">Tras el emocionante encuentro, \u00abPatry\u00bb y Reik entraron a una sala exclusiva del restaurante \u00abSu casa\u00bb en Chicago, donde la chica se encarg\u00f3 de llevarles a los cantantes varios regalos representativos de la Madre Patria.<\/span><\/p>\n<\/p>\n<p><span class=\"text1noticias\">Entre los presentes destacaron una gorra para Bibi, un collar de piel para Julio, y una peque\u00f1a joya para Jes\u00fas, adem\u00e1s de piezas t\u00edpicas de M\u00e1laga, como tazas y figuras de porcelana.<\/span><\/p>\n<\/p>\n<p><span class=\"text1noticias\">Adem\u00e1s, Patricia les pidi\u00f3 que le firmaran varios materiales que ella misma dise\u00f1o, para conservar como recuerdo de esta fecha tan especial.<\/span><\/p>\n<\/p>\n<p><span class=\"text1noticias\">Una vez concluida la comida, tanto la joven admiradora como los chicos, se dispusieron a recorrer las calles de Chicago, para m\u00e1s adelante cerrar con broche de oro el d\u00eda con la entrega de la estatuilla durante el show del tr\u00edo en el ?Congress Theatre?.<\/span><\/p>\n<\/p>\n<p><span class=\"text1noticias\">Una vez cambiada y sin ocultar su emoci\u00f3n, ?Patry? tuvo un peque\u00f1o recorrido tras bambalinas por el recinto, donde incluso observ\u00f3 los instrumentos que utilizar\u00edan los integrantes del grupo, adem\u00e1s de los micr\u00f3fonos que servir\u00edan para interpretar sus conocidos \u00e9xitos.<\/span><\/p>\n<\/p>\n<p><span class=\"text1noticias\">Una vez iniciado el concierto, precisamente con Inolvidable, Patricia y Jos\u00e9 Iorio, conductor del canal l\u00edder de m\u00fasica latina, pudieron disfrutar de la velada musical desde un lugar privilegiado en primera fila, en un recinto que se llen\u00f3 en su totalidad con admiradores del tr\u00edo pop.<\/span><\/p>\n<\/p>\n<p><span class=\"text1noticias\">Temas como ?De qu\u00e9 sirve?, ?Noviembre sin ti?, ?Invierno? y ?Qu\u00e9 vida la m\u00eda? fueron coreados y aplaudidos por los asistentes, y por supuesto por Luque, quien incluso sorprendi\u00f3 a Jes\u00fas al subir al escenario para bailar al ritmo de sus sencillos.<\/span><\/p>\n<\/p>\n<p><span class=\"text1noticias\">Justo antes de terminar el show, Patricia Rosa y Jos\u00e9 Iorio, presentador de La Dskrga, entraron al escenario y anunciaron que Reik recibir\u00eda en ese momento la Estatuilla de Orgullosamente Latino, por tener la Canci\u00f3n Latina del A\u00f1o, gracias al tema Inolvidable.<\/span><\/p>\n<\/p>\n<p><span class=\"text1noticias\">\u00abPatry\u00bb, emocionada, dirigi\u00f3 unas palabras al grupo, dedicando el premio a todas las fans que votaron para que Reik resultara ganador este a\u00f1o. Tras alzar la estatuilla por los cielos y gritar \u00abOrgullosamente latino\u00bb, Jes\u00fas se acerc\u00f3 al p\u00fablico para presentar nuevamente Inolvidable, la canci\u00f3n ganadora.<\/span><\/p>\n<\/p>\n<p><span class=\"text1noticias\">Cuando la experiencia parec\u00eda haber llegado a su fin, Reik recibi\u00f3 nuevamente a Patricia en su camerino, donde le regal\u00f3 una playera muy especial, y le agradeci\u00f3 una vez m\u00e1s que hubiera viajado desde tan lejos para pasar un d\u00eda m\u00e1s con ellos.<\/span><\/p>\n<\/p>\n<p><span class=\"text1noticias\">Una vez concluida la premiaci\u00f3n y el encuentro, la fan ganadora declar\u00f3 que se encontraba en el \u00abNirvana\u00bb, asegurando que \u00e9sta hab\u00eda sido la mejor experiencia de toda la vida, hasta el momento.<\/span><\/p>\n<\/p>\n<p><span class=\"text1noticias\">De esta forma, Orgullosamente Latino, El Premio del P\u00fablico 2009, 6\u00aa. Entrega, comprueba que es el \u00fanico espacio que re\u00fane a los artistas con sus seguidores, celebrando lo mejor de la m\u00fasica hispana, en una fiesta donde los sue\u00f1os se convierten en algo Inolvidable.<\/span><\/p>\n<h6> 2009-06-09 16:32:04 <\/h6>\n<p><!--\n<link rel=\"stylesheet\" href=\"css\/bootstrap.min.css\">\n\n\n<ul class=\"pagination\">\n\t    \n\t\n\n<li >\n\t<a href='?page_no=21624'>Previous<\/a>\n\t<\/li>\n\n\n       \n    \n\n<li><a href='?page_no=1'>1<\/a><\/li>\n\n\n\n<li><a href='?page_no=2'>2<\/a><\/li>\n\n\n\n<li><a>...<\/a><\/li>\n\n\n\n<li><a href='?page_no=21623'>21623<\/a><\/li>\n\n\n\n<li><a href='?page_no=21624'>21624<\/a><\/li>\n\n\n\n<li class='active'><a>21625<\/a><\/li>\n\n\n\n<li><a href='?page_no=21626'>21626<\/a><\/li>\n\n\n\n<li><a href='?page_no=21627'>21627<\/a><\/li>\n\n\n\n<li><a>...<\/a><\/li>\n\n\n\n<li><a href='?page_no=22911'>22911<\/a><\/li>\n\n\n\n<li><a href='?page_no=22912'>22912<\/a><\/li>\n\n    \n\t\n\n<li >\n\t<a href='?page_no=21626'>Next<\/a>\n\t<\/li>\n\n\n    \n\n<li><a href='?page_no=22912'>Last &rsaquo;&rsaquo;<\/a><\/li>\n\n<\/ul>\n\n\n--><br \/>\n<\/body><\/p>\n","protected":false},"excerpt":{"rendered":"<p>Por: Luis Gonzalo Puente, Ritmosonlatino.com Miami, FL, 9 de junio del 2009.- Haciendo honor a la categor\u00eda de Canci\u00f3n Latina del A\u00f1o, ?Inolvidable? fue la experiencia que vivi\u00f3 Patricia Rosa Luque, fan ganadora que viaj\u00f3 desde M\u00e1laga, Espa\u00f1a, hasta Chicago, en Estados Unidos, para conocer a los integrantes del grupo Reik y entregarles la Estatuilla [&hellip;]<\/p>\n","protected":false},"author":3,"featured_media":0,"comment_status":"open","ping_status":"open","sticky":false,"template":"","format":"standard","meta":{"footnotes":""},"categories":[21],"tags":[],"class_list":["post-69947","post","type-post","status-publish","format-standard","hentry","category-cultura"],"_links":{"self":[{"href":"https:\/\/diariodominicano.com\/index.php?rest_route=\/wp\/v2\/posts\/69947","targetHints":{"allow":["GET"]}}],"collection":[{"href":"https:\/\/diariodominicano.com\/index.php?rest_route=\/wp\/v2\/posts"}],"about":[{"href":"https:\/\/diariodominicano.com\/index.php?rest_route=\/wp\/v2\/types\/post"}],"author":[{"embeddable":true,"href":"https:\/\/diariodominicano.com\/index.php?rest_route=\/wp\/v2\/users\/3"}],"replies":[{"embeddable":true,"href":"https:\/\/diariodominicano.com\/index.php?rest_route=%2Fwp%2Fv2%2Fcomments&post=69947"}],"version-history":[{"count":0,"href":"https:\/\/diariodominicano.com\/index.php?rest_route=\/wp\/v2\/posts\/69947\/revisions"}],"wp:attachment":[{"href":"https:\/\/diariodominicano.com\/index.php?rest_route=%2Fwp%2Fv2%2Fmedia&parent=69947"}],"wp:term":[{"taxonomy":"category","embeddable":true,"href":"https:\/\/diariodominicano.com\/index.php?rest_route=%2Fwp%2Fv2%2Fcategories&post=69947"},{"taxonomy":"post_tag","embeddable":true,"href":"https:\/\/diariodominicano.com\/index.php?rest_route=%2Fwp%2Fv2%2Ftags&post=69947"}],"curies":[{"name":"wp","href":"https:\/\/api.w.org\/{rel}","templated":true}]}}