{"id":69946,"date":"2009-06-09T18:43:38","date_gmt":"2009-06-09T18:43:38","guid":{"rendered":"http:\/\/diariodominicano.ddns.net\/?p=69946"},"modified":"2009-06-09T18:43:38","modified_gmt":"2009-06-09T18:43:38","slug":"joven-dominicana-se-destaca-en-new-jersey-en-la-elaboracion-de-comics-para-el-cine","status":"publish","type":"post","link":"https:\/\/diariodominicano.com\/?p=69946","title":{"rendered":"Joven dominicana  se destaca en New Jersey en la elaboraci\u00f3n de Comics para el cine"},"content":{"rendered":"<p><body><\/p>\n<p><img decoding=\"async\" src=\"img3\/comic.jpg\" \/>  <\/p>\n<p><span class=\"text1noticias\">Por Flavia Rosario <\/span><\/p>\n<\/p>\n<p><span class=\"text1noticias\">Elisa Feliz Castillo de 21 a\u00f1os, es una estudiante meritoria del Joe Kubert School, en el estado de Nueva Jersey, que se  especializa en un \u00e1rea tan vers\u00e1til y din\u00e1mica como es el dise\u00f1o y creaci\u00f3n de Caricaturas y Artes Gr\u00e1ficos. Es la \u00fanica dominicana que estudia en esa  Escuela con notas excelentes en A, sus trabajos fueron escogidos para la  pel\u00edcula Villikonchonicles, que se estrenar\u00e1 pr\u00f3ximamente en el cine. <\/span><\/p>\n<p><span class=\"text1noticias\"> <\/span><\/p>\n<p><span class=\"text1noticias\">Con  seguridad y destreza en una computadora muestra la creaci\u00f3n de una extensa carpeta de comics con curvas  y l\u00edneas muy bien trazadas.  <\/span><\/p>\n<p><span class=\"text1noticias\"> <\/span><\/p>\n<p><span class=\"text1noticias\">Con notas sobresalientes, y ganadora de nueve premios de dibujos antes de partir al extranjero, Elisa Feliz Castillo, agradece al Presidente Leonel Fern\u00e1ndez Reyna, su apoyo por haberle otorgado la beca y haber hecho realidad su sue\u00f1o.  Gan\u00f3 en dos ocasiones el concurso ?Navidad de Colores? de la Revista al Comp\u00e1s,  cuadernos Apolo as\u00ed como concurso de pintura infantil de Helados Bon, entre otros.   <\/span><\/p>\n<p><span class=\"text1noticias\"> <\/span><\/p>\n<p><span class=\"text1noticias\">En sus trazos de un sin fin de ilustraciones, utiliza la t\u00e9cnica Inkwash.  <\/span><\/p>\n<p><span class=\"text1noticias\">Entre sus dibujos se destaca la creaci\u00f3n del personaje del comic X-girl City, que es una audaz mujer detective. Tambi\u00e9n X force Cover, ?Alicia en el Pa\u00eds de las Pesadillas?, una especie de s\u00e1tira de la cl\u00e1sica historieta y CarChase entre otros. <\/span><\/p>\n<p><span class=\"text1noticias\"> <\/span><\/p>\n<p><span class=\"text1noticias\">A Continuaci\u00f3n presentamos la entrevista realizada a esta joven talento del comic y las artes gr\u00e1ficas.<\/span><\/p>\n<p><span class=\"text1noticias\"> <\/span><\/p>\n<p><span class=\"text1noticias\">\u00bfPorque escoges la carrera Caricaturas y Artes Gr\u00e1ficas, Comic Artist?<\/span><\/p>\n<p><span class=\"text1noticias\"> <\/span><\/p>\n<p><span class=\"text1noticias\">EF. Porque desde peque\u00f1a me gust\u00f3 dibujar y crear mi propia historia en un mundo sin personajes, llevarle eso al p\u00fablico.<\/span><\/p>\n<p><span class=\"text1noticias\"> <\/span><\/p>\n<p><span class=\"text1noticias\"> \u00bfC\u00f3mo se llama la escuela en la que estudias?<\/span><\/p>\n<p><span class=\"text1noticias\">EF. Joe Kubert School<\/span><\/p>\n<p><span class=\"text1noticias\"> <\/span><\/p>\n<p><span class=\"text1noticias\">\u00bfCu\u00e1l es el objetivo de incursionar en esta carrera?<\/span><\/p>\n<p><span class=\"text1noticias\"> <\/span><\/p>\n<p><span class=\"text1noticias\">EF. Ser una profesional en el negocio de los comics y otro tipo arte gr\u00e1fico que se enfoca en el arte secuencial. <\/span><\/p>\n<p><span class=\"text1noticias\"> <\/span><\/p>\n<p><span class=\"text1noticias\">\u00bfQu\u00e9 tu sue\u00f1as para los ni\u00f1os de tu pa\u00eds?<\/span><\/p>\n<p><span class=\"text1noticias\"> <\/span><\/p>\n<p><span class=\"text1noticias\">EF. Me gustar\u00eda que tuvieran m\u00e1s oportunidades que las que tienen ahora en \u00e1rea profesional.  La educaci\u00f3n en el pa\u00eds esta muy limitada.<\/span><\/p>\n<p><span class=\"text1noticias\"> <\/span><\/p>\n<p><span class=\"text1noticias\">Despu\u00e9s que termines la carrera, \u00bfc\u00f3mo le aportar\u00edas al pa\u00eds tus conocimientos?  \u00bfDe qu\u00e9 forma lo har\u00edas?<\/span><\/p>\n<p><span class=\"text1noticias\"> <\/span><\/p>\n<p><span class=\"text1noticias\">EF: Despu\u00e9s que termine la carrera me gustar\u00eda seguir con los proyectos de mi compa\u00f1\u00eda creando comic y haciendo otro tipo de arte gr\u00e1fica comercial.<\/span><\/p>\n<p><span class=\"text1noticias\"> <\/span><\/p>\n<p><span class=\"text1noticias\">H\u00e1blame sobre las ideas que tiene de exhibir  tu trabajo el pr\u00f3ximo a\u00f1o en la Feria del Libro.  \u00bfQu\u00e9 hay de eso?<\/span><\/p>\n<p><span class=\"text1noticias\"> <\/span><\/p>\n<p><span class=\"text1noticias\">EF. Estaba pensando exponer parte de mi trabajo en la Feria del Libro para que los j\u00f3venes que tengan las mismas inquietudes que yo se incentiven. De verdad, si logro colocar mi stand ser\u00e1 de mucha satisfacci\u00f3n para mi porque siento que le estoy devolviendo mi aprendizaje, experiencia, an\u00e9cdotas, a trav\u00e9s de los comics.  Ser\u00e1 una tremenda sastifacci\u00f2n ya como persona.<\/span><\/p>\n<p><span class=\"text1noticias\"> <\/span><\/p>\n<p><span class=\"text1noticias\">Define un d\u00eda normal en tu vida dentro de la escuela Joe Kubert School.<\/span><\/p>\n<p><span class=\"text1noticias\"> <\/span><\/p>\n<p><span class=\"text1noticias\">Desde que me levanto, voy temprano a la Escuela y me la paso all\u00e1 dibujando todo el tiempo hasta que salimos a las tres de la tarde.  Cuando llego a la casa, tengo que dibujar m\u00e1s para la Escuela hasta la madrugada, hasta las cinco, m\u00e1ximo.  Solo tengo dos  horas para dormir antes de empezar de nuevo.<\/span><\/p>\n<p><span class=\"text1noticias\"> <\/span><\/p>\n<p><span class=\"text1noticias\">\u00bfCu\u00e1l es la duraci\u00f3n de esta profesi\u00f3n?<\/span><\/p>\n<p><span class=\"text1noticias\">EF.La duraci\u00f3n es de tres a\u00f1os.                                <\/span><\/p>\n<p><span class=\"text1noticias\"> <\/span><\/p>\n<p><span class=\"text1noticias\">\u00bfQue significan tus padres para ti Elisa? <\/span><\/p>\n<p><span class=\"text1noticias\">EF.Mis padres, la licenciada Ada Castillo y  el arquitecto Wilfredo Feliz, sin ellos no estar\u00eda donde estoy. Ahora, ellos son los que me han ayudado a llegar hasta all\u00ed.<\/span><\/p>\n<p><span class=\"text1noticias\"> <\/span><\/p>\n<p><span class=\"text1noticias\">\u00bfCon cu\u00e1l de los comics que has creado te identificas?<\/span><\/p>\n<p><span class=\"text1noticias\">Con X-girl, porque re\u00fane muchos elementos que siempre han llamado mi atenci\u00f3n, como la historia futurista, la historia de acci\u00f3n.  El personaje es muy interesante.  Se trata de una historia que vaya estudiando en un futuro, que tenga un mundo diferente donde tenga la oportunidad de hacer arquitectura minimalista, futurista, mucho arte conceptual, diferente de cualquier cosa que no exista todav\u00eda.  Es muy divertida.<\/span><\/p>\n<p><span class=\"text1noticias\"> <\/span><\/p>\n<p><span class=\"text1noticias\">De tus trabajos, \u00bfcu\u00e1ntos Comics has publicado?  El \u00faltimo comic que publiqu\u00e9 fue el de Villikon Chronicles, que est\u00e1 basada en las novelas gr\u00e1ficas que estamos haciendo.  Comic, como parte de la post-producci\u00f3n del filme,  que lo van a lanzar en la convenci\u00f3n de  Comic de San Diego, que es una de las m\u00e1s grandes del mundo.  Van a lanzar todos los n\u00fameros como una colecci\u00f3n completa para promocionar.  ?Fue el que trabaj\u00e9 dibujando el cap\u00edtulo cinco.  Hice varias portadas para diferentes n\u00fameros del comic, que tambi\u00e9n ser\u00e1 para la pel\u00edcula y mi nombre aparecer\u00e1 en los cr\u00e9ditos.?<\/span><\/p>\n<p><span class=\"text1noticias\"> <\/span><\/p>\n<p><span class=\"text1noticias\">\u00bfCu\u00e1l ser\u00eda tu exhortaci\u00f3n para que j\u00f3venes as\u00ed como t\u00fa puedan lograr sus sue\u00f1os? <\/span><\/p>\n<p><span class=\"text1noticias\"> <\/span><\/p>\n<p><span class=\"text1noticias\">EF: Que trabajen duro en lo que quieren, que lo m\u00e1s importante es la pr\u00e1ctica, si les parece imposible que lo sigan intentado.  Para mi parec\u00eda imposible.  Pero gracias a la ayuda del presidente doctor Leonel Fern\u00e1ndez, he logrado obtener lo que siempre he so\u00f1ado: trazar l\u00edneas, formar e innovar. <\/span><\/p>\n<p><span class=\"text1noticias\"> <\/span><\/p>\n<p><span class=\"text1noticias\">Si quieres accesar a la tienda creada por Elisa Feliz, puede visitar al Website ellizclothing.com. Te encontrar\u00e1s con dise\u00f1os s\u00faper interesantes.<\/span><\/p>\n<h6> 2009-06-09 18:43:38 <\/h6>\n<p><!--\n<link rel=\"stylesheet\" href=\"css\/bootstrap.min.css\">\n\n\n<ul class=\"pagination\">\n\t    \n\t\n\n<li >\n\t<a href='?page_no=21623'>Previous<\/a>\n\t<\/li>\n\n\n       \n    \n\n<li><a href='?page_no=1'>1<\/a><\/li>\n\n\n\n<li><a href='?page_no=2'>2<\/a><\/li>\n\n\n\n<li><a>...<\/a><\/li>\n\n\n\n<li><a href='?page_no=21622'>21622<\/a><\/li>\n\n\n\n<li><a href='?page_no=21623'>21623<\/a><\/li>\n\n\n\n<li class='active'><a>21624<\/a><\/li>\n\n\n\n<li><a href='?page_no=21625'>21625<\/a><\/li>\n\n\n\n<li><a href='?page_no=21626'>21626<\/a><\/li>\n\n\n\n<li><a>...<\/a><\/li>\n\n\n\n<li><a href='?page_no=22911'>22911<\/a><\/li>\n\n\n\n<li><a href='?page_no=22912'>22912<\/a><\/li>\n\n    \n\t\n\n<li >\n\t<a href='?page_no=21625'>Next<\/a>\n\t<\/li>\n\n\n    \n\n<li><a href='?page_no=22912'>Last &rsaquo;&rsaquo;<\/a><\/li>\n\n<\/ul>\n\n\n--><br \/>\n<\/body><\/p>\n","protected":false},"excerpt":{"rendered":"<p>Por Flavia Rosario Elisa Feliz Castillo de 21 a\u00f1os, es una estudiante meritoria del Joe Kubert School, en el estado de Nueva Jersey, que se especializa en un \u00e1rea tan vers\u00e1til y din\u00e1mica como es el dise\u00f1o y creaci\u00f3n de Caricaturas y Artes Gr\u00e1ficos. Es la \u00fanica dominicana que estudia en esa Escuela con notas [&hellip;]<\/p>\n","protected":false},"author":3,"featured_media":0,"comment_status":"open","ping_status":"open","sticky":false,"template":"","format":"standard","meta":{"footnotes":""},"categories":[21],"tags":[],"class_list":["post-69946","post","type-post","status-publish","format-standard","hentry","category-cultura"],"_links":{"self":[{"href":"https:\/\/diariodominicano.com\/index.php?rest_route=\/wp\/v2\/posts\/69946","targetHints":{"allow":["GET"]}}],"collection":[{"href":"https:\/\/diariodominicano.com\/index.php?rest_route=\/wp\/v2\/posts"}],"about":[{"href":"https:\/\/diariodominicano.com\/index.php?rest_route=\/wp\/v2\/types\/post"}],"author":[{"embeddable":true,"href":"https:\/\/diariodominicano.com\/index.php?rest_route=\/wp\/v2\/users\/3"}],"replies":[{"embeddable":true,"href":"https:\/\/diariodominicano.com\/index.php?rest_route=%2Fwp%2Fv2%2Fcomments&post=69946"}],"version-history":[{"count":0,"href":"https:\/\/diariodominicano.com\/index.php?rest_route=\/wp\/v2\/posts\/69946\/revisions"}],"wp:attachment":[{"href":"https:\/\/diariodominicano.com\/index.php?rest_route=%2Fwp%2Fv2%2Fmedia&parent=69946"}],"wp:term":[{"taxonomy":"category","embeddable":true,"href":"https:\/\/diariodominicano.com\/index.php?rest_route=%2Fwp%2Fv2%2Fcategories&post=69946"},{"taxonomy":"post_tag","embeddable":true,"href":"https:\/\/diariodominicano.com\/index.php?rest_route=%2Fwp%2Fv2%2Ftags&post=69946"}],"curies":[{"name":"wp","href":"https:\/\/api.w.org\/{rel}","templated":true}]}}