{"id":69944,"date":"2009-06-09T21:53:33","date_gmt":"2009-06-09T21:53:33","guid":{"rendered":"http:\/\/diariodominicano.ddns.net\/?p=69944"},"modified":"2009-06-09T21:53:33","modified_gmt":"2009-06-09T21:53:33","slug":"cultura-entrega-instrumentos-y-equipos-a-escuelas-de-bellas-artes-y-academia","status":"publish","type":"post","link":"https:\/\/diariodominicano.com\/?p=69944","title":{"rendered":"Cultura entrega instrumentos y equipos a Escuelas de Bellas Artes y Academia&#13;"},"content":{"rendered":"<p><body><\/p>\n<p><img decoding=\"async\" src=\"http:\/\/localhost:8080\/img3\/musi.jpg\" \/>  <\/p>\n<p><span class=\"text1noticias\">Los materiales entregados favorecen a 24 escuelas de artes y academias de m\u00fasica ubicadas en distintos sitios del pa\u00eds.<\/span><\/p>\n<p><span class=\"text1noticias\"> <\/span><\/p>\n<p><span class=\"text1noticias\">La Secretar\u00eda de Estado de Cultura entreg\u00f3 recientemente instrumentos musicales y equipos pedag\u00f3gicos a Escuelas de Bellas Artes y Academias de M\u00fasica de 24 comunidades del pa\u00eds.<\/span><\/p>\n<p><span class=\"text1noticias\"> <\/span><\/p>\n<p><span class=\"text1noticias\">La entrega fue hecha por el titular de la cartera, Jos\u00e9 Rafael Lantigua, en acto celebrado en el Sal\u00f3n de La Rotonda del Palacio de Bellas Artes, con la asistencia de los directores de cada una de estas entidades.<\/span><\/p>\n<p><span class=\"text1noticias\"> <\/span><\/p>\n<p><span class=\"text1noticias\">Los instrumentos y materiales fueron adquiridos por la Direcci\u00f3n del Sistema Nacional de Formaci\u00f3n Art\u00edstica Especializada (SINFAE), con la finalidad de proveer a las escuelas de artes y de m\u00fasica del pa\u00eds del instrumental necesario para su labor pedag\u00f3gica.  <\/span><\/p>\n<p><span class=\"text1noticias\"> <\/span><\/p>\n<p><span class=\"text1noticias\">Entre los instrumentos entregados figuraron teclados el\u00e9ctricos, violines, violoncellos, saxofones, flautas, guitarras, trompetas, clarinetes y tamboras. <\/span><\/p>\n<p><span class=\"text1noticias\"> <\/span><\/p>\n<p><span class=\"text1noticias\">Los equipos pedag\u00f3gicos donados incluyeron pedestales, atriles, pizarras, butacas, sillas, banquetas para artes pl\u00e1sticas, caballetes, bebederos, figuras geom\u00e9tricas (cubos, pir\u00e1mides, conos) indispensables para la ense\u00f1anza de las artes visuales, y esculturas. En total, el SINFAE invirti\u00f3 la suma de un mill\u00f3n 368 mil pesos en la compra de estos instrumentos y equipos.<\/span><\/p>\n<p><span class=\"text1noticias\"> <\/span><\/p>\n<p><span class=\"text1noticias\">Las Escuelas de Bellas Artes y Academias de M\u00fasica favorecidas con este donativo fueron las de Santiago de los Caballeros, La Vega, San Francisco de Macor\u00eds, Moca, San Jos\u00e9 de Ocoa, Cotu\u00ed, Jiman\u00ed, Neyba, Montecristi, Las Matas de Farf\u00e1n, Restauraci\u00f3n, Vicente Noble, El Cercado, Enriquillo y Pedernales.<\/span><\/p>\n<p><span class=\"text1noticias\"> <\/span><\/p>\n<p><span class=\"text1noticias\">Adem\u00e1s, Barahona, Duverg\u00e9, La Descubierta, San Pedro de Macor\u00eds, El Llano, Loma de Cabrera, Santiago Rodr\u00edguez, San Juan de la Maguana y La Romana.<\/span><\/p>\n<p><span class=\"text1noticias\"> <\/span><\/p>\n<p><span class=\"text1noticias\">El Director del SINFAE, Domingo de los Santos, dijo que ?durante los \u00faltimos a\u00f1os, hemos estado haciendo entregas peri\u00f3dicas de instrumentos y equipos a nuestras escuelas de artes de diferentes zonas del pa\u00eds, como parte de la pol\u00edtica cultural que se implementa a favor del desarrollo de las artes en la Rep\u00fablica Dominicana?.<\/span><\/p>\n<p><span class=\"text1noticias\"> <\/span><\/p>\n<p><span class=\"text1noticias\">Agreg\u00f3 que en esta \u00faltima entrega se ha adicionado una mayor cantidad de instrumentos musicales, ?que servir\u00e1n para la ense\u00f1anza musical de la juventud que acude a estos centros educativos?.<\/span><\/p>\n<p><span class=\"text1noticias\"> <\/span><\/p>\n<p><span class=\"text1noticias\">En la entrega estuvieron presentes, el Director del SINFAE, Domingo de los Santos; el director general de Bellas Artes, Franklin Dom\u00ednguez; el Subdirector de Bellas Artes, Dustin Mu\u00f1oz; el director Administrativo de Bellas Artes, Miguel Larrache; la directora de la Galer\u00eda Nacional de Bellas Artes, Marianne de Tolentino, el Director de la Comisi\u00f3n de Estudios Superiores, Eulogio Javier, y el Auditor de Bellas Artes, Pr\u00edamo Jim\u00e9nez.<\/span><\/p>\n<h6> 2009-06-09 21:53:33 <\/h6>\n<p><!--\n<link rel=\"stylesheet\" href=\"css\/bootstrap.min.css\">\n\n\n<ul class=\"pagination\">\n\t    \n\t\n\n<li >\n\t<a href='?page_no=21621'>Previous<\/a>\n\t<\/li>\n\n\n       \n    \n\n<li><a href='?page_no=1'>1<\/a><\/li>\n\n\n\n<li><a href='?page_no=2'>2<\/a><\/li>\n\n\n\n<li><a>...<\/a><\/li>\n\n\n\n<li><a href='?page_no=21620'>21620<\/a><\/li>\n\n\n\n<li><a href='?page_no=21621'>21621<\/a><\/li>\n\n\n\n<li class='active'><a>21622<\/a><\/li>\n\n\n\n<li><a href='?page_no=21623'>21623<\/a><\/li>\n\n\n\n<li><a href='?page_no=21624'>21624<\/a><\/li>\n\n\n\n<li><a>...<\/a><\/li>\n\n\n\n<li><a href='?page_no=22911'>22911<\/a><\/li>\n\n\n\n<li><a href='?page_no=22912'>22912<\/a><\/li>\n\n    \n\t\n\n<li >\n\t<a href='?page_no=21623'>Next<\/a>\n\t<\/li>\n\n\n    \n\n<li><a href='?page_no=22912'>Last &rsaquo;&rsaquo;<\/a><\/li>\n\n<\/ul>\n\n\n--><br \/>\n<\/body><\/p>\n","protected":false},"excerpt":{"rendered":"<p>Los materiales entregados favorecen a 24 escuelas de artes y academias de m\u00fasica ubicadas en distintos sitios del pa\u00eds. La Secretar\u00eda de Estado de Cultura entreg\u00f3 recientemente instrumentos musicales y equipos pedag\u00f3gicos a Escuelas de Bellas Artes y Academias de M\u00fasica de 24 comunidades del pa\u00eds. La entrega fue hecha por el titular de la [&hellip;]<\/p>\n","protected":false},"author":3,"featured_media":0,"comment_status":"open","ping_status":"open","sticky":false,"template":"","format":"standard","meta":{"footnotes":""},"categories":[21],"tags":[],"class_list":["post-69944","post","type-post","status-publish","format-standard","hentry","category-cultura"],"_links":{"self":[{"href":"https:\/\/diariodominicano.com\/index.php?rest_route=\/wp\/v2\/posts\/69944","targetHints":{"allow":["GET"]}}],"collection":[{"href":"https:\/\/diariodominicano.com\/index.php?rest_route=\/wp\/v2\/posts"}],"about":[{"href":"https:\/\/diariodominicano.com\/index.php?rest_route=\/wp\/v2\/types\/post"}],"author":[{"embeddable":true,"href":"https:\/\/diariodominicano.com\/index.php?rest_route=\/wp\/v2\/users\/3"}],"replies":[{"embeddable":true,"href":"https:\/\/diariodominicano.com\/index.php?rest_route=%2Fwp%2Fv2%2Fcomments&post=69944"}],"version-history":[{"count":0,"href":"https:\/\/diariodominicano.com\/index.php?rest_route=\/wp\/v2\/posts\/69944\/revisions"}],"wp:attachment":[{"href":"https:\/\/diariodominicano.com\/index.php?rest_route=%2Fwp%2Fv2%2Fmedia&parent=69944"}],"wp:term":[{"taxonomy":"category","embeddable":true,"href":"https:\/\/diariodominicano.com\/index.php?rest_route=%2Fwp%2Fv2%2Fcategories&post=69944"},{"taxonomy":"post_tag","embeddable":true,"href":"https:\/\/diariodominicano.com\/index.php?rest_route=%2Fwp%2Fv2%2Ftags&post=69944"}],"curies":[{"name":"wp","href":"https:\/\/api.w.org\/{rel}","templated":true}]}}