{"id":69943,"date":"2009-06-10T15:29:55","date_gmt":"2009-06-10T15:29:55","guid":{"rendered":"http:\/\/diariodominicano.ddns.net\/?p=69943"},"modified":"2009-06-10T15:29:55","modified_gmt":"2009-06-10T15:29:55","slug":"der-horst-anuncia-terminan-trabajos-monumento-14-de-junio-presidente-leonel-fernandez-presidira-acto-inauguracion-el-sabado","status":"publish","type":"post","link":"https:\/\/diariodominicano.com\/?p=69943","title":{"rendered":"Der Horst anuncia terminan trabajos Monumento 14 de Junio; Presidente Leonel Fern\u00e1ndez presidir\u00e1 acto inauguraci\u00f3n el s\u00e1bado"},"content":{"rendered":"<p><body><\/p>\n<p><img decoding=\"async\" src=\"img3\/juni.jpg\" \/>  <\/p>\n<p><span class=\"text1noticias\">CONSTANZA.- El director ejecutivo del Departamento Aeroportuario anunci\u00f3 la terminaci\u00f3n de los trabajos de construcci\u00f3n del Van monumento en honor a los expedicionarios del 14 de junio del 1959 en este municipio, uno de  los lugares donde desembarcaron  tropas opositoras al r\u00e9gimen sangriento de Rafael L. Trujillo Molina. <\/span><\/p>\n<\/p>\n<p><span class=\"text1noticias\">Andr\u00e9s Van Der Horst, dijo que los trabajos del monumento para reverenciar a los m\u00e1rtires de la Raza Inmortal fueron autorizados por la Comisi\u00f3n Nacional para Conmemoraci\u00f3n del 50 Aniversario de la gesta.<\/span><\/p>\n<\/p>\n<p><span class=\"text1noticias\">Dichos trabajos estuvieron a cargos del  Departamento Aeroportuario, quien levant\u00f3 el monumento al lado de la pista del aer\u00f3dromo 14 de junio de aqu\u00ed, justo en el lugar donde en 1959 desembarcaron las primeras tropas de la expedici\u00f3n de Constanza, Maim\u00f3n y Estero Hondo con el fin de poner termino al r\u00e9gimen de sangre y opresi\u00f3n que presid\u00eda Rafael L. Trujillo Molina.<\/span><\/p>\n<\/p>\n<p><span class=\"text1noticias\">El director ejecutivo del Departamento Aeroportuario, explic\u00f3 que todo est\u00e1 preparado para la inauguraci\u00f3n, la que contar\u00e1 con la presencia del presidente Leonel Fern\u00e1ndez Reyna.<\/span><\/p>\n<\/p>\n<p><span class=\"text1noticias\">Van Der Horst, dijo que el monumento es una verdadera obra de arte donde quedaron expresados los sentimientos de libertad de la Raza Inmortal del 14 de junio de 1959.<\/span><\/p>\n<\/p>\n<p><span class=\"text1noticias\">?El monumento tiene 4.4 metros de altura y cuenta con una tarja aleg\u00f3rica al hist\u00f3rico hecho y una estatua que representa a los  expedicionarios del 14 de junio de 1959.<\/span><\/p>\n<\/p>\n<p><span class=\"text1noticias\">Para llegar al monumento hay un pasillo con 54 \u00e1rboles, unidades que ser\u00e1n marcadas con el nombre de los expedicionarios.<\/span><\/p>\n<\/p>\n<p><span class=\"text1noticias\">En Constanza reina un gran entusiasmo por las actividades que se han organizando con motivo de la inauguraci\u00f3n de este monumento en honor a la Raza Inmortal del 14 de junio de 1959.<\/span><\/p>\n<\/p>\n<p><span class=\"text1noticias\">El Presidente Leonel Fern\u00e1ndez cre\u00f3 mediante el Decreto No.55-09 una comisi\u00f3n encargada de la organizaci\u00f3n de los actos conmemorativos del 50 aniversario  de la gesta heroica del 14 y 20 de junio de 1959, La Raza Inmortal.<\/span><\/p>\n<\/p>\n<p><span class=\"text1noticias\">La comisi\u00f3n la integran Rafael P\u00e9rez Modesto, Coordinador, Juan Daniel Balc\u00e1cer,  presidente de la Comisi\u00f3n Permanente de Efem\u00e9rides Patria, los sobrevivientes; Poncio Pou Saleta, Mayobanex Vargas Vargas, Delio G\u00f3mez Ochoa.<\/span><\/p>\n<\/p>\n<p><span class=\"text1noticias\">Integran adem\u00e1s la comisi\u00f3n Arnulfo Reyes, en representaci\u00f3n de la Federaci\u00f3n de Fundaciones Patri\u00f3ticas, Porfirio Rodr\u00edguez de la Fundaci\u00f3n H\u00e9roes de Constanza, Maim\u00f3n y Estero Hondo  y representantes de las secretarias de Educaci\u00f3n y de Cultura.<\/span><\/p>\n<\/p>\n<p><span class=\"text1noticias\">Con motivo del 50 aniversario de la Raza Inmortal se ha elaborado un amplio programa de actividades que incluye la Inauguraci\u00f3n de la Sala Memorial en el Centro de los H\u00e9roes, Constanza y Estero Hondo, el d\u00eda 10 de junio, el d\u00eda 12 se realizar\u00e1 el panel ?14 de Junio? en el Club Espa\u00f1ol de Constanza con la participaci\u00f3n de Chemo Brache, Carmen Dur\u00e1n y Juan Daniel Balc\u00e1cer, el 13 la inauguraci\u00f3n del Monumento a los H\u00e9roes del 14 de junio en Constanza.<\/span><\/p>\n<\/p>\n<p><span class=\"text1noticias\">El d\u00eda 14 se oficiar\u00e1 una misa en la iglesia La Paz del Centro de los  H\u00e9roes el honor a los ca\u00eddos, dicha eucarist\u00eda estar\u00e1n presidida por su Excelencia Reverend\u00edsima, Monse\u00f1or de Jes\u00fas Cardenal Nicol\u00e1s de Jes\u00fas L\u00f3pez Rodr\u00edguez.<\/span><\/p>\n<\/p>\n<p><span class=\"text1noticias\">Continuar\u00e1n las actividades con unas series de conferencias en las provincias y la capital, el desvelizamiento de una estatua en honor a los expedicionarios en la estaci\u00f3n del Metro de Santo Domingo en el Centro de los  H\u00e9roes y una jordana de reforestaci\u00f3n en la Cordillera Central, auspiciada por la Secretaria de Medio Ambiente y la Comisi\u00f3n encargada de la organizaci\u00f3n de 50 aniversario de la Raza Inmortal.<\/span><\/p>\n<p><span class=\"text1noticias\"> <\/span><\/p>\n<p><span class=\"text1noticias\">El s\u00e1bado iniciando a las 5:30 de la ma\u00f1ana habr\u00e1 una alborada por todas las calles del municipio, a cargo de la banda municipal de m\u00fasica.<\/span><\/p>\n<\/p>\n<p><span class=\"text1noticias\">Al mediod\u00eda se iniciar\u00e1 un desfile estudiantil y de atletas juveniles, acompa\u00f1ado de la misma banda de m\u00fasica y del Baton Ballet, de la Oficina de Desarrollo de la Comunidad, (ODC).<\/span><\/p>\n<\/p>\n<p><span class=\"text1noticias\">Tambi\u00e9n ser\u00e1 realizada una cabalgata que recorrer\u00e1 distintas calles de este municipio.<\/span><\/p>\n<p><span class=\"text1noticias\">\t<\/span><\/p>\n<p><span class=\"text1noticias\">ACTO PROTOCOLAR<\/span><\/p>\n<\/p>\n<p><span class=\"text1noticias\">INICIO DEL ACTO CON LA LLEGADA DEL SR. PRESIDENTE DE LA R. D. AL AER\u00d3DROMO DE   CONSTANZA (14:00 HORA)<\/span><\/p>\n<p><span class=\"text1noticias\">    <\/span><\/p>\n<p><span class=\"text1noticias\">1.- RECIBIMIENTO DEL SE\u00d1OR PRESIDENTE  CONSTITUCIONAL  DE LA  REPUBLICADOMINICANA, DR. LEONEL A. FERNANDEZ REYNA, A CARGO DE LA   COMISION  DE CONMEMORACION DEL 50 ANIVERSARIO DE LA GESTA DEL 14  DE JUNIO DE 1959, AUTORIDADES CIVILES, MILITARES Y MUNICIPALES.<\/span><\/p>\n<\/p>\n<p><span class=\"text1noticias\">2.-HONORES MILITARES A CARGO DE UN BATALLON DE LAS FFAA, CON LOS  ACORDES DEL HIMNO NACIONAL.<\/span><\/p>\n<\/p>\n<p><span class=\"text1noticias\">3.- RECREACION HISTORICA DE LA GESTA, CON EL DESEMBARCO DE LOS EXPEDICIONARIOS.<\/span><\/p>\n<\/p>\n<p><span class=\"text1noticias\">4.- INVITACION AL  SE\u00d1OR PRESIDENTE  A LA TARIMA PRESIDENCIAL,  DONDE SE DESARROLLARA EL SIGUIENTE PROGRAMA.<\/span><\/p>\n<p><span class=\"text1noticias\">          <\/span><\/p>\n<p><span class=\"text1noticias\">5.-  PALABRAS  DE BENDICI\u00d3N, A CARGO DE  CURA PARROCO DE CONSTANZA.<\/span><\/p>\n<\/p>\n<p><span class=\"text1noticias\">6.- PALABRAS DE BIENVENIDA, A CARGO DEL LICENCIADO ANDRES VAN DER HORST,  DIRECTOR EJECUTIVO    DEPARTAMENTO AEROPORTUARIO.<\/span><\/p>\n<\/p>\n<p><span class=\"text1noticias\">7.- PALABRAS DEL, LICENCIADO RAFAEL P\u00c9REZ MODESTO, SECRETARIO DE ESTADO Y MIEMBRO DE LA    COMISION PARA LA  CONMEMORACION DEL 50 ANIVERSARIO DE LA GESTA.         <\/span><\/p>\n<\/p>\n<p><span class=\"text1noticias\">8.- PALABRAS DE GRACIAS, A CARGO DE LA ARQUITECTA  MARISELA VARGAS,  VICE -PRESIDENTA DE LA FUNDACI\u00d3N HEROES DE CONSTANZA, MAIMON Y ESTERO HONDO.<\/span><\/p>\n<\/p>\n<p><span class=\"text1noticias\">9.- LECTURA POR PARTE DEL SINDICO MUNICIPAL DE CONSTANZA DE LA RESOLUCI\u00d3N QUE DECLARA C\u00d3MO HIJOS ADOPTIVOS A LOS H\u00c9ROES PONCIO POU SALETA, MAYOBANEX VARGAS Y DELIO G\u00d3MEZ OCHOA, MIEMBROS DE LA RAZA INMORTAL QUE DESEMBARCARON POR CONSTANZA EL 14 DE JUNIO DEL 1959.<\/span><\/p>\n<\/p>\n<p><span class=\"text1noticias\">10.- ENTREGA AL HONORABLE SE\u00d1OR PRESIDENTE CONSTITUCIONAL DE LA REPUBLICA, DOCTOR LEONEL FERN\u00c1NDEZ REYNA, DEL PERGAMINO CONTENTIVO DE LA RESOLUCI\u00d3N DE LA JUNTA DISTRITAL DE LA SABINA QUE LO DECLARAN HU\u00c9SPED DISTINGUIDO, EN AGRADECIMIENTO A LAS OBRAS QUE HA REALIZADO EN PROVECHO DE LA COMUNIDAD (LA SABINA), A CARGO DEL DIRECTOR DE LA JUNTA MUNICIPAL SE\u00d1OR PEDRO RAM\u00d3N LAMARCHE.<\/span><\/p>\n<\/p>\n<p><span class=\"text1noticias\">11.- INVITACION AL SE\u00d1OR PRESIDENTE AL MONUMENTO ACOMPA\u00d1ADO  DE  LOS EXPEDICIONARIOS SOBREVIVIENTES Y DESCENDIENTES DE ESTOS,  AUTORIDADES OFICIALES Y MIEMBROS DE LAS FUNDACI\u00d3NES: FEDERACION DE FUNDACIONES PATRIOTICAS DOMINICANAS, Y LA FUNDACION DE HEROES DE  CONSTANZA, MAIMON Y ESTERO HONDO.<\/span><\/p>\n<\/p>\n<p><span class=\"text1noticias\">12.- IZAMIENTO DE BANDERAS EN EL MONUMENTO, A CARGO DE LOS SE\u00d1ORES EMBAJADORES INVITADOS, AL COMPAS DEL HIMNO DE 14 DE JUNIO, INTERPRETADO POR UN CORO DE ESTUDIANTES DEL MUNICIPIO.<\/span><\/p>\n<\/p>\n<p><span class=\"text1noticias\">13.- DESVELIZAMIENTO DEL MONUMENTO A LOS HEROES DE CONSTANZA, MAIMON Y ESTERO HONDO, A CARGO DEL  SE\u00d1OR  PRESIDENTE CONSTITUCIONAL  DE LA REPUBLICA, DOCTOR LEONEL FERNANDEZ REYNA, AL COMPAS DE UN CANTO PATRIOTICO, INTERPRETADO POR UN CORO DE ESTUDIANTES DEL MUNICIPIO.<\/span><\/p>\n<\/p>\n<p><span class=\"text1noticias\">14.- INVITACION AL SR. PRESIDENTE AL  DESVELIZAMIENTO DE LA TARJA QUE  DESIGNA EL TRAMO COMPRENDIDO ENTRE LA ENTRADA DE ?EL  VALLE  HASTA EL ALTO DE PORTEZUELO?, COMO AVENIDA COMANDANTE ENRIQUE JIMENES MOYA, AL COMPAS DEL HIMNO DE LOS COMBATIENTES.<\/span><\/p>\n<h6> 2009-06-10 15:29:55 <\/h6>\n<p><!--\n<link rel=\"stylesheet\" href=\"css\/bootstrap.min.css\">\n\n\n<ul class=\"pagination\">\n\t    \n\t\n\n<li >\n\t<a href='?page_no=21620'>Previous<\/a>\n\t<\/li>\n\n\n       \n    \n\n<li><a href='?page_no=1'>1<\/a><\/li>\n\n\n\n<li><a href='?page_no=2'>2<\/a><\/li>\n\n\n\n<li><a>...<\/a><\/li>\n\n\n\n<li><a href='?page_no=21619'>21619<\/a><\/li>\n\n\n\n<li><a href='?page_no=21620'>21620<\/a><\/li>\n\n\n\n<li class='active'><a>21621<\/a><\/li>\n\n\n\n<li><a href='?page_no=21622'>21622<\/a><\/li>\n\n\n\n<li><a href='?page_no=21623'>21623<\/a><\/li>\n\n\n\n<li><a>...<\/a><\/li>\n\n\n\n<li><a href='?page_no=22911'>22911<\/a><\/li>\n\n\n\n<li><a href='?page_no=22912'>22912<\/a><\/li>\n\n    \n\t\n\n<li >\n\t<a href='?page_no=21622'>Next<\/a>\n\t<\/li>\n\n\n    \n\n<li><a href='?page_no=22912'>Last &rsaquo;&rsaquo;<\/a><\/li>\n\n<\/ul>\n\n\n--><br \/>\n<\/body><\/p>\n","protected":false},"excerpt":{"rendered":"<p>CONSTANZA.- El director ejecutivo del Departamento Aeroportuario anunci\u00f3 la terminaci\u00f3n de los trabajos de construcci\u00f3n del Van monumento en honor a los expedicionarios del 14 de junio del 1959 en este municipio, uno de los lugares donde desembarcaron tropas opositoras al r\u00e9gimen sangriento de Rafael L. Trujillo Molina. Andr\u00e9s Van Der Horst, dijo que los [&hellip;]<\/p>\n","protected":false},"author":3,"featured_media":0,"comment_status":"open","ping_status":"open","sticky":false,"template":"","format":"standard","meta":{"footnotes":""},"categories":[21],"tags":[],"class_list":["post-69943","post","type-post","status-publish","format-standard","hentry","category-cultura"],"_links":{"self":[{"href":"https:\/\/diariodominicano.com\/index.php?rest_route=\/wp\/v2\/posts\/69943","targetHints":{"allow":["GET"]}}],"collection":[{"href":"https:\/\/diariodominicano.com\/index.php?rest_route=\/wp\/v2\/posts"}],"about":[{"href":"https:\/\/diariodominicano.com\/index.php?rest_route=\/wp\/v2\/types\/post"}],"author":[{"embeddable":true,"href":"https:\/\/diariodominicano.com\/index.php?rest_route=\/wp\/v2\/users\/3"}],"replies":[{"embeddable":true,"href":"https:\/\/diariodominicano.com\/index.php?rest_route=%2Fwp%2Fv2%2Fcomments&post=69943"}],"version-history":[{"count":0,"href":"https:\/\/diariodominicano.com\/index.php?rest_route=\/wp\/v2\/posts\/69943\/revisions"}],"wp:attachment":[{"href":"https:\/\/diariodominicano.com\/index.php?rest_route=%2Fwp%2Fv2%2Fmedia&parent=69943"}],"wp:term":[{"taxonomy":"category","embeddable":true,"href":"https:\/\/diariodominicano.com\/index.php?rest_route=%2Fwp%2Fv2%2Fcategories&post=69943"},{"taxonomy":"post_tag","embeddable":true,"href":"https:\/\/diariodominicano.com\/index.php?rest_route=%2Fwp%2Fv2%2Ftags&post=69943"}],"curies":[{"name":"wp","href":"https:\/\/api.w.org\/{rel}","templated":true}]}}