{"id":69939,"date":"2009-06-11T13:42:27","date_gmt":"2009-06-11T13:42:27","guid":{"rendered":"http:\/\/diariodominicano.ddns.net\/?p=69939"},"modified":"2009-06-11T13:42:27","modified_gmt":"2009-06-11T13:42:27","slug":"departamento-cultura-del-ayuntamiento-bani-participara-en-festival-de-cuba","status":"publish","type":"post","link":"https:\/\/diariodominicano.com\/?p=69939","title":{"rendered":"Departamento Cultura del Ayuntamiento Ban\u00ed participar\u00e1 en festival de Cuba"},"content":{"rendered":"<p><body><\/p>\n<p><img decoding=\"async\" src=\"img3\/villa.jpg\" \/>  <\/p>\n<p><span class=\"text1noticias\">POR JOSE A. THOMAS<\/span><\/p>\n<\/p>\n<p><span class=\"text1noticias\">BANI.- Una comisi\u00f3n del Departamento de Cultura del Ayuntamiento de este municipio participar\u00e1 en el Festival de la Cultura de Origen Caribe\u00f1o mejor conocida como \u00abLa Fiesta del Fuego\u00bb, la cual ser\u00e1 celebrada en Cuba del 3 al 9 julio pr\u00f3ximo.<\/span><\/p>\n<\/p>\n<p><span class=\"text1noticias\">En la actividad participar\u00e1n cerca de 30 pa\u00edses de todo el Mundo en la edici\u00f3n n\u00famero 29, seg\u00fan revel\u00f3 el licenciado Radham\u00e9s Villar, director de cultura del cabildo local.<\/span><\/p>\n<\/p>\n<p><span class=\"text1noticias\">Villar dijo que el s\u00edndico Nelson Camilo Landestoy, quien es un abanderado del arte y la cultura, est\u00e1 dando todo el apoyo necesario para que un nutrido grupo de ese departamento participe en el evento, el cual es una tradici\u00f3n en la Rep\u00fablica de Cuba.<\/span><\/p>\n<\/p>\n<p><span class=\"text1noticias\">Durante el evento se desarrollar\u00e1n distintas actividades, entre estas art\u00edsticas, culturales, recreativas y deportivas.<\/span><\/p>\n<\/p>\n<p><span class=\"text1noticias\">Entre los pa\u00edses invitados est\u00e1n Puerto Rico, Venezuela, Costa Rica, Nicaragua, Honduras, Colombia, Uruguay, Panam\u00e1, Paraguay, Guatemala, Chile, Brasil, Argentina, Hait\u00ed, Cuba y Rep\u00fablica Dominicana.<\/span><\/p>\n<h6> 2009-06-11 13:42:27 <\/h6>\n<p><!--\n<link rel=\"stylesheet\" href=\"css\/bootstrap.min.css\">\n\n\n<ul class=\"pagination\">\n\t    \n\t\n\n<li >\n\t<a href='?page_no=21616'>Previous<\/a>\n\t<\/li>\n\n\n       \n    \n\n<li><a href='?page_no=1'>1<\/a><\/li>\n\n\n\n<li><a href='?page_no=2'>2<\/a><\/li>\n\n\n\n<li><a>...<\/a><\/li>\n\n\n\n<li><a href='?page_no=21615'>21615<\/a><\/li>\n\n\n\n<li><a href='?page_no=21616'>21616<\/a><\/li>\n\n\n\n<li class='active'><a>21617<\/a><\/li>\n\n\n\n<li><a href='?page_no=21618'>21618<\/a><\/li>\n\n\n\n<li><a href='?page_no=21619'>21619<\/a><\/li>\n\n\n\n<li><a>...<\/a><\/li>\n\n\n\n<li><a href='?page_no=22911'>22911<\/a><\/li>\n\n\n\n<li><a href='?page_no=22912'>22912<\/a><\/li>\n\n    \n\t\n\n<li >\n\t<a href='?page_no=21618'>Next<\/a>\n\t<\/li>\n\n\n    \n\n<li><a href='?page_no=22912'>Last &rsaquo;&rsaquo;<\/a><\/li>\n\n<\/ul>\n\n\n--><br \/>\n<\/body><\/p>\n","protected":false},"excerpt":{"rendered":"<p>POR JOSE A. THOMAS BANI.- Una comisi\u00f3n del Departamento de Cultura del Ayuntamiento de este municipio participar\u00e1 en el Festival de la Cultura de Origen Caribe\u00f1o mejor conocida como \u00abLa Fiesta del Fuego\u00bb, la cual ser\u00e1 celebrada en Cuba del 3 al 9 julio pr\u00f3ximo. En la actividad participar\u00e1n cerca de 30 pa\u00edses de todo [&hellip;]<\/p>\n","protected":false},"author":3,"featured_media":0,"comment_status":"open","ping_status":"open","sticky":false,"template":"","format":"standard","meta":{"footnotes":""},"categories":[21],"tags":[],"class_list":["post-69939","post","type-post","status-publish","format-standard","hentry","category-cultura"],"_links":{"self":[{"href":"https:\/\/diariodominicano.com\/index.php?rest_route=\/wp\/v2\/posts\/69939","targetHints":{"allow":["GET"]}}],"collection":[{"href":"https:\/\/diariodominicano.com\/index.php?rest_route=\/wp\/v2\/posts"}],"about":[{"href":"https:\/\/diariodominicano.com\/index.php?rest_route=\/wp\/v2\/types\/post"}],"author":[{"embeddable":true,"href":"https:\/\/diariodominicano.com\/index.php?rest_route=\/wp\/v2\/users\/3"}],"replies":[{"embeddable":true,"href":"https:\/\/diariodominicano.com\/index.php?rest_route=%2Fwp%2Fv2%2Fcomments&post=69939"}],"version-history":[{"count":0,"href":"https:\/\/diariodominicano.com\/index.php?rest_route=\/wp\/v2\/posts\/69939\/revisions"}],"wp:attachment":[{"href":"https:\/\/diariodominicano.com\/index.php?rest_route=%2Fwp%2Fv2%2Fmedia&parent=69939"}],"wp:term":[{"taxonomy":"category","embeddable":true,"href":"https:\/\/diariodominicano.com\/index.php?rest_route=%2Fwp%2Fv2%2Fcategories&post=69939"},{"taxonomy":"post_tag","embeddable":true,"href":"https:\/\/diariodominicano.com\/index.php?rest_route=%2Fwp%2Fv2%2Ftags&post=69939"}],"curies":[{"name":"wp","href":"https:\/\/api.w.org\/{rel}","templated":true}]}}