{"id":69936,"date":"2009-06-11T16:39:44","date_gmt":"2009-06-11T16:39:44","guid":{"rendered":"http:\/\/diariodominicano.ddns.net\/?p=69936"},"modified":"2009-06-11T16:39:44","modified_gmt":"2009-06-11T16:39:44","slug":"maritza-rodriguez-la-malvada-de-el-rostro-de-analia-en-focus","status":"publish","type":"post","link":"https:\/\/diariodominicano.com\/?p=69936","title":{"rendered":"Maritza Rodr\u00edguez, la malvada de ?El Rostro de Anal\u00eda? en FOCUS"},"content":{"rendered":"<p><body><\/p>\n<p><img decoding=\"async\" src=\"http:\/\/localhost:8080\/img3\/foco.jpg\" \/>  <\/p>\n<p><span class=\"text1noticias\">Aunque sus inicios en la carrera art\u00edstica los tuvo en las pasarelas como modelo y presentadora de televisi\u00f3n en su natal Colombia, su proyecci\u00f3n internacional la logra al participar de manera exitosa en grandes proyectos televisivos en el g\u00e9nero de las telenovelas.<\/span><\/p>\n<p><span class=\"text1noticias\"> <\/span><\/p>\n<p><span class=\"text1noticias\">Conocida por sus papeles en ?\u00c1ngel Rebelde? como la despiadada Cristal, en ?La Mujer en el Espejo?, su primer trabajo actoral; ?La Revancha?, ?Milagros de Amor? y ?Amantes del Desierto?, su primer protag\u00f3nico; Maritza sigue cosechando triunfos ahora con su personaje de Sara Montiel, la malvada de ?El Rostro de Anal\u00eda?.<\/span><\/p>\n<p><span class=\"text1noticias\"> <\/span><\/p>\n<p><span class=\"text1noticias\">Rodr\u00edguez, radicada en Miami, convers\u00f3 con Carmen Elena Manrique para el p\u00fablico de ?FOCUS? del gran reto que tiene al interpretar a Sara Montiel, una mujer perversa, de bajos instintos, capaz de llegar donde sea para conseguir lo que se propone.<\/span><\/p>\n<p><span class=\"text1noticias\"> <\/span><\/p>\n<p><span class=\"text1noticias\">Adem\u00e1s, esta polifac\u00e9tica mujer nos habla de su rol como empresaria, ya que sumado a su trabajo como actriz es propietaria de una agencia de modelos y actores en Colombia.<\/span><\/p>\n<p><span class=\"text1noticias\"> <\/span><\/p>\n<p><span class=\"text1noticias\">En otro segmento, La Diva trae todas las incidencias del Rep\u00fablica Dominicana Fashion Week. Adem\u00e1s, nos cuenta otra penosa noticia de mujeres del medio asaltadas y en esta ocasi\u00f3n la v\u00edctima fue la ex reina de belleza, Isaura Taveras.<\/span><\/p>\n<p><span class=\"text1noticias\"> <\/span><\/p>\n<p><span class=\"text1noticias\">Si deseas elegir la estrella invitada para la pr\u00f3xima entrevista de ?FOCUS? s\u00f3lo tienes que escribir a focus.cem@gmail.com . Asimismo, puedes enviarnos tus comentarios y sugerencias a esa direcci\u00f3n electr\u00f3nica.<\/span><\/p>\n<\/p>\n<p><span class=\"text1noticias\">?FOCUS? se transmite cada domingo desde las 7:30 de la noche, por Antena Latina.<\/span><\/p>\n<\/p>\n<p><span class=\"text1noticias\">Para contactos de prensa Claudia Mateo, tel\u00e9fono 809-965-2554.<\/span><\/p>\n<h6> 2009-06-11 16:39:44 <\/h6>\n<p><!--\n<link rel=\"stylesheet\" href=\"css\/bootstrap.min.css\">\n\n\n<ul class=\"pagination\">\n\t    \n\t\n\n<li >\n\t<a href='?page_no=21613'>Previous<\/a>\n\t<\/li>\n\n\n       \n    \n\n<li><a href='?page_no=1'>1<\/a><\/li>\n\n\n\n<li><a href='?page_no=2'>2<\/a><\/li>\n\n\n\n<li><a>...<\/a><\/li>\n\n\n\n<li><a href='?page_no=21612'>21612<\/a><\/li>\n\n\n\n<li><a href='?page_no=21613'>21613<\/a><\/li>\n\n\n\n<li class='active'><a>21614<\/a><\/li>\n\n\n\n<li><a href='?page_no=21615'>21615<\/a><\/li>\n\n\n\n<li><a href='?page_no=21616'>21616<\/a><\/li>\n\n\n\n<li><a>...<\/a><\/li>\n\n\n\n<li><a href='?page_no=22911'>22911<\/a><\/li>\n\n\n\n<li><a href='?page_no=22912'>22912<\/a><\/li>\n\n    \n\t\n\n<li >\n\t<a href='?page_no=21615'>Next<\/a>\n\t<\/li>\n\n\n    \n\n<li><a href='?page_no=22912'>Last &rsaquo;&rsaquo;<\/a><\/li>\n\n<\/ul>\n\n\n--><br \/>\n<\/body><\/p>\n","protected":false},"excerpt":{"rendered":"<p>Aunque sus inicios en la carrera art\u00edstica los tuvo en las pasarelas como modelo y presentadora de televisi\u00f3n en su natal Colombia, su proyecci\u00f3n internacional la logra al participar de manera exitosa en grandes proyectos televisivos en el g\u00e9nero de las telenovelas. Conocida por sus papeles en ?\u00c1ngel Rebelde? como la despiadada Cristal, en ?La [&hellip;]<\/p>\n","protected":false},"author":3,"featured_media":0,"comment_status":"open","ping_status":"open","sticky":false,"template":"","format":"standard","meta":{"footnotes":""},"categories":[21],"tags":[],"class_list":["post-69936","post","type-post","status-publish","format-standard","hentry","category-cultura"],"_links":{"self":[{"href":"https:\/\/diariodominicano.com\/index.php?rest_route=\/wp\/v2\/posts\/69936","targetHints":{"allow":["GET"]}}],"collection":[{"href":"https:\/\/diariodominicano.com\/index.php?rest_route=\/wp\/v2\/posts"}],"about":[{"href":"https:\/\/diariodominicano.com\/index.php?rest_route=\/wp\/v2\/types\/post"}],"author":[{"embeddable":true,"href":"https:\/\/diariodominicano.com\/index.php?rest_route=\/wp\/v2\/users\/3"}],"replies":[{"embeddable":true,"href":"https:\/\/diariodominicano.com\/index.php?rest_route=%2Fwp%2Fv2%2Fcomments&post=69936"}],"version-history":[{"count":0,"href":"https:\/\/diariodominicano.com\/index.php?rest_route=\/wp\/v2\/posts\/69936\/revisions"}],"wp:attachment":[{"href":"https:\/\/diariodominicano.com\/index.php?rest_route=%2Fwp%2Fv2%2Fmedia&parent=69936"}],"wp:term":[{"taxonomy":"category","embeddable":true,"href":"https:\/\/diariodominicano.com\/index.php?rest_route=%2Fwp%2Fv2%2Fcategories&post=69936"},{"taxonomy":"post_tag","embeddable":true,"href":"https:\/\/diariodominicano.com\/index.php?rest_route=%2Fwp%2Fv2%2Ftags&post=69936"}],"curies":[{"name":"wp","href":"https:\/\/api.w.org\/{rel}","templated":true}]}}