{"id":69935,"date":"2009-06-12T13:50:05","date_gmt":"2009-06-12T13:50:05","guid":{"rendered":"http:\/\/diariodominicano.ddns.net\/?p=69935"},"modified":"2009-06-12T13:50:05","modified_gmt":"2009-06-12T13:50:05","slug":"madonna-de-vuelta-a-la-pantalla-grande","status":"publish","type":"post","link":"https:\/\/diariodominicano.com\/?p=69935","title":{"rendered":"Madonna, de vuelta a la pantalla grande"},"content":{"rendered":"<p><body><\/p>\n<p><img decoding=\"async\" src=\"img3\/dona.jpg\" \/>  <\/p>\n<p><span class=\"text1noticias\">La cantante ya tiene listo el gui\u00f3n de una nueva pel\u00edcula que rodar\u00e1 en enero <\/span><\/p>\n<\/p>\n<p><span class=\"text1noticias\">EFE &#8211; Roma &#8211; 12\/06\/2009 <\/span><\/p>\n<p><span class=\"text1noticias\"> <\/span><\/p>\n<p><span class=\"text1noticias\">Madonna tiene ya listo el gui\u00f3n de una nueva pel\u00edcula que prev\u00e9 empezar a rodar a partir del pr\u00f3ximo enero y que ser\u00eda su segundo trabajo como directora de cine. As\u00ed lo explica la propia cantante en una entrevista que publica este viernes el diario italiano La Repubblica con motivo del estreno en Italia del primer filme de Madonna como directora, Filth and Wisdom (2008), cuya historia se desarrolla en Londres.<\/span><\/p>\n<\/p>\n<p><span class=\"text1noticias\">\u00abTengo ya listo un gui\u00f3n muy secreto. Haremos el casting en oto\u00f1o y si todo va bien -esto es, si consigo encontrar el dinero- en enero comenzar\u00e9 a rodar\u00bb, revela la cantante y actriz, que a sus 50 a\u00f1os y recientemente divorciada del cineasta brit\u00e1nico Guy Ritchie, no teme a aventurarse porque no se quiere \u00abestancar\u00bb.<\/span><\/p>\n<\/p>\n<p><span class=\"text1noticias\">\u00abEl riesgo es el l\u00edquido amni\u00f3tico del artista. No me asusta, me estimula. Con 50 a\u00f1os no quiero permanecer encerrada en una jaula. Ni quedarme embotellada como agua mineral. Si la etiqueta que me hab\u00e9is atribuido no se corresponde ya con el producto, eso es asunto vuestro\u00bb, sostiene.<\/span><\/p>\n<p><span class=\"text1noticias\">Con antepasados de origen italiano, la reina del pop confiesa estar \u00abmuy contenta\u00bb de que su primera pel\u00edcula se pueda ver en aquel pa\u00eds, cuna del cineasta Federico Fellini (1920-1993), al que la diva siempre ha admirado y en el que pens\u00f3 para dirigir uno de sus v\u00eddeos musicales.<\/span><\/p>\n<\/p>\n<p><span class=\"text1noticias\">\u00abEn 1993 buscaba un director para el clip de Rain y pens\u00e9 enseguida en \u00e9l. Le escrib\u00ed una carta. Me respondi\u00f3 con otra en la que mostraba una negativa cort\u00e9s. Supe s\u00f3lo m\u00e1s tarde que estaba enfermo. Pocos meses despu\u00e9s muri\u00f3\u00bb, explica la cantante. \u00abEse mensaje redactado con su inconfundible caligraf\u00eda -agrega- est\u00e1 enmarcado aqu\u00ed, en el sal\u00f3n de mi casa de Nueva York, al lado de los cuadros de Tamara De Lempicka\u00bb.<\/span><\/p>\n<h6> 2009-06-12 13:50:05 <\/h6>\n<p><!--\n<link rel=\"stylesheet\" href=\"css\/bootstrap.min.css\">\n\n\n<ul class=\"pagination\">\n\t    \n\t\n\n<li >\n\t<a href='?page_no=21612'>Previous<\/a>\n\t<\/li>\n\n\n       \n    \n\n<li><a href='?page_no=1'>1<\/a><\/li>\n\n\n\n<li><a href='?page_no=2'>2<\/a><\/li>\n\n\n\n<li><a>...<\/a><\/li>\n\n\n\n<li><a href='?page_no=21611'>21611<\/a><\/li>\n\n\n\n<li><a href='?page_no=21612'>21612<\/a><\/li>\n\n\n\n<li class='active'><a>21613<\/a><\/li>\n\n\n\n<li><a href='?page_no=21614'>21614<\/a><\/li>\n\n\n\n<li><a href='?page_no=21615'>21615<\/a><\/li>\n\n\n\n<li><a>...<\/a><\/li>\n\n\n\n<li><a href='?page_no=22911'>22911<\/a><\/li>\n\n\n\n<li><a href='?page_no=22912'>22912<\/a><\/li>\n\n    \n\t\n\n<li >\n\t<a href='?page_no=21614'>Next<\/a>\n\t<\/li>\n\n\n    \n\n<li><a href='?page_no=22912'>Last &rsaquo;&rsaquo;<\/a><\/li>\n\n<\/ul>\n\n\n--><br \/>\n<\/body><\/p>\n","protected":false},"excerpt":{"rendered":"<p>La cantante ya tiene listo el gui\u00f3n de una nueva pel\u00edcula que rodar\u00e1 en enero EFE &#8211; Roma &#8211; 12\/06\/2009 Madonna tiene ya listo el gui\u00f3n de una nueva pel\u00edcula que prev\u00e9 empezar a rodar a partir del pr\u00f3ximo enero y que ser\u00eda su segundo trabajo como directora de cine. As\u00ed lo explica la propia [&hellip;]<\/p>\n","protected":false},"author":3,"featured_media":0,"comment_status":"open","ping_status":"open","sticky":false,"template":"","format":"standard","meta":{"footnotes":""},"categories":[21],"tags":[],"class_list":["post-69935","post","type-post","status-publish","format-standard","hentry","category-cultura"],"_links":{"self":[{"href":"https:\/\/diariodominicano.com\/index.php?rest_route=\/wp\/v2\/posts\/69935","targetHints":{"allow":["GET"]}}],"collection":[{"href":"https:\/\/diariodominicano.com\/index.php?rest_route=\/wp\/v2\/posts"}],"about":[{"href":"https:\/\/diariodominicano.com\/index.php?rest_route=\/wp\/v2\/types\/post"}],"author":[{"embeddable":true,"href":"https:\/\/diariodominicano.com\/index.php?rest_route=\/wp\/v2\/users\/3"}],"replies":[{"embeddable":true,"href":"https:\/\/diariodominicano.com\/index.php?rest_route=%2Fwp%2Fv2%2Fcomments&post=69935"}],"version-history":[{"count":0,"href":"https:\/\/diariodominicano.com\/index.php?rest_route=\/wp\/v2\/posts\/69935\/revisions"}],"wp:attachment":[{"href":"https:\/\/diariodominicano.com\/index.php?rest_route=%2Fwp%2Fv2%2Fmedia&parent=69935"}],"wp:term":[{"taxonomy":"category","embeddable":true,"href":"https:\/\/diariodominicano.com\/index.php?rest_route=%2Fwp%2Fv2%2Fcategories&post=69935"},{"taxonomy":"post_tag","embeddable":true,"href":"https:\/\/diariodominicano.com\/index.php?rest_route=%2Fwp%2Fv2%2Ftags&post=69935"}],"curies":[{"name":"wp","href":"https:\/\/api.w.org\/{rel}","templated":true}]}}