{"id":69932,"date":"2009-06-12T14:52:40","date_gmt":"2009-06-12T14:52:40","guid":{"rendered":"http:\/\/diariodominicano.ddns.net\/?p=69932"},"modified":"2009-06-12T14:52:40","modified_gmt":"2009-06-12T14:52:40","slug":"plan-social-lleva-alegria-a-las-fiestas-patronales-de-jarabaoca","status":"publish","type":"post","link":"https:\/\/diariodominicano.com\/?p=69932","title":{"rendered":"PLAN SOCIAL LLEVA ALEGRIA A LAS FIESTAS PATRONALES DE JARABAOCA"},"content":{"rendered":"<p><body><\/p>\n<p><img decoding=\"async\" src=\"http:\/\/localhost:8080\/img3\/patro.jpg\" \/>  <\/p>\n<p><span class=\"text1noticias\">El Plan Social de la Presidencia llev\u00f3 alegr\u00eda a los residentes del municipio de Jarabacoa con motivo de sus fiestas patronales. <\/span><\/p>\n<\/p>\n<p><span class=\"text1noticias\">La actividad se realiz\u00f3 este jueves y fue organizada por la Unidad de Asuntos Culturales del Plan Social, que coordina la cantante Milagros Hern\u00e1ndez (La Loba). La animaci\u00f3n estuvo a cargo del locutor Miguel Ortega.<\/span><\/p>\n<\/p>\n<p><span class=\"text1noticias\">Participaron en la jornada varios artistas, entre ellos el cantante Shire y la orquesta de Jos\u00e9 Pe\u00f1a Suazo, que se encarg\u00f3 de calentar la pista y poner a bailar a los asistentes hasta horas de la madrugada. <\/span><\/p>\n<\/p>\n<p><span class=\"text1noticias\">Tambi\u00e9n se present\u00f3 el show del Karaoke, donde j\u00f3venes de Jarabacoa demostraron sus condiciones art\u00edsticas, recibiendo varios premios por su participaci\u00f3n. El espect\u00e1culo cerr\u00f3 con la exhibici\u00f3n de fuegos artificiales.<\/span><\/p>\n<h6> 2009-06-12 14:52:40 <\/h6>\n<p><!--\n<link rel=\"stylesheet\" href=\"css\/bootstrap.min.css\">\n\n\n<ul class=\"pagination\">\n\t    \n\t\n\n<li >\n\t<a href='?page_no=21609'>Previous<\/a>\n\t<\/li>\n\n\n       \n    \n\n<li><a href='?page_no=1'>1<\/a><\/li>\n\n\n\n<li><a href='?page_no=2'>2<\/a><\/li>\n\n\n\n<li><a>...<\/a><\/li>\n\n\n\n<li><a href='?page_no=21608'>21608<\/a><\/li>\n\n\n\n<li><a href='?page_no=21609'>21609<\/a><\/li>\n\n\n\n<li class='active'><a>21610<\/a><\/li>\n\n\n\n<li><a href='?page_no=21611'>21611<\/a><\/li>\n\n\n\n<li><a href='?page_no=21612'>21612<\/a><\/li>\n\n\n\n<li><a>...<\/a><\/li>\n\n\n\n<li><a href='?page_no=22911'>22911<\/a><\/li>\n\n\n\n<li><a href='?page_no=22912'>22912<\/a><\/li>\n\n    \n\t\n\n<li >\n\t<a href='?page_no=21611'>Next<\/a>\n\t<\/li>\n\n\n    \n\n<li><a href='?page_no=22912'>Last &rsaquo;&rsaquo;<\/a><\/li>\n\n<\/ul>\n\n\n--><br \/>\n<\/body><\/p>\n","protected":false},"excerpt":{"rendered":"<p>El Plan Social de la Presidencia llev\u00f3 alegr\u00eda a los residentes del municipio de Jarabacoa con motivo de sus fiestas patronales. La actividad se realiz\u00f3 este jueves y fue organizada por la Unidad de Asuntos Culturales del Plan Social, que coordina la cantante Milagros Hern\u00e1ndez (La Loba). La animaci\u00f3n estuvo a cargo del locutor Miguel [&hellip;]<\/p>\n","protected":false},"author":3,"featured_media":0,"comment_status":"open","ping_status":"open","sticky":false,"template":"","format":"standard","meta":{"footnotes":""},"categories":[21],"tags":[],"class_list":["post-69932","post","type-post","status-publish","format-standard","hentry","category-cultura"],"_links":{"self":[{"href":"https:\/\/diariodominicano.com\/index.php?rest_route=\/wp\/v2\/posts\/69932","targetHints":{"allow":["GET"]}}],"collection":[{"href":"https:\/\/diariodominicano.com\/index.php?rest_route=\/wp\/v2\/posts"}],"about":[{"href":"https:\/\/diariodominicano.com\/index.php?rest_route=\/wp\/v2\/types\/post"}],"author":[{"embeddable":true,"href":"https:\/\/diariodominicano.com\/index.php?rest_route=\/wp\/v2\/users\/3"}],"replies":[{"embeddable":true,"href":"https:\/\/diariodominicano.com\/index.php?rest_route=%2Fwp%2Fv2%2Fcomments&post=69932"}],"version-history":[{"count":0,"href":"https:\/\/diariodominicano.com\/index.php?rest_route=\/wp\/v2\/posts\/69932\/revisions"}],"wp:attachment":[{"href":"https:\/\/diariodominicano.com\/index.php?rest_route=%2Fwp%2Fv2%2Fmedia&parent=69932"}],"wp:term":[{"taxonomy":"category","embeddable":true,"href":"https:\/\/diariodominicano.com\/index.php?rest_route=%2Fwp%2Fv2%2Fcategories&post=69932"},{"taxonomy":"post_tag","embeddable":true,"href":"https:\/\/diariodominicano.com\/index.php?rest_route=%2Fwp%2Fv2%2Ftags&post=69932"}],"curies":[{"name":"wp","href":"https:\/\/api.w.org\/{rel}","templated":true}]}}