{"id":69931,"date":"2009-06-12T15:23:38","date_gmt":"2009-06-12T15:23:38","guid":{"rendered":"http:\/\/diariodominicano.ddns.net\/?p=69931"},"modified":"2009-06-12T15:23:38","modified_gmt":"2009-06-12T15:23:38","slug":"sindico-pide-recordar-gesta","status":"publish","type":"post","link":"https:\/\/diariodominicano.com\/?p=69931","title":{"rendered":"SINDICO PIDE RECORDAR GESTA"},"content":{"rendered":"<p><body><\/p>\n<p><span class=\"text1noticias\">SANTIAGO.-El sindico Jos\u00e9 Enrique Sued Sem ha pedido al pueblo dominicano recordar con devoci\u00f3n, respeto y patriotismo a los h\u00e9roes y m\u00e1rtires del 14 de junio de 1959, al cumplirse este domingo el 50 aniversario de la gesta. <\/span><\/p>\n<p><span class=\"text1noticias\">  <\/span><\/p>\n<p><span class=\"text1noticias\">Sued Sem dijo que los dominicanos siempre estar\u00e1n ?en deuda de gratitud? con los hombres y mujeres que vinieron a inmolarse para devolverle al pa\u00eds la libertad conculcada por la dictadura trujillista. <\/span><\/p>\n<p><span class=\"text1noticias\">  <\/span><\/p>\n<p><span class=\"text1noticias\">Durante la administraci\u00f3n municipal se ha mantenido el esfuerzo para rescatar del olvido a los h\u00e9roes de esta gesta, y a los sobrevivientes se les ha rendido homenaje con la designaci\u00f3n de calles y avenidas con sus nombres. <\/span><\/p>\n<p><span class=\"text1noticias\">  <\/span><\/p>\n<p><span class=\"text1noticias\">Est\u00e1 el caso de la avenida Poncio Pou Saleta, que penetra desde la 27 de Febrero hacia el sector Los Jardines Metropolitanos, y la calle al Comandante Delio G\u00f3mez Ochoa, ubicada en la urbanizaci\u00f3n Ricardo-Tito-Hern\u00e1ndez. <\/span><\/p>\n<p><span class=\"text1noticias\">  <\/span><\/p>\n<p><span class=\"text1noticias\">Mientras que para el 18 de los corrientes, es decir el pr\u00f3ximo jueves, el sindico Sued Sem junto a otros funcionarios municipales encabezar\u00e1n la inauguraci\u00f3n de un Monumento a los h\u00e9roes y m\u00e1rtires del 14 de junio. <\/span><\/p>\n<p><span class=\"text1noticias\">  <\/span><\/p>\n<p><span class=\"text1noticias\">Esta obra, a la que obreros del cabildo dan los \u00faltimos toques, se construye en Los Jardines Metropolitanos, coincidencialmente al final de la Avenida Poncio Pou Saleta.   <\/span><\/p>\n<p><span class=\"text1noticias\">  <\/span><\/p>\n<p><span class=\"text1noticias\">?Pero es que no debemos nunca olvidar el gesto sin precedentes de estos h\u00e9roes que, aun a sabiendas que ven\u00edan a entregarse en los brazos de la patria, nunca sintieron miedo ni arrepentimiento con todo y que conoc\u00edan la ferocidad del r\u00e9gimen trujillista?, sostuvo el sindico Sued. <\/span><\/p>\n<p><span class=\"text1noticias\">  <\/span><\/p>\n<p><span class=\"text1noticias\">La fecha se cumple este domingo pero desde hace d\u00edas en el pa\u00eds se realizan m\u00faltiples actividades de recordaci\u00f3n, concentr\u00e1ndose las principales en Constanza, Santo Domingo, Puerto Plata y esta ciudad de Santiago. <\/span><\/p>\n<p><span class=\"text1noticias\">  <\/span><\/p>\n<p><span class=\"text1noticias\">El Ayuntamiento de este municipio invita formalmente a los distintos sectores para que participen de la inauguraci\u00f3n del Monumento al 14 de junio, en el cual figuraran los nombres de los santiagueros participantes en esa gesta. <\/span><\/p>\n<h6> 2009-06-12 15:23:38 <\/h6>\n<p><!--\n<link rel=\"stylesheet\" href=\"css\/bootstrap.min.css\">\n\n\n<ul class=\"pagination\">\n\t    \n\t\n\n<li >\n\t<a href='?page_no=21608'>Previous<\/a>\n\t<\/li>\n\n\n       \n    \n\n<li><a href='?page_no=1'>1<\/a><\/li>\n\n\n\n<li><a href='?page_no=2'>2<\/a><\/li>\n\n\n\n<li><a>...<\/a><\/li>\n\n\n\n<li><a href='?page_no=21607'>21607<\/a><\/li>\n\n\n\n<li><a href='?page_no=21608'>21608<\/a><\/li>\n\n\n\n<li class='active'><a>21609<\/a><\/li>\n\n\n\n<li><a href='?page_no=21610'>21610<\/a><\/li>\n\n\n\n<li><a href='?page_no=21611'>21611<\/a><\/li>\n\n\n\n<li><a>...<\/a><\/li>\n\n\n\n<li><a href='?page_no=22911'>22911<\/a><\/li>\n\n\n\n<li><a href='?page_no=22912'>22912<\/a><\/li>\n\n    \n\t\n\n<li >\n\t<a href='?page_no=21610'>Next<\/a>\n\t<\/li>\n\n\n    \n\n<li><a href='?page_no=22912'>Last &rsaquo;&rsaquo;<\/a><\/li>\n\n<\/ul>\n\n\n--><br \/>\n<\/body><\/p>\n","protected":false},"excerpt":{"rendered":"<p>SANTIAGO.-El sindico Jos\u00e9 Enrique Sued Sem ha pedido al pueblo dominicano recordar con devoci\u00f3n, respeto y patriotismo a los h\u00e9roes y m\u00e1rtires del 14 de junio de 1959, al cumplirse este domingo el 50 aniversario de la gesta. Sued Sem dijo que los dominicanos siempre estar\u00e1n ?en deuda de gratitud? con los hombres y mujeres [&hellip;]<\/p>\n","protected":false},"author":3,"featured_media":0,"comment_status":"open","ping_status":"open","sticky":false,"template":"","format":"standard","meta":{"footnotes":""},"categories":[21],"tags":[],"class_list":["post-69931","post","type-post","status-publish","format-standard","hentry","category-cultura"],"_links":{"self":[{"href":"https:\/\/diariodominicano.com\/index.php?rest_route=\/wp\/v2\/posts\/69931","targetHints":{"allow":["GET"]}}],"collection":[{"href":"https:\/\/diariodominicano.com\/index.php?rest_route=\/wp\/v2\/posts"}],"about":[{"href":"https:\/\/diariodominicano.com\/index.php?rest_route=\/wp\/v2\/types\/post"}],"author":[{"embeddable":true,"href":"https:\/\/diariodominicano.com\/index.php?rest_route=\/wp\/v2\/users\/3"}],"replies":[{"embeddable":true,"href":"https:\/\/diariodominicano.com\/index.php?rest_route=%2Fwp%2Fv2%2Fcomments&post=69931"}],"version-history":[{"count":0,"href":"https:\/\/diariodominicano.com\/index.php?rest_route=\/wp\/v2\/posts\/69931\/revisions"}],"wp:attachment":[{"href":"https:\/\/diariodominicano.com\/index.php?rest_route=%2Fwp%2Fv2%2Fmedia&parent=69931"}],"wp:term":[{"taxonomy":"category","embeddable":true,"href":"https:\/\/diariodominicano.com\/index.php?rest_route=%2Fwp%2Fv2%2Fcategories&post=69931"},{"taxonomy":"post_tag","embeddable":true,"href":"https:\/\/diariodominicano.com\/index.php?rest_route=%2Fwp%2Fv2%2Ftags&post=69931"}],"curies":[{"name":"wp","href":"https:\/\/api.w.org\/{rel}","templated":true}]}}