{"id":69930,"date":"2009-06-12T19:51:19","date_gmt":"2009-06-12T19:51:19","guid":{"rendered":"http:\/\/diariodominicano.ddns.net\/?p=69930"},"modified":"2009-06-12T19:51:19","modified_gmt":"2009-06-12T19:51:19","slug":"subsecretario-de-estado-de-cultura-mateo-morrison-representara-el-pais-en-la-unesco","status":"publish","type":"post","link":"https:\/\/diariodominicano.com\/?p=69930","title":{"rendered":"Subsecretario de Estado de Cultura Mateo Morrison representar\u00e1 el pa\u00eds en la UNESCO"},"content":{"rendered":"<p><body><\/p>\n<p><img decoding=\"async\" src=\"img3\/mateo.jpg\" \/>  <\/p>\n<p><span class=\"text1noticias\">La Secretar\u00eda de Estado de Cultura estar\u00e1 representada en la ?Primera Convenci\u00f3n sobre la protecci\u00f3n y promoci\u00f3n de la diversidad de las expresiones culturales?, a efectuarse en la sede de la UNESCO en Par\u00eds, del 15 al 18 de junio del a\u00f1o en curso.<\/span><\/p>\n<p><span class=\"text1noticias\"> <\/span><\/p>\n<p><span class=\"text1noticias\">Mateo Morrison, Subsecretario de Desarrollo Institucional, asistir\u00e1 a la Convenci\u00f3n en representaci\u00f3n del Secretario de Estado de Cultura, Jos\u00e9 Rafael Lantigua, y expondr\u00e1 el tema: ?La Rep\u00fablica Dominicana, un espacio para la diversidad de las expresiones culturales?.  <\/span><\/p>\n<p><span class=\"text1noticias\"> <\/span><\/p>\n<p><span class=\"text1noticias\">Entre los objetivos principales de la Convenci\u00f3n se encuentran: ?Proteger y promover la diversidad de las expresiones culturales? y ?Crear las condiciones para que las culturas puedan prosperar y mantener interacciones libremente de forma mutuamente provechosa?.<\/span><\/p>\n<\/p>\n<p><span class=\"text1noticias\">As\u00ed como  ?Fomentar el di\u00e1logo entre culturas a fin de garantizar intercambios culturales m\u00e1s amplio y equilibrados en el mundo en pro del respeto intercultural y una cultura de paz?, ?Promover el respeto de la diversidad de las expresiones culturales y hacer cobrar conciencia de su valor en el plano local, nacional e internacional? y otros t\u00f3picos de inter\u00e9s.<\/span><\/p>\n<\/p>\n<p><span class=\"text1noticias\">La Convenci\u00f3n sobre la protecci\u00f3n y promoci\u00f3n de la diversidad de las expresiones culturales fue aprobada en Paris, el 20 de octubre 2005 en su 33va. Reuni\u00f3n de la UNESCO, y ratificada por el Estado Dominicano.<\/span><\/p>\n<h6> 2009-06-12 19:51:19 <\/h6>\n<p><!--\n<link rel=\"stylesheet\" href=\"css\/bootstrap.min.css\">\n\n\n<ul class=\"pagination\">\n\t    \n\t\n\n<li >\n\t<a href='?page_no=21607'>Previous<\/a>\n\t<\/li>\n\n\n       \n    \n\n<li><a href='?page_no=1'>1<\/a><\/li>\n\n\n\n<li><a href='?page_no=2'>2<\/a><\/li>\n\n\n\n<li><a>...<\/a><\/li>\n\n\n\n<li><a href='?page_no=21606'>21606<\/a><\/li>\n\n\n\n<li><a href='?page_no=21607'>21607<\/a><\/li>\n\n\n\n<li class='active'><a>21608<\/a><\/li>\n\n\n\n<li><a href='?page_no=21609'>21609<\/a><\/li>\n\n\n\n<li><a href='?page_no=21610'>21610<\/a><\/li>\n\n\n\n<li><a>...<\/a><\/li>\n\n\n\n<li><a href='?page_no=22911'>22911<\/a><\/li>\n\n\n\n<li><a href='?page_no=22912'>22912<\/a><\/li>\n\n    \n\t\n\n<li >\n\t<a href='?page_no=21609'>Next<\/a>\n\t<\/li>\n\n\n    \n\n<li><a href='?page_no=22912'>Last &rsaquo;&rsaquo;<\/a><\/li>\n\n<\/ul>\n\n\n--><br \/>\n<\/body><\/p>\n","protected":false},"excerpt":{"rendered":"<p>La Secretar\u00eda de Estado de Cultura estar\u00e1 representada en la ?Primera Convenci\u00f3n sobre la protecci\u00f3n y promoci\u00f3n de la diversidad de las expresiones culturales?, a efectuarse en la sede de la UNESCO en Par\u00eds, del 15 al 18 de junio del a\u00f1o en curso. Mateo Morrison, Subsecretario de Desarrollo Institucional, asistir\u00e1 a la Convenci\u00f3n en [&hellip;]<\/p>\n","protected":false},"author":3,"featured_media":0,"comment_status":"open","ping_status":"open","sticky":false,"template":"","format":"standard","meta":{"footnotes":""},"categories":[21],"tags":[],"class_list":["post-69930","post","type-post","status-publish","format-standard","hentry","category-cultura"],"_links":{"self":[{"href":"https:\/\/diariodominicano.com\/index.php?rest_route=\/wp\/v2\/posts\/69930","targetHints":{"allow":["GET"]}}],"collection":[{"href":"https:\/\/diariodominicano.com\/index.php?rest_route=\/wp\/v2\/posts"}],"about":[{"href":"https:\/\/diariodominicano.com\/index.php?rest_route=\/wp\/v2\/types\/post"}],"author":[{"embeddable":true,"href":"https:\/\/diariodominicano.com\/index.php?rest_route=\/wp\/v2\/users\/3"}],"replies":[{"embeddable":true,"href":"https:\/\/diariodominicano.com\/index.php?rest_route=%2Fwp%2Fv2%2Fcomments&post=69930"}],"version-history":[{"count":0,"href":"https:\/\/diariodominicano.com\/index.php?rest_route=\/wp\/v2\/posts\/69930\/revisions"}],"wp:attachment":[{"href":"https:\/\/diariodominicano.com\/index.php?rest_route=%2Fwp%2Fv2%2Fmedia&parent=69930"}],"wp:term":[{"taxonomy":"category","embeddable":true,"href":"https:\/\/diariodominicano.com\/index.php?rest_route=%2Fwp%2Fv2%2Fcategories&post=69930"},{"taxonomy":"post_tag","embeddable":true,"href":"https:\/\/diariodominicano.com\/index.php?rest_route=%2Fwp%2Fv2%2Ftags&post=69930"}],"curies":[{"name":"wp","href":"https:\/\/api.w.org\/{rel}","templated":true}]}}