{"id":69928,"date":"2009-06-15T14:07:30","date_gmt":"2009-06-15T14:07:30","guid":{"rendered":"http:\/\/diariodominicano.ddns.net\/?p=69928"},"modified":"2009-06-15T14:07:30","modified_gmt":"2009-06-15T14:07:30","slug":"imparte-curso-avanzado-de-desarrollo-de-la-creatividad-infantil-en-el-museo-del-hombre-dominicano","status":"publish","type":"post","link":"https:\/\/diariodominicano.com\/?p=69928","title":{"rendered":"Imparte Curso avanzado de Desarrollo de la creatividad infantil en el Museo del Hombre Dominicano"},"content":{"rendered":"<p><body><\/p>\n<p><img decoding=\"async\" src=\"img3\/pinto.jpg\" \/>  <\/p>\n<p><span class=\"text1noticias\">SANTO DOMINGO.  Con el fin de desarrollar las capacidades creativas y expresivas de los ni\u00f1os, el destacado artista pl\u00e1stico Sergio Minaya  ha dise\u00f1ado una serie de Talleres Infantiles, los cuales a trav\u00e9s de la manipulaci\u00f3n de diversos materiales pl\u00e1sticos (pintura, modelado) buscan incentivar a los ni\u00f1os a desarrolla su visualidad y expresi\u00f3n.<\/span><\/p>\n<\/p>\n<p><span class=\"text1noticias\">Las inscripciones, abiertas desde las pasadas semana en las oficinas del MHD, informa Minaya,  ser\u00e1 para ni\u00f1os de 6 a 14 a\u00f1os,  ?todos los interesados pueden llamar al 809-687-3622 Ext. 23 o 809-221-1091, su costo es de 1,000 pesos mensuales, y el curso es sin limite de tiempo, el costo incluye un din\u00e1mico programa con t\u00e9cnicas de dibujo y pintura, actividades recreativas y certificado?.<\/span><\/p>\n<\/p>\n<p><span class=\"text1noticias\">Aclara que los cursos  de pintura y creatividad infantil tienen como maestros invitados a Elsa N\u00fa\u00f1ez, Osiris G\u00f3mez, Guillo P\u00e9rez y Antonio Guadalupe, ?Cada semana los ni\u00f1os tendr\u00e1n unos de estos artistas ense\u00f1\u00e1ndole sus t\u00e9cnicas y la forma m\u00e1s id\u00f3neas y r\u00e1pida de  hacer una obra de arte a mediana edad?.<\/span><\/p>\n<\/p>\n<p><span class=\"text1noticias\">Resalta que cada s\u00e1bado de 2:00 a 5:00 de las tardes los ni\u00f1os recibir\u00e1n clases para aprender a pintar su propios cuadros,  ?(marinas, bodegones, figuras humanas, rostros, perspectivas, t\u00e9cnicas mixtas, y muy especialmente visitas a los museos de arte existente en el distrito nacional) forman partes de su tarea cada s\u00e1bado?.<\/span><\/p>\n<\/p>\n<p><span class=\"text1noticias\">Minaya indica  que el ni\u00f1@s debe d\u00e1rsele la libertad de desarrollar el amor por el arte y la cultura a temprana edad, as\u00ed como ayudarlo a incentivarlo al conocimiento, valorando lo que hacen con sentimiento, est\u00e9tica, cultivando sus destrezas, imaginaci\u00f3n y creatividad.<\/span><\/p>\n<\/p>\n<p><span class=\"text1noticias\">Manifiesta que esto es una excelente terapia para el crecimiento del ni\u00f1@s, la mejor forma de reflejar sus emociones, expresiones, sentimientos y canalizar sus energ\u00edas, ?Como las clases se imparte todo el a\u00f1o, los ni\u00f1@s que deseen seguir adquiriendo conocimiento en el arte podr\u00e1n recibir asesor\u00eda y recomendaciones de los profesores, pues cada curso ofrecen t\u00e9cnicas diferentes?.<\/span><\/p>\n<\/p>\n<p><span class=\"text1noticias\">Es de inter\u00e9s ?explica Minaya-  que para estimular y motivar a los ni\u00f1@s en las clases de expresi\u00f3n pl\u00e1stica, las profesoras y profesores deben incrementar incentivos que est\u00e9n acordes a sus edades, ya que sus condiciones ambientales para ello se debe establecer un di\u00e1logo tanto individual como grupal, saberlos motivar, saber ambientar el tema o motivo que se va a desarrollar, abrirles el inter\u00e9s hacia aquello que van a realizar, ?Si esto no se hace, caemos en la apat\u00eda del alumnado, en la repetici\u00f3n de temas y dibujos estereotipados que se realizan en la mayor\u00eda de las escuelas?.<\/span><\/p>\n<h6> 2009-06-15 14:07:30 <\/h6>\n<p><!--\n<link rel=\"stylesheet\" href=\"css\/bootstrap.min.css\">\n\n\n<ul class=\"pagination\">\n\t    \n\t\n\n<li >\n\t<a href='?page_no=21605'>Previous<\/a>\n\t<\/li>\n\n\n       \n    \n\n<li><a href='?page_no=1'>1<\/a><\/li>\n\n\n\n<li><a href='?page_no=2'>2<\/a><\/li>\n\n\n\n<li><a>...<\/a><\/li>\n\n\n\n<li><a href='?page_no=21604'>21604<\/a><\/li>\n\n\n\n<li><a href='?page_no=21605'>21605<\/a><\/li>\n\n\n\n<li class='active'><a>21606<\/a><\/li>\n\n\n\n<li><a href='?page_no=21607'>21607<\/a><\/li>\n\n\n\n<li><a href='?page_no=21608'>21608<\/a><\/li>\n\n\n\n<li><a>...<\/a><\/li>\n\n\n\n<li><a href='?page_no=22911'>22911<\/a><\/li>\n\n\n\n<li><a href='?page_no=22912'>22912<\/a><\/li>\n\n    \n\t\n\n<li >\n\t<a href='?page_no=21607'>Next<\/a>\n\t<\/li>\n\n\n    \n\n<li><a href='?page_no=22912'>Last &rsaquo;&rsaquo;<\/a><\/li>\n\n<\/ul>\n\n\n--><br \/>\n<\/body><\/p>\n","protected":false},"excerpt":{"rendered":"<p>SANTO DOMINGO. Con el fin de desarrollar las capacidades creativas y expresivas de los ni\u00f1os, el destacado artista pl\u00e1stico Sergio Minaya ha dise\u00f1ado una serie de Talleres Infantiles, los cuales a trav\u00e9s de la manipulaci\u00f3n de diversos materiales pl\u00e1sticos (pintura, modelado) buscan incentivar a los ni\u00f1os a desarrolla su visualidad y expresi\u00f3n. Las inscripciones, abiertas [&hellip;]<\/p>\n","protected":false},"author":3,"featured_media":0,"comment_status":"open","ping_status":"open","sticky":false,"template":"","format":"standard","meta":{"footnotes":""},"categories":[21],"tags":[],"class_list":["post-69928","post","type-post","status-publish","format-standard","hentry","category-cultura"],"_links":{"self":[{"href":"https:\/\/diariodominicano.com\/index.php?rest_route=\/wp\/v2\/posts\/69928","targetHints":{"allow":["GET"]}}],"collection":[{"href":"https:\/\/diariodominicano.com\/index.php?rest_route=\/wp\/v2\/posts"}],"about":[{"href":"https:\/\/diariodominicano.com\/index.php?rest_route=\/wp\/v2\/types\/post"}],"author":[{"embeddable":true,"href":"https:\/\/diariodominicano.com\/index.php?rest_route=\/wp\/v2\/users\/3"}],"replies":[{"embeddable":true,"href":"https:\/\/diariodominicano.com\/index.php?rest_route=%2Fwp%2Fv2%2Fcomments&post=69928"}],"version-history":[{"count":0,"href":"https:\/\/diariodominicano.com\/index.php?rest_route=\/wp\/v2\/posts\/69928\/revisions"}],"wp:attachment":[{"href":"https:\/\/diariodominicano.com\/index.php?rest_route=%2Fwp%2Fv2%2Fmedia&parent=69928"}],"wp:term":[{"taxonomy":"category","embeddable":true,"href":"https:\/\/diariodominicano.com\/index.php?rest_route=%2Fwp%2Fv2%2Fcategories&post=69928"},{"taxonomy":"post_tag","embeddable":true,"href":"https:\/\/diariodominicano.com\/index.php?rest_route=%2Fwp%2Fv2%2Ftags&post=69928"}],"curies":[{"name":"wp","href":"https:\/\/api.w.org\/{rel}","templated":true}]}}