{"id":69927,"date":"2009-06-15T14:43:15","date_gmt":"2009-06-15T14:43:15","guid":{"rendered":"http:\/\/diariodominicano.ddns.net\/?p=69927"},"modified":"2009-06-15T14:43:15","modified_gmt":"2009-06-15T14:43:15","slug":"loteria-nacional-patrocina-fiestas-patronales-de-los-alcarrizos","status":"publish","type":"post","link":"https:\/\/diariodominicano.com\/?p=69927","title":{"rendered":"Loter\u00eda Nacional patrocina fiestas patronales de Los Alcarrizos"},"content":{"rendered":"<p><body><\/p>\n<p><img decoding=\"async\" src=\"img3\/patron.jpg\" \/>  <\/p>\n<p><span class=\"text1noticias\">Santo Domingo.- La Loter\u00eda Nacional patrocin\u00f3   las fiestas patronales en honor a San Antonio  de P\u00e1dua del sector Los Alcarrizos, en Santo Domingo Oeste.<\/span><\/p>\n<p><span class=\"text1noticias\"> <\/span><\/p>\n<p><span class=\"text1noticias\">La actividad, organizada por la Junta de Vecinos Ana Celia P\u00e9rez en coordinaci\u00f3n con la Fundaci\u00f3n Di\u00f3genes Remigio, se desarroll\u00f3 el pasado s\u00e1bado, con la participaci\u00f3n de miles de personas de diferentes barrios del referido sector capitalino.<\/span><\/p>\n<p><span class=\"text1noticias\"> <\/span><\/p>\n<p><span class=\"text1noticias\">Para la ocasi\u00f3n, la Loter\u00eda Nacional dispuso  de unas 5 mil raciones de comida cocinada para los asistentes, preparada en el mismo entorno de las patronales en una de las cocinas m\u00f3viles de los Comedores Econ\u00f3micos del Estado.<\/span><\/p>\n<\/p>\n<p><span class=\"text1noticias\">Tambi\u00e9n rif\u00f3 50 electrodom\u00e9sticos y otorg\u00f3 10 mil pesos en efectivo al ganador del ?palo encebao?  y las medallas y trofeos de las diferentes disciplinas deportivas y juegos recreativos tradicionales. <\/span><\/p>\n<\/p>\n<p><span class=\"text1noticias\">De manera simult\u00e1nea, el Departamento de Desarrollo y Asistencia, dirigido por Mar\u00eda Luna Espaillat, asisti\u00f3 a decenas de  moradores con un operativo odontol\u00f3gico, llevado a cabo en dos unidades  m\u00f3viles especializadas de la entidad. <\/span><\/p>\n<\/p>\n<p><span class=\"text1noticias\"> La coordinaci\u00f3n general de las actividades de las patronales estuvo a cargo del  sub administrador de la Loter\u00eda, Di\u00f3genes Remigio, quien destac\u00f3 el gran apoyo dado por el administrador general Jos\u00e9 Francisco Pe\u00f1a Guaba para la ejecuci\u00f3n de la misma. <\/span><\/p>\n<\/p>\n<p><span class=\"text1noticias\">Asimismo, el presiente de la Junta de Vecinos Ana Celia P\u00e9rez Jos\u00e9 E. Rodr\u00edguez, agradeci\u00f3 en nombre de la comunidad todo el respaldo econ\u00f3mico y log\u00edstico dispuesto por la Loter\u00eda Nacional para la actividad. <\/span><\/p>\n<h6> 2009-06-15 14:43:15 <\/h6>\n<p><!--\n<link rel=\"stylesheet\" href=\"css\/bootstrap.min.css\">\n\n\n<ul class=\"pagination\">\n\t    \n\t\n\n<li >\n\t<a href='?page_no=21604'>Previous<\/a>\n\t<\/li>\n\n\n       \n    \n\n<li><a href='?page_no=1'>1<\/a><\/li>\n\n\n\n<li><a href='?page_no=2'>2<\/a><\/li>\n\n\n\n<li><a>...<\/a><\/li>\n\n\n\n<li><a href='?page_no=21603'>21603<\/a><\/li>\n\n\n\n<li><a href='?page_no=21604'>21604<\/a><\/li>\n\n\n\n<li class='active'><a>21605<\/a><\/li>\n\n\n\n<li><a href='?page_no=21606'>21606<\/a><\/li>\n\n\n\n<li><a href='?page_no=21607'>21607<\/a><\/li>\n\n\n\n<li><a>...<\/a><\/li>\n\n\n\n<li><a href='?page_no=22911'>22911<\/a><\/li>\n\n\n\n<li><a href='?page_no=22912'>22912<\/a><\/li>\n\n    \n\t\n\n<li >\n\t<a href='?page_no=21606'>Next<\/a>\n\t<\/li>\n\n\n    \n\n<li><a href='?page_no=22912'>Last &rsaquo;&rsaquo;<\/a><\/li>\n\n<\/ul>\n\n\n--><br \/>\n<\/body><\/p>\n","protected":false},"excerpt":{"rendered":"<p>Santo Domingo.- La Loter\u00eda Nacional patrocin\u00f3 las fiestas patronales en honor a San Antonio de P\u00e1dua del sector Los Alcarrizos, en Santo Domingo Oeste. La actividad, organizada por la Junta de Vecinos Ana Celia P\u00e9rez en coordinaci\u00f3n con la Fundaci\u00f3n Di\u00f3genes Remigio, se desarroll\u00f3 el pasado s\u00e1bado, con la participaci\u00f3n de miles de personas de [&hellip;]<\/p>\n","protected":false},"author":3,"featured_media":0,"comment_status":"open","ping_status":"open","sticky":false,"template":"","format":"standard","meta":{"footnotes":""},"categories":[21],"tags":[],"class_list":["post-69927","post","type-post","status-publish","format-standard","hentry","category-cultura"],"_links":{"self":[{"href":"https:\/\/diariodominicano.com\/index.php?rest_route=\/wp\/v2\/posts\/69927","targetHints":{"allow":["GET"]}}],"collection":[{"href":"https:\/\/diariodominicano.com\/index.php?rest_route=\/wp\/v2\/posts"}],"about":[{"href":"https:\/\/diariodominicano.com\/index.php?rest_route=\/wp\/v2\/types\/post"}],"author":[{"embeddable":true,"href":"https:\/\/diariodominicano.com\/index.php?rest_route=\/wp\/v2\/users\/3"}],"replies":[{"embeddable":true,"href":"https:\/\/diariodominicano.com\/index.php?rest_route=%2Fwp%2Fv2%2Fcomments&post=69927"}],"version-history":[{"count":0,"href":"https:\/\/diariodominicano.com\/index.php?rest_route=\/wp\/v2\/posts\/69927\/revisions"}],"wp:attachment":[{"href":"https:\/\/diariodominicano.com\/index.php?rest_route=%2Fwp%2Fv2%2Fmedia&parent=69927"}],"wp:term":[{"taxonomy":"category","embeddable":true,"href":"https:\/\/diariodominicano.com\/index.php?rest_route=%2Fwp%2Fv2%2Fcategories&post=69927"},{"taxonomy":"post_tag","embeddable":true,"href":"https:\/\/diariodominicano.com\/index.php?rest_route=%2Fwp%2Fv2%2Ftags&post=69927"}],"curies":[{"name":"wp","href":"https:\/\/api.w.org\/{rel}","templated":true}]}}