{"id":69924,"date":"2009-06-17T14:15:04","date_gmt":"2009-06-17T14:15:04","guid":{"rendered":"http:\/\/diariodominicano.ddns.net\/?p=69924"},"modified":"2009-06-17T14:15:04","modified_gmt":"2009-06-17T14:15:04","slug":"presentan-concierto-la-mujer-en-el-pensamiento-y-obra-de-juan-boschcon-la-artista-nicaraguense-norma-elena-gadea","status":"publish","type":"post","link":"https:\/\/diariodominicano.com\/?p=69924","title":{"rendered":"Presentan concierto ?La Mujer en el pensamiento y obra de Juan Bosch?con la artista nicarag\u00fcense Norma Elena Gadea"},"content":{"rendered":"<p><body><\/p>\n<p><img decoding=\"async\" src=\"img3\/concert.jpg\" \/>  <\/p>\n<p><span class=\"text1noticias\">Puerto Plata.- A casa llena en el centro regional universitario, y con la interpretaci\u00f3n magistral de la artista nicarag\u00fcense Norma Elena Gadea, fue presentado en esta provincia el concierto ?La Mujer en el pensamiento y obra de Juan Bosch?, homenaje organizado por la Gobernaci\u00f3n y el Comit\u00e9 Provincial Francisco Brugal Mateo (Panchito), para la conmemoraci\u00f3n del natalicio de Juan Bosch.<\/span><\/p>\n<\/p>\n<p><span class=\"text1noticias\">El espect\u00e1culo inici\u00f3 con el recibimiento de los invitados en la parte frontal del auditorio, por parte del comit\u00e9 organizador, luego la Gobernadora Provincial, se\u00f1ora Eridania Llibre Ortiz, pronunci\u00f3 las palabras de bienvenida a los m\u00e1s de 500 espectadores y a una delegaci\u00f3n de la Comisi\u00f3n Nacional Centenario Juan Bosch, conformada por su oficial de comunicaci\u00f3n, Ricardo Vega, Maritza Merejo y Sherezada Vicioso (Chiqui), invitados al acto.<\/span><\/p>\n<\/p>\n<p><span class=\"text1noticias\">El arquitecto Arsenio D\u00edaz destac\u00f3 las cualidades del pensamiento del profesor Bosch y los artistas puertoplate\u00f1os Segundo R. Santana y Rafael Nino Hern\u00e1ndez, acompa\u00f1aron a la nicarag\u00fcense interpretando varias canciones y multiplicando con sus voces, su cari\u00f1o y admiraci\u00f3n por el profesor Bosch, los vivas y aplausos de los presentes. <\/span><\/p>\n<\/p>\n<p><span class=\"text1noticias\">Norma Elena Gadea estuvo acompa\u00f1ada del guitarrista Eduardo Araica. El espect\u00e1culo tuvo una duraci\u00f3n de una hora veinte y cinco minutos y en todo momento el p\u00fablico se mantuvo a la expectativa de la extraordinaria calidad interpretativa de Gadea.<\/span><\/p>\n<\/p>\n<p><span class=\"text1noticias\">El evento form\u00f3 parte del amplio programa de actividades para conmemorar el natalicio de Bosch, que se desarrolla en esta provincia.<\/span><\/p>\n<h6> 2009-06-17 14:15:04 <\/h6>\n<p><!--\n<link rel=\"stylesheet\" href=\"css\/bootstrap.min.css\">\n\n\n<ul class=\"pagination\">\n\t    \n\t\n\n<li >\n\t<a href='?page_no=21601'>Previous<\/a>\n\t<\/li>\n\n\n       \n    \n\n<li><a href='?page_no=1'>1<\/a><\/li>\n\n\n\n<li><a href='?page_no=2'>2<\/a><\/li>\n\n\n\n<li><a>...<\/a><\/li>\n\n\n\n<li><a href='?page_no=21600'>21600<\/a><\/li>\n\n\n\n<li><a href='?page_no=21601'>21601<\/a><\/li>\n\n\n\n<li class='active'><a>21602<\/a><\/li>\n\n\n\n<li><a href='?page_no=21603'>21603<\/a><\/li>\n\n\n\n<li><a href='?page_no=21604'>21604<\/a><\/li>\n\n\n\n<li><a>...<\/a><\/li>\n\n\n\n<li><a href='?page_no=22911'>22911<\/a><\/li>\n\n\n\n<li><a href='?page_no=22912'>22912<\/a><\/li>\n\n    \n\t\n\n<li >\n\t<a href='?page_no=21603'>Next<\/a>\n\t<\/li>\n\n\n    \n\n<li><a href='?page_no=22912'>Last &rsaquo;&rsaquo;<\/a><\/li>\n\n<\/ul>\n\n\n--><br \/>\n<\/body><\/p>\n","protected":false},"excerpt":{"rendered":"<p>Puerto Plata.- A casa llena en el centro regional universitario, y con la interpretaci\u00f3n magistral de la artista nicarag\u00fcense Norma Elena Gadea, fue presentado en esta provincia el concierto ?La Mujer en el pensamiento y obra de Juan Bosch?, homenaje organizado por la Gobernaci\u00f3n y el Comit\u00e9 Provincial Francisco Brugal Mateo (Panchito), para la conmemoraci\u00f3n [&hellip;]<\/p>\n","protected":false},"author":3,"featured_media":0,"comment_status":"open","ping_status":"open","sticky":false,"template":"","format":"standard","meta":{"footnotes":""},"categories":[21],"tags":[],"class_list":["post-69924","post","type-post","status-publish","format-standard","hentry","category-cultura"],"_links":{"self":[{"href":"https:\/\/diariodominicano.com\/index.php?rest_route=\/wp\/v2\/posts\/69924","targetHints":{"allow":["GET"]}}],"collection":[{"href":"https:\/\/diariodominicano.com\/index.php?rest_route=\/wp\/v2\/posts"}],"about":[{"href":"https:\/\/diariodominicano.com\/index.php?rest_route=\/wp\/v2\/types\/post"}],"author":[{"embeddable":true,"href":"https:\/\/diariodominicano.com\/index.php?rest_route=\/wp\/v2\/users\/3"}],"replies":[{"embeddable":true,"href":"https:\/\/diariodominicano.com\/index.php?rest_route=%2Fwp%2Fv2%2Fcomments&post=69924"}],"version-history":[{"count":0,"href":"https:\/\/diariodominicano.com\/index.php?rest_route=\/wp\/v2\/posts\/69924\/revisions"}],"wp:attachment":[{"href":"https:\/\/diariodominicano.com\/index.php?rest_route=%2Fwp%2Fv2%2Fmedia&parent=69924"}],"wp:term":[{"taxonomy":"category","embeddable":true,"href":"https:\/\/diariodominicano.com\/index.php?rest_route=%2Fwp%2Fv2%2Fcategories&post=69924"},{"taxonomy":"post_tag","embeddable":true,"href":"https:\/\/diariodominicano.com\/index.php?rest_route=%2Fwp%2Fv2%2Ftags&post=69924"}],"curies":[{"name":"wp","href":"https:\/\/api.w.org\/{rel}","templated":true}]}}