{"id":69923,"date":"2009-06-17T14:32:39","date_gmt":"2009-06-17T14:32:39","guid":{"rendered":"http:\/\/diariodominicano.ddns.net\/?p=69923"},"modified":"2009-06-17T14:32:39","modified_gmt":"2009-06-17T14:32:39","slug":"dan-a-conocer-nombres-guerrilleros-figuraran-en-monumento","status":"publish","type":"post","link":"https:\/\/diariodominicano.com\/?p=69923","title":{"rendered":"DAN A CONOCER NOMBRES GUERRILLEROS FIGURARAN EN MONUMENTO"},"content":{"rendered":"<p><body><\/p>\n<p><span class=\"text1noticias\">SANTIAGO.- Don Poncio Pou Saleta encabezar\u00e1 el listado de los guerrilleros oriundos de Santiago que  tomaron participaci\u00f3n en la gesta de Constanza, Maim\u00f3n y Estero Hondo, y en cuyo honor el s\u00edndico Jos\u00e9 Enrique Sued inaugurar\u00e1 un monumento este jueves. <\/span><\/p>\n<\/p>\n<p><span class=\"text1noticias\">Pou Saleta es uno de los sobrevivientes de esa gesta -de la que se cumplen 50 a\u00f1os en estos d\u00edas- junto a Mayobanex Vargas, quien es nativo de Bonao, y el comandante Delio G\u00f3mez Ochoa, quien es cubano.<\/span><\/p>\n<\/p>\n<p><span class=\"text1noticias\">La inauguraci\u00f3n est\u00e1 prevista para las 5:00 de la tarde, de este jueves, y ser\u00e1 encabezada por el s\u00edndico Sued Sem. Este monumento se encuentra ubicado en Los Jardines Metropolitanos, justo en la avenida que honra la memoria de Pou Saleta.<\/span><\/p>\n<\/p>\n<p><span class=\"text1noticias\">En el mismo figurar\u00e1n los nombres de Miguel Al\u00edes Mes\u00f3n, Juan Antonio Alm\u00e1nzar D\u00edaz, Silvio Rafael Almonte Fern\u00e1ndez, Antonio Bienvenido Almonte, Juan Bautista Almonte Fern\u00e1ndez, Doctor Miguel \u00c1lvarez Fadul y Ram\u00f3n Jos\u00e9 Asensio Valverde.<\/span><\/p>\n<\/p>\n<p><span class=\"text1noticias\">Otros combatientes nativos de esta ciudad, cuyos nombres aparecer\u00e1n esculpidos en el monumento, ser\u00e1n los de   Domingo Cabrera Mart\u00ednez, Julio C\u00e9sar Castillo Cruz, Doctor Jos\u00e9 Ram\u00f3n Enrique Cordero Michel, Julio Ra\u00fal Dur\u00e1n Garc\u00eda y Gabriel Emilio Fern\u00e1ndez M\u00e1rmol P\u00e9rez.<\/span><\/p>\n<\/p>\n<p><span class=\"text1noticias\">Tambi\u00e9n estar\u00e1n los de  Jos\u00e9 A. Hungr\u00eda Ferm\u00edn,  Sergio Ildefonso Genao  (Capor\u00ed), Fernando Godoy, Antonio de Jes\u00fas Minaya Fern\u00e1ndez, V\u00edctor Mainardi Reyna (Sil\u00edn), Doctor Rafael Moore Garrido (Fell\u00edn), Manuel Parache Hern\u00e1ndez, Gustavo Adolfo Pati\u00f1o Mart\u00ednez  (Nini) y Jos\u00e9 Arismendi Pati\u00f1o Mart\u00ednez (Chepito).<\/span><\/p>\n<\/p>\n<p><span class=\"text1noticias\">El listado lo completan Jos\u00e9 Manuel Pe\u00f1a Gonz\u00e1lez  (Cuco), Manuel de Jes\u00fas Perozo (Masu), Federico Pichardo D\u00edaz, Doctor Ram\u00f3n Aquiles Ram\u00edrez Guzm\u00e1n, Cosme Agust\u00edn Rojas P\u00e9rez  (Rojita), Lu\u00eds Rafael  Quezada, Reinaldo Sintjago Pou, Jos\u00e9 T\u00e1varez Garc\u00eda, Francisco A. Ubiera y Jos\u00e9 R. Federico Valverde Cruz (Fello).<\/span><\/p>\n<\/p>\n<p><span class=\"text1noticias\">Estos santiagueros participaron en distintos frentes durante la invasi\u00f3n de junio de 1959 y todos, con excepci\u00f3n de Don Poncio Pou Saleta, fueron brutalmente asesinados por el r\u00e9gimen tir\u00e1nico que ahog\u00f3 en sangre las ansias de libertad del pueblo.<\/span><\/p>\n<\/p>\n<p><span class=\"text1noticias\">En su homenaje la administraci\u00f3n municipal de Sued Sem dejar\u00e1 inaugurado un Monumento, a prop\u00f3sito de celebrarse en estos d\u00edas el 50 aniversario de la epopeya de Constanza, Maim\u00f3n y Estero Hondo.<\/span><\/p>\n<\/p>\n<h6> 2009-06-17 14:32:39 <\/h6>\n<p><!--\n<link rel=\"stylesheet\" href=\"css\/bootstrap.min.css\">\n\n\n<ul class=\"pagination\">\n\t    \n\t\n\n<li >\n\t<a href='?page_no=21600'>Previous<\/a>\n\t<\/li>\n\n\n       \n    \n\n<li><a href='?page_no=1'>1<\/a><\/li>\n\n\n\n<li><a href='?page_no=2'>2<\/a><\/li>\n\n\n\n<li><a>...<\/a><\/li>\n\n\n\n<li><a href='?page_no=21599'>21599<\/a><\/li>\n\n\n\n<li><a href='?page_no=21600'>21600<\/a><\/li>\n\n\n\n<li class='active'><a>21601<\/a><\/li>\n\n\n\n<li><a href='?page_no=21602'>21602<\/a><\/li>\n\n\n\n<li><a href='?page_no=21603'>21603<\/a><\/li>\n\n\n\n<li><a>...<\/a><\/li>\n\n\n\n<li><a href='?page_no=22911'>22911<\/a><\/li>\n\n\n\n<li><a href='?page_no=22912'>22912<\/a><\/li>\n\n    \n\t\n\n<li >\n\t<a href='?page_no=21602'>Next<\/a>\n\t<\/li>\n\n\n    \n\n<li><a href='?page_no=22912'>Last &rsaquo;&rsaquo;<\/a><\/li>\n\n<\/ul>\n\n\n--><br \/>\n<\/body><\/p>\n","protected":false},"excerpt":{"rendered":"<p>SANTIAGO.- Don Poncio Pou Saleta encabezar\u00e1 el listado de los guerrilleros oriundos de Santiago que tomaron participaci\u00f3n en la gesta de Constanza, Maim\u00f3n y Estero Hondo, y en cuyo honor el s\u00edndico Jos\u00e9 Enrique Sued inaugurar\u00e1 un monumento este jueves. Pou Saleta es uno de los sobrevivientes de esa gesta -de la que se cumplen [&hellip;]<\/p>\n","protected":false},"author":3,"featured_media":0,"comment_status":"open","ping_status":"open","sticky":false,"template":"","format":"standard","meta":{"footnotes":""},"categories":[21],"tags":[],"class_list":["post-69923","post","type-post","status-publish","format-standard","hentry","category-cultura"],"_links":{"self":[{"href":"https:\/\/diariodominicano.com\/index.php?rest_route=\/wp\/v2\/posts\/69923","targetHints":{"allow":["GET"]}}],"collection":[{"href":"https:\/\/diariodominicano.com\/index.php?rest_route=\/wp\/v2\/posts"}],"about":[{"href":"https:\/\/diariodominicano.com\/index.php?rest_route=\/wp\/v2\/types\/post"}],"author":[{"embeddable":true,"href":"https:\/\/diariodominicano.com\/index.php?rest_route=\/wp\/v2\/users\/3"}],"replies":[{"embeddable":true,"href":"https:\/\/diariodominicano.com\/index.php?rest_route=%2Fwp%2Fv2%2Fcomments&post=69923"}],"version-history":[{"count":0,"href":"https:\/\/diariodominicano.com\/index.php?rest_route=\/wp\/v2\/posts\/69923\/revisions"}],"wp:attachment":[{"href":"https:\/\/diariodominicano.com\/index.php?rest_route=%2Fwp%2Fv2%2Fmedia&parent=69923"}],"wp:term":[{"taxonomy":"category","embeddable":true,"href":"https:\/\/diariodominicano.com\/index.php?rest_route=%2Fwp%2Fv2%2Fcategories&post=69923"},{"taxonomy":"post_tag","embeddable":true,"href":"https:\/\/diariodominicano.com\/index.php?rest_route=%2Fwp%2Fv2%2Ftags&post=69923"}],"curies":[{"name":"wp","href":"https:\/\/api.w.org\/{rel}","templated":true}]}}