{"id":69922,"date":"2009-06-17T14:57:10","date_gmt":"2009-06-17T14:57:10","guid":{"rendered":"http:\/\/diariodominicano.ddns.net\/?p=69922"},"modified":"2009-06-17T14:57:10","modified_gmt":"2009-06-17T14:57:10","slug":"el-abrazo-que-julian-lennon-no-le-dio-a-john","status":"publish","type":"post","link":"https:\/\/diariodominicano.com\/?p=69922","title":{"rendered":"El abrazo que Julian Lennon no le dio a John"},"content":{"rendered":"<p><body><\/p>\n<p><img decoding=\"async\" src=\"http:\/\/localhost:8080\/img3\/leonn.jpg\" \/>  <\/p>\n<p><span class=\"text1noticias\">El primog\u00e9nito del ex beatle lamenta haber perdido el tiempo odiando a su padre <\/span><\/p>\n<\/p>\n<p><span class=\"text1noticias\">EFE &#8211; Roma &#8211; 17\/06\/2009 <\/span><\/p>\n<p><span class=\"text1noticias\"> <\/span><\/p>\n<p><span class=\"text1noticias\">Julian Lennon, el hijo que John Lennon tuvo con su primera esposa, Cynthia Powell, asegura que ha llegado a la conclusi\u00f3n de que \u00abla rabia y el odio son una gran p\u00e9rdida de tiempo\u00bb y que, si su padre estuviera vivo, le abrazar\u00eda.<\/span><\/p>\n<\/p>\n<p><span class=\"text1noticias\">En unas declaraciones que ha publicado este mi\u00e9rcoles el peri\u00f3dico italiano La Stampa, el hijo mayor del cantante de los Beatles, que inaugurar\u00e1 en Liverpool una muestra de objetos perteneciente a su padre llamada White Feather Exhibition, explica que ha \u00abreconvertido en energ\u00eda positiva\u00bb el odio que antes sent\u00eda hacia su padre por abandonar a su madre y a \u00e9l.<\/span><\/p>\n<\/p>\n<p><span class=\"text1noticias\">\u00abSi pap\u00e1 entrara ahora por aquella puerta, nos abrazar\u00edamos y llorar\u00edamos juntos\u00bb, dice Julian Lennon en la entrevista. Y es que durante, Julian se dedic\u00f3 a arremeter contra la imagen de su padre. De hecho, en 2000, durante la conmemoraci\u00f3n del vig\u00e9simo aniversario de la muerte de John Lennon, afirm\u00f3 que \u00abpod\u00eda hablar de paz y amor al mundo pero nunca los mostr\u00f3 hacia las personas m\u00e1s cercanas a \u00e9l\u00bb.<\/span><\/p>\n<\/p>\n<p><span class=\"text1noticias\">Sin embargo, desde entonces se ha reconciliado con Yoko Ono, la segunda esposa de su padre y a la que durante a\u00f1os ha considerado como la ruina de su familia.<\/span><\/p>\n<\/p>\n<p><span class=\"text1noticias\">Otro de los responsables de la reconciliaci\u00f3n es Paul McCartney, el autor de la canci\u00f3n Hey Jude, dedicada precisamente a \u00e9l en su quinto cumplea\u00f1os, con motivo del divorcio de sus padres, y dice que se enter\u00f3 que era protagonista de la letra cuando ten\u00eda 15 a\u00f1os y porque se lo dijo su madre. \u00abMe ha hecho entender que yo no era el \u00fanico que estaba fuera de lugar. Tambi\u00e9n pap\u00e1 perdi\u00f3 a su madre dos veces, a los 5 a\u00f1os cuando le dej\u00f3, y a los 17, cuando muri\u00f3 en un accidente de tr\u00e1fico\u00bb, indica Lennon.<\/span><\/p>\n<p><span class=\"text1noticias\">Coleccionista de su propia herencia<\/span><\/p>\n<\/p>\n<p><span class=\"text1noticias\">Respecto a la muestra, Julian Lennon, de 46 a\u00f1os, explica que el tema es el de la pluma blanca porque era el s\u00edmbolo que su padre hab\u00eda elegido para comunicarse con \u00e9l despu\u00e9s de su muerte. \u00abUna de las cosas que me dec\u00eda era que si muriera y quisiera tranquilizarme, el mensaje habr\u00eda sido una pluma blanca. Me la regal\u00f3 una tribu aborigen australiana hace diez a\u00f1os\u00bb, agrega.<\/span><\/p>\n<\/p>\n<p><span class=\"text1noticias\">La exposici\u00f3n, que tiene como pieza principal el texto original de Hey Jude, pretende \u00ababrir una ventana\u00bb para contemplar a John Lennon \u00abm\u00e1s all\u00e1 de su carrera\u00bb, desvelando al \u00abchico de Liverpool entusiasta y enfadado de antes de convertirse en el mito de millones de admiradoras\u00bb. Algo que quiere conseguir a trav\u00e9s de una serie de objetos que le pertenecieron y que Julian ha ido comprando \u00aben las subastas de medio mundo\u00bb.<\/span><\/p>\n<\/p>\n<p><span class=\"text1noticias\">\u00abEs horrendo y muy triste, lo s\u00e9, pero era el \u00fanico modo que ten\u00eda para volver a apropiarme de \u00e9l\u00bb, reconoce Lennon.<\/span><\/p>\n<\/p>\n<p><span class=\"text1noticias\">John estuvo casado con Cynthia Powell desde 1962 a 1968, cuando conoci\u00f3 a la artista conceptual japonesa Yoko Ono, con la que contrajo matrimonio un a\u00f1o m\u00e1s tarde y tuvo otro hijo, Sean.<\/span><\/p>\n<h6> 2009-06-17 14:57:10 <\/h6>\n<p><!--\n<link rel=\"stylesheet\" href=\"css\/bootstrap.min.css\">\n\n\n<ul class=\"pagination\">\n\t    \n\t\n\n<li >\n\t<a href='?page_no=21599'>Previous<\/a>\n\t<\/li>\n\n\n       \n    \n\n<li><a href='?page_no=1'>1<\/a><\/li>\n\n\n\n<li><a href='?page_no=2'>2<\/a><\/li>\n\n\n\n<li><a>...<\/a><\/li>\n\n\n\n<li><a href='?page_no=21598'>21598<\/a><\/li>\n\n\n\n<li><a href='?page_no=21599'>21599<\/a><\/li>\n\n\n\n<li class='active'><a>21600<\/a><\/li>\n\n\n\n<li><a href='?page_no=21601'>21601<\/a><\/li>\n\n\n\n<li><a href='?page_no=21602'>21602<\/a><\/li>\n\n\n\n<li><a>...<\/a><\/li>\n\n\n\n<li><a href='?page_no=22911'>22911<\/a><\/li>\n\n\n\n<li><a href='?page_no=22912'>22912<\/a><\/li>\n\n    \n\t\n\n<li >\n\t<a href='?page_no=21601'>Next<\/a>\n\t<\/li>\n\n\n    \n\n<li><a href='?page_no=22912'>Last &rsaquo;&rsaquo;<\/a><\/li>\n\n<\/ul>\n\n\n--><br \/>\n<\/body><\/p>\n","protected":false},"excerpt":{"rendered":"<p>El primog\u00e9nito del ex beatle lamenta haber perdido el tiempo odiando a su padre EFE &#8211; Roma &#8211; 17\/06\/2009 Julian Lennon, el hijo que John Lennon tuvo con su primera esposa, Cynthia Powell, asegura que ha llegado a la conclusi\u00f3n de que \u00abla rabia y el odio son una gran p\u00e9rdida de tiempo\u00bb y que, [&hellip;]<\/p>\n","protected":false},"author":3,"featured_media":0,"comment_status":"open","ping_status":"open","sticky":false,"template":"","format":"standard","meta":{"footnotes":""},"categories":[21],"tags":[],"class_list":["post-69922","post","type-post","status-publish","format-standard","hentry","category-cultura"],"_links":{"self":[{"href":"https:\/\/diariodominicano.com\/index.php?rest_route=\/wp\/v2\/posts\/69922","targetHints":{"allow":["GET"]}}],"collection":[{"href":"https:\/\/diariodominicano.com\/index.php?rest_route=\/wp\/v2\/posts"}],"about":[{"href":"https:\/\/diariodominicano.com\/index.php?rest_route=\/wp\/v2\/types\/post"}],"author":[{"embeddable":true,"href":"https:\/\/diariodominicano.com\/index.php?rest_route=\/wp\/v2\/users\/3"}],"replies":[{"embeddable":true,"href":"https:\/\/diariodominicano.com\/index.php?rest_route=%2Fwp%2Fv2%2Fcomments&post=69922"}],"version-history":[{"count":0,"href":"https:\/\/diariodominicano.com\/index.php?rest_route=\/wp\/v2\/posts\/69922\/revisions"}],"wp:attachment":[{"href":"https:\/\/diariodominicano.com\/index.php?rest_route=%2Fwp%2Fv2%2Fmedia&parent=69922"}],"wp:term":[{"taxonomy":"category","embeddable":true,"href":"https:\/\/diariodominicano.com\/index.php?rest_route=%2Fwp%2Fv2%2Fcategories&post=69922"},{"taxonomy":"post_tag","embeddable":true,"href":"https:\/\/diariodominicano.com\/index.php?rest_route=%2Fwp%2Fv2%2Ftags&post=69922"}],"curies":[{"name":"wp","href":"https:\/\/api.w.org\/{rel}","templated":true}]}}