{"id":69921,"date":"2009-06-17T17:06:21","date_gmt":"2009-06-17T17:06:21","guid":{"rendered":"http:\/\/diariodominicano.ddns.net\/?p=69921"},"modified":"2009-06-17T17:06:21","modified_gmt":"2009-06-17T17:06:21","slug":"mas-cine-europeo-en-la-cinemateca-dominicana","status":"publish","type":"post","link":"https:\/\/diariodominicano.com\/?p=69921","title":{"rendered":"M\u00e1s Cine Europeo en la Cinemateca Dominicana"},"content":{"rendered":"<p><body><\/p>\n<p><img decoding=\"async\" src=\"http:\/\/localhost:8080\/img3\/cines.jpg\" \/>  <\/p>\n<p><span class=\"text1noticias\">Tras la celebraci\u00f3n exitosa del Festival Eurocine 2009, la Cinemateca Dominicana ha decidido reciprocar el inter\u00e9s masivo mostrado por el p\u00fablico dedicando la programaci\u00f3n del resto de junio totalmente al cine europeo. <\/span><\/p>\n<\/p>\n<p><span class=\"text1noticias\">Durante todo el mes los cin\u00e9filos podr\u00e1n profundizar en este recorrido por la cinematograf\u00eda del Viejo Continente, a trav\u00e9s de pel\u00edculas de gran calidad de pa\u00edses como Espa\u00f1a, Francia, Reino Unido, Italia, Pa\u00edses Bajos, B\u00e9lgica, Luxemburgo, Alemania, Suiza, Rep\u00fablica Checa, Dinamarca, Austria, Suecia, Finlandia, Noruega, Islandia, Ucrania, Croacia, Serbia, Bosnia-Herzegovina,  Rusia y Turqu\u00eda.<\/span><\/p>\n<\/p>\n<p><span class=\"text1noticias\">La Cinemateca mantiene abierto el puente al cine europeo con t\u00edtulos como ?Cenizas en el viento?, de Silvio Soldini, sobre un emigrante h\u00fangaro que trabaja en una f\u00e1brica de relojes en Suiza mientras trata de rehacer su vida lejos de los horrores del pasado; y ?El despertar a la vida?, un largometraje de Stijn Coninx que narra a trav\u00e9s de la mirada de una ni\u00f1a de 9 a\u00f1os algunos de los eventos de los a\u00f1os 60, en especial el viaje a la luna del Apolo 13.<\/span><\/p>\n<\/p>\n<p><span class=\"text1noticias\">La programaci\u00f3n tambi\u00e9n incluye cintas como ?El clavel negro?, de Ulf Hultberg, que recrea la acci\u00f3n humanitaria de Harold Edelstam, embajador sueco en Chile durante el golpe de Estado de 1973, quien, desde su trinchera diplom\u00e1tica, salv\u00f3 del fusilamiento y ayud\u00f3 a salir del pa\u00eds a cientos de personas; y ?Boy A?, una drama galardonado de John Crowley, sobre un joven que se enfrenta por primera vez al mundo luego de salir de la c\u00e1rcel despu\u00e9s de pasar la mayor parte de sus 24 a\u00f1os entre rejas por matar a un ni\u00f1o cuando era menor de edad.  <\/span><\/p>\n<\/p>\n<p><span class=\"text1noticias\">Adem\u00e1s, la cartelera incluye los films ?La revancha?, de Pupi Avati, sobre 5 amigos que se re\u00fanen diecisiete a\u00f1os despu\u00e9s de un partido de p\u00f3ker que hab\u00eda dejado en la quiebra a uno de ellos, y que ahora busca vengarse; y ?El mar?, de Baltasar Korm\u00e1kur, una historia que aborda la tensa reuni\u00f3n familiar organizada por un patriarca envejecido con un secreto que revivir\u00e1 resentimientos escondidos y deseos insospechados.<\/span><\/p>\n<\/p>\n<p><span class=\"text1noticias\">Asimismo, el p\u00fablico podr\u00e1 disfrutar de la aclamada producci\u00f3n ?Todos los ni\u00f1os invisibles?. Se trata de siete cortometrajes conmovedores en los que los renombrados realizadores Mehdi Charef, Emir Kusturica, Spike Lee, K\u00e1tia Lund, Jordan Scott, Ridley Scott, Stefano Veneruso y John Woo retratan las historias de lucha y adversidad de siete ni\u00f1os an\u00f3nimos alrededor del mundo.<\/span><\/p>\n<\/p>\n<p><span class=\"text1noticias\">Este recorrido cinematogr\u00e1fico por el cine europeo tambi\u00e9n incluye los t\u00edtulos ?Retorno a Brideshead?, de Julian Jarrold; ?Grbavica?, de Jasmila Zbanic; ?Tu y yo?, de Julie Lopes-Curval; ?Un amor italiano?, de Carlo Mazzacurati; ?D\u00e9jame entrar?, de Tomas Alfredson; ?Vainilla y chocolate?, de Ciro Hip\u00f3lito; ?Rabia adolescente?, de Thomas Stuber; ?Tiro al centro?, de Srdan Golubovic; ?Allegro?, de Christoffer Boe; ?Podium?, de Yann Moix; ?La obsesi\u00f3n?, de Emmanuelle Bercot; ?El traje?, de Bakhtyar Khudojnazarov ; ?El rey de la monta\u00f1a?, de Gonzalo L\u00f3pez; entre otras.<\/span><\/p>\n<\/p>\n<p><span class=\"text1noticias\">Las presentaciones tendr\u00e1n lugar en la Sala Principal de la Cinemateca Dominicana, en las tandas de las 5:30, 7:30 y 9:30. Para mayor informaci\u00f3n y detalles de la programaci\u00f3n puede acceder a la p\u00e1gina web www.cinematecadominicana.org; o llamar al 809-689-6102\/809-685-9396.<\/span><\/p>\n<h6> 2009-06-17 17:06:21 <\/h6>\n<p><!--\n<link rel=\"stylesheet\" href=\"css\/bootstrap.min.css\">\n\n\n<ul class=\"pagination\">\n\t    \n\t\n\n<li >\n\t<a href='?page_no=21598'>Previous<\/a>\n\t<\/li>\n\n\n       \n    \n\n<li><a href='?page_no=1'>1<\/a><\/li>\n\n\n\n<li><a href='?page_no=2'>2<\/a><\/li>\n\n\n\n<li><a>...<\/a><\/li>\n\n\n\n<li><a href='?page_no=21597'>21597<\/a><\/li>\n\n\n\n<li><a href='?page_no=21598'>21598<\/a><\/li>\n\n\n\n<li class='active'><a>21599<\/a><\/li>\n\n\n\n<li><a href='?page_no=21600'>21600<\/a><\/li>\n\n\n\n<li><a href='?page_no=21601'>21601<\/a><\/li>\n\n\n\n<li><a>...<\/a><\/li>\n\n\n\n<li><a href='?page_no=22911'>22911<\/a><\/li>\n\n\n\n<li><a href='?page_no=22912'>22912<\/a><\/li>\n\n    \n\t\n\n<li >\n\t<a href='?page_no=21600'>Next<\/a>\n\t<\/li>\n\n\n    \n\n<li><a href='?page_no=22912'>Last &rsaquo;&rsaquo;<\/a><\/li>\n\n<\/ul>\n\n\n--><br \/>\n<\/body><\/p>\n","protected":false},"excerpt":{"rendered":"<p>Tras la celebraci\u00f3n exitosa del Festival Eurocine 2009, la Cinemateca Dominicana ha decidido reciprocar el inter\u00e9s masivo mostrado por el p\u00fablico dedicando la programaci\u00f3n del resto de junio totalmente al cine europeo. Durante todo el mes los cin\u00e9filos podr\u00e1n profundizar en este recorrido por la cinematograf\u00eda del Viejo Continente, a trav\u00e9s de pel\u00edculas de gran [&hellip;]<\/p>\n","protected":false},"author":3,"featured_media":0,"comment_status":"open","ping_status":"open","sticky":false,"template":"","format":"standard","meta":{"footnotes":""},"categories":[21],"tags":[],"class_list":["post-69921","post","type-post","status-publish","format-standard","hentry","category-cultura"],"_links":{"self":[{"href":"https:\/\/diariodominicano.com\/index.php?rest_route=\/wp\/v2\/posts\/69921","targetHints":{"allow":["GET"]}}],"collection":[{"href":"https:\/\/diariodominicano.com\/index.php?rest_route=\/wp\/v2\/posts"}],"about":[{"href":"https:\/\/diariodominicano.com\/index.php?rest_route=\/wp\/v2\/types\/post"}],"author":[{"embeddable":true,"href":"https:\/\/diariodominicano.com\/index.php?rest_route=\/wp\/v2\/users\/3"}],"replies":[{"embeddable":true,"href":"https:\/\/diariodominicano.com\/index.php?rest_route=%2Fwp%2Fv2%2Fcomments&post=69921"}],"version-history":[{"count":0,"href":"https:\/\/diariodominicano.com\/index.php?rest_route=\/wp\/v2\/posts\/69921\/revisions"}],"wp:attachment":[{"href":"https:\/\/diariodominicano.com\/index.php?rest_route=%2Fwp%2Fv2%2Fmedia&parent=69921"}],"wp:term":[{"taxonomy":"category","embeddable":true,"href":"https:\/\/diariodominicano.com\/index.php?rest_route=%2Fwp%2Fv2%2Fcategories&post=69921"},{"taxonomy":"post_tag","embeddable":true,"href":"https:\/\/diariodominicano.com\/index.php?rest_route=%2Fwp%2Fv2%2Ftags&post=69921"}],"curies":[{"name":"wp","href":"https:\/\/api.w.org\/{rel}","templated":true}]}}