{"id":69920,"date":"2009-06-17T19:07:32","date_gmt":"2009-06-17T19:07:32","guid":{"rendered":"http:\/\/diariodominicano.ddns.net\/?p=69920"},"modified":"2009-06-17T19:07:32","modified_gmt":"2009-06-17T19:07:32","slug":"pld-quiere-sociedad-disfrute-legado-de-bosch","status":"publish","type":"post","link":"https:\/\/diariodominicano.com\/?p=69920","title":{"rendered":"PLD quiere sociedad disfrute legado de Bosch"},"content":{"rendered":"<p><body><\/p>\n<p><span class=\"text1noticias\">Explicaciones de las actividades programas en del centenario del nacimiento del Profesor Juan Bosch.<\/span><\/p>\n<p><span class=\"text1noticias\"> <\/span><\/p>\n<p><span class=\"text1noticias\">Di\u00f3medes N\u00fa\u00f1ez Polanco, miembro del Comit\u00e9 Central del Partido de la Liberaci\u00f3n Dominicana, asegur\u00f3 que el la direcci\u00f3n pol\u00edtica del PLD se ha cuidado de no aprovechar el escenario del Centenario del Natalicio del Profesor Juan Bosch para promover el partido, ya que su inter\u00e9s es  que todos los sectores de la comunidad nacional e internacional puedan integrarse a esta celebraci\u00f3n en la que se  resaltan los  el aportes del ilustre intelectual y pol\u00edtico dominicano. <\/span><\/p>\n<p><span class=\"text1noticias\"> <\/span><\/p>\n<p><span class=\"text1noticias\">Manifest\u00f3 que la comisi\u00f3n, creada por el Comit\u00e9  Pol\u00edtico e integrada por C\u00e9sar Pina Toribio, Alejandrina Germ\u00e1n, Jos\u00e9 Joaqu\u00edn Bid\u00f3 Medina, Euclides Guti\u00e9rrez F\u00e9lix, Felucho Jim\u00e9nez, Carlos Amarante Baret, Cristina Lizardo, Ram\u00f3n Ventura Camejo Alejandro Herrera y  H\u00e9ctor Olivo , est\u00e1n trabajando en  la proyecci\u00f3n del legado pol\u00edtico dejado por Juan Bosch en la sociedad dominicana y en toda Am\u00e9rica Latina, como lo hace desde la \u00f3ptica del Estado la Comisi\u00f3n Oficial presidida por Do\u00f1a Carmen Quidiello.<\/span><\/p>\n<p><span class=\"text1noticias\"> <\/span><\/p>\n<p><span class=\"text1noticias\">Afirm\u00f3 que el inter\u00e9s general es que el centenario de Juan Bosch sirva para repensar sobre sus ense\u00f1anzas y para que los ni\u00f1os y  j\u00f3venes que no le conocen bien,  puedan aprender sobre sus ense\u00f1anzas y ejemplo de vida.<\/span><\/p>\n<p><span class=\"text1noticias\"> <\/span><\/p>\n<p><span class=\"text1noticias\">?Lo m\u00e1s importante es que el pueblo, por el que el Profesor Juan Bosch luch\u00f3 toda su vida, pueda aprovechar  las actividades del Centenario para retomar las ense\u00f1anzas de Bosch, su vida ejemplar y sus valores, siempre apegados  a la \u00e9tica y los valores universales m\u00e1s sagrados: como la democracia, la solidaridad y la libertad, y su obra intelectual que est\u00e1 vigente?, precis\u00f3 el dirigente pelede\u00edsta en declaraciones ofrecidas en Telematutino 11, reproducidas por la Secretar\u00eda de Comunicaciones del PLD.<\/span><\/p>\n<p><span class=\"text1noticias\"> <\/span><\/p>\n<p><span class=\"text1noticias\">El Presidente de la Fundaci\u00f3n Juan Bosch expres\u00f3 que se han organizado varias actividades que puedan aportar a la cultura dominicana y permanecer en el tiempo.<\/span><\/p>\n<p><span class=\"text1noticias\"> <\/span><\/p>\n<p><span class=\"text1noticias\">En tal sentido, dijo que se est\u00e1 preparando una versi\u00f3n popular de las obras de Juan Bosch para que la poblaci\u00f3n de escasos recursos pueda reencontrarse con el ilustre escritor y pol\u00edtico, fundador del Partido Morado y ex presidente de la Rep\u00fablica Dominicana.<\/span><\/p>\n<p><span class=\"text1noticias\"> <\/span><\/p>\n<p><span class=\"text1noticias\">Indic\u00f3 que la edici\u00f3n Centenario, que son 56  vol\u00famenes de las obras de Juan Bosch, en una versi\u00f3n popular que estar\u00e1 al alcance del pueblo dominicano a un precio asequible.<\/span><\/p>\n<p><span class=\"text1noticias\"> <\/span><\/p>\n<p><span class=\"text1noticias\">Manifest\u00f3 que, por otro lado,  las obras completas de Juan Bosch, que contendr\u00e1 35 vol\u00famenes, est\u00e1n siendo editadas bajo la coordinaci\u00f3n de Guillermo Pi\u00f1a Contreras y se pondr\u00e1n a circular el 29 de junio en un acto que se realizar\u00e1 en el Palacio Nacional.<\/span><\/p>\n<p><span class=\"text1noticias\"> <\/span><\/p>\n<p><span class=\"text1noticias\">Reiter\u00f3 que el Centenario del Natalicio del Profesor Juan Bosch ha causado mucho inter\u00e9s, no s\u00f3lo en el pa\u00eds, si no en todos los pa\u00edses del mundo donde se conoce el legado pol\u00edtico, Cultural y human\u00edstico dejado por el profesor Juan Bosch.<\/span><\/p>\n<p><span class=\"text1noticias\"> <\/span><\/p>\n<p><span class=\"text1noticias\">Dijo que tanto en Cuba, Chile, en Venezuela y en M\u00e9xico realizar\u00e1n actividades alusivas al Centenario del Natalicio de Juan Bosch<\/span><\/p>\n<p><span class=\"text1noticias\"> <\/span><\/p>\n<p><span class=\"text1noticias\">Indic\u00f3 que en M\u00e9xico se publicar\u00e1n pr\u00f3ximamente 10 vol\u00famenes de reimpresiones de los libros del Profesor Juan Bosch; y que en universidades de varios pa\u00edses se instaurar\u00e1 la Red Internacional de C\u00e1tedras Profesor Juan Bosch.<\/span><\/p>\n<p><span class=\"text1noticias\"> <\/span><\/p>\n<p><span class=\"text1noticias\">Se\u00f1al\u00f3 que entre esas universidades se encuentran la de Michoac\u00e1n en M\u00e9xico; la de La Habana, Cuba; la de Santa Marta, en Colombia; y la de Puerto Rico.<\/span><\/p>\n<p><span class=\"text1noticias\"> <\/span><\/p>\n<p><span class=\"text1noticias\">Por otra parte, Di\u00f3medes N\u00fa\u00f1ez Polanco anunci\u00f3 que uno de los eventos principales que se realizar\u00e1n en el marco del Centenario es el Foro Internacional ?Juan Bosch legado de la humanidad? que se celebrar\u00e1 del 25 al 27 de junio en el pa\u00eds y en el que participar\u00e1n m\u00e1s de 25 intelectuales de diferentes pa\u00edses del mundo.<\/span><\/p>\n<p><span class=\"text1noticias\"> <\/span><\/p>\n<p><span class=\"text1noticias\">Manifest\u00f3 que el 30 de junio, D\u00eda del natalicio de Bosch, La Vega se despertar\u00e1 con el toque de sirena de los bomberos; y la banda municipal recorrer\u00e1 las calles tocando a la alborada; a las 8:00 de la ma\u00f1ana se izar\u00e1 la bandera en el ayuntamiento municipal en un acto solemne;  se oficiar\u00e1 una misa en la Catedral de La Vega; a las 10:00 de ma\u00f1ana habr\u00e1 un gran acto con todas las autoridades de la Provincia y otras localidades y en la noche se reconocer\u00e1n a varios maestros.<\/span><\/p>\n<p><span class=\"text1noticias\"> <\/span><\/p>\n<p><span class=\"text1noticias\">Al mismo tiempo, en la Capital se depositar\u00e1n flores en el Altar de la Patria en honor al Profesor Juan Bosch y a las 10 de ma\u00f1ana se reunir\u00e1n las c\u00e1maras del Congreso Nacional en una sesi\u00f3n solemne en la que participar\u00e1 el presidente de la Rep\u00fablica y varios diplom\u00e1ticos.<\/span><\/p>\n<p><span class=\"text1noticias\"> <\/span><\/p>\n<p><span class=\"text1noticias\">N\u00fa\u00f1ez Polanco indic\u00f3 que el d\u00eda del Centenario del Natalicio de Juan Bosch, concomitantemente, se realizar\u00e1n actividades en todas las provincias del pa\u00eds, las que se extender\u00e1n hasta finalizar este a\u00f1o.<\/span><\/p>\n<h6> 2009-06-17 19:07:32 <\/h6>\n<p><!--\n<link rel=\"stylesheet\" href=\"css\/bootstrap.min.css\">\n\n\n<ul class=\"pagination\">\n\t    \n\t\n\n<li >\n\t<a href='?page_no=21597'>Previous<\/a>\n\t<\/li>\n\n\n       \n    \n\n<li><a href='?page_no=1'>1<\/a><\/li>\n\n\n\n<li><a href='?page_no=2'>2<\/a><\/li>\n\n\n\n<li><a>...<\/a><\/li>\n\n\n\n<li><a href='?page_no=21596'>21596<\/a><\/li>\n\n\n\n<li><a href='?page_no=21597'>21597<\/a><\/li>\n\n\n\n<li class='active'><a>21598<\/a><\/li>\n\n\n\n<li><a href='?page_no=21599'>21599<\/a><\/li>\n\n\n\n<li><a href='?page_no=21600'>21600<\/a><\/li>\n\n\n\n<li><a>...<\/a><\/li>\n\n\n\n<li><a href='?page_no=22911'>22911<\/a><\/li>\n\n\n\n<li><a href='?page_no=22912'>22912<\/a><\/li>\n\n    \n\t\n\n<li >\n\t<a href='?page_no=21599'>Next<\/a>\n\t<\/li>\n\n\n    \n\n<li><a href='?page_no=22912'>Last &rsaquo;&rsaquo;<\/a><\/li>\n\n<\/ul>\n\n\n--><br \/>\n<\/body><\/p>\n","protected":false},"excerpt":{"rendered":"<p>Explicaciones de las actividades programas en del centenario del nacimiento del Profesor Juan Bosch. Di\u00f3medes N\u00fa\u00f1ez Polanco, miembro del Comit\u00e9 Central del Partido de la Liberaci\u00f3n Dominicana, asegur\u00f3 que el la direcci\u00f3n pol\u00edtica del PLD se ha cuidado de no aprovechar el escenario del Centenario del Natalicio del Profesor Juan Bosch para promover el partido, [&hellip;]<\/p>\n","protected":false},"author":3,"featured_media":0,"comment_status":"open","ping_status":"open","sticky":false,"template":"","format":"standard","meta":{"footnotes":""},"categories":[21],"tags":[],"class_list":["post-69920","post","type-post","status-publish","format-standard","hentry","category-cultura"],"_links":{"self":[{"href":"https:\/\/diariodominicano.com\/index.php?rest_route=\/wp\/v2\/posts\/69920","targetHints":{"allow":["GET"]}}],"collection":[{"href":"https:\/\/diariodominicano.com\/index.php?rest_route=\/wp\/v2\/posts"}],"about":[{"href":"https:\/\/diariodominicano.com\/index.php?rest_route=\/wp\/v2\/types\/post"}],"author":[{"embeddable":true,"href":"https:\/\/diariodominicano.com\/index.php?rest_route=\/wp\/v2\/users\/3"}],"replies":[{"embeddable":true,"href":"https:\/\/diariodominicano.com\/index.php?rest_route=%2Fwp%2Fv2%2Fcomments&post=69920"}],"version-history":[{"count":0,"href":"https:\/\/diariodominicano.com\/index.php?rest_route=\/wp\/v2\/posts\/69920\/revisions"}],"wp:attachment":[{"href":"https:\/\/diariodominicano.com\/index.php?rest_route=%2Fwp%2Fv2%2Fmedia&parent=69920"}],"wp:term":[{"taxonomy":"category","embeddable":true,"href":"https:\/\/diariodominicano.com\/index.php?rest_route=%2Fwp%2Fv2%2Fcategories&post=69920"},{"taxonomy":"post_tag","embeddable":true,"href":"https:\/\/diariodominicano.com\/index.php?rest_route=%2Fwp%2Fv2%2Ftags&post=69920"}],"curies":[{"name":"wp","href":"https:\/\/api.w.org\/{rel}","templated":true}]}}