{"id":69918,"date":"2009-06-17T20:07:02","date_gmt":"2009-06-17T20:07:02","guid":{"rendered":"http:\/\/diariodominicano.ddns.net\/?p=69918"},"modified":"2009-06-17T20:07:02","modified_gmt":"2009-06-17T20:07:02","slug":"perez-modesto-los-heroes-de-la-expedicion-constanza-maimon-y-estero-hondo-iniciaron-el-desmoronamiento-de-la-dictadura-de-trujillo","status":"publish","type":"post","link":"https:\/\/diariodominicano.com\/?p=69918","title":{"rendered":"P\u00e9rez Modesto; los h\u00e9roes de la expedici\u00f3n  Constanza, Maim\u00f3n y Estero Hondo iniciaron el desmoronamiento de la dictadura de Trujillo."},"content":{"rendered":"<p><body><\/p>\n<p><img decoding=\"async\" src=\"img3\/perez.jpg\" \/>  <\/p>\n<p><span class=\"text1noticias\">El licenciado Rafael P\u00e9rez Modesto Coordinador de la Comisi\u00f3n Presidencial para la Conmemoraci\u00f3n del 50 aniversario de la Gesta del 14 y 20 de Junio de 1959, dijo ayer antes estudiantes y profesores de la Pontificia Universidad Cat\u00f3lica Madre y Maestra (PUCMM) que lo 184 expedicionarios que llegaron al pa\u00eds en la Expedici\u00f3n de Constanza, Maim\u00f3n y Estero Hondo  iniciaron el proceso de  derrocamiento del r\u00e9gimen de Rafael Leonidas Trujillo que culmin\u00f3 con el ajusticiamiento del tirano el 30 de mayo de 1961 y la ca\u00edda posterior de su r\u00e9gimen tir\u00e1nico y opresivo.<\/span><\/p>\n<\/p>\n<p><span class=\"text1noticias\">P\u00e9rez Modesto al hablar en el auditorio de la PUCCM, recinto Santo Domingo, dijo  que  los expedicionarios de Constanza, Maim\u00f3n y Estero Hondo vinieron al pa\u00eds con el objetivo de poner termino al r\u00e9gimen de sangre y opresi\u00f3n del tirano que llevaba (al momento de la expedici\u00f3n) 29 a\u00f1os conduciendo la naci\u00f3n dominicana de manera unipersonal, donde todo lo que pudiera tener valor era para disfrute de Trujillo, sus familiares y seguidores  .<\/span><\/p>\n<\/p>\n<p><span class=\"text1noticias\">?Los expedicionarios de la Raza Inmortal vinieron al pa\u00eds lleno de patriotismo que aunque fracasaran militarmente, no lo seria moralmente ni espiritualmente, porque el germen de la libertad quedar\u00eda sembrado en la poblaci\u00f3n dominicana y nada ni nadie detendr\u00eda el proceso de derrumbe del r\u00e9gimen criminal y despiadado de Trujillo?, dijo el historiador y sobreviviente de la guerrilla de Manolo Tavares Justo de 1962.<\/span><\/p>\n<\/p>\n<p><span class=\"text1noticias\">En el acto donde estuvieron presentes los sobrevivientes de esta gesta Poncio Pou Saleta y Delio G\u00f3mez Ochoa as\u00ed como el presidente de la Fundaci\u00f3n H\u00e9roes de Constanza, Maim\u00f3n y Estero Hondo, ingeniero Porfirio Rodr\u00edguez  P\u00e9rez  describi\u00f3 la gesta hist\u00f3rica de junio de 1959 como la ?luz en el camino hacia la libertad?.<\/span><\/p>\n<\/p>\n<p><span class=\"text1noticias\">El licenciado Rafael P\u00e9rez Modesto, dijo que ?los h\u00e9roes de la expedici\u00f3n  Constanza, Maim\u00f3n y Estero Hondo iniciaron el desmoronamiento de las bases de la dictadura y el fortalecimiento de la conciencia nacional sobre la necesidad de parar definitivamente los cr\u00edmenes y atropellos del trujillato?.<\/span><\/p>\n<\/p>\n<p><span class=\"text1noticias\">P\u00e9rez Modesto, Secretario de Estado,  destac\u00f3 que la gesti\u00f3n de gobierno del Presidente Leonel Fern\u00e1ndez no s\u00f3lo impulsa los cambios en el orden econ\u00f3mico, sino tambi\u00e9n el fervor y sentimiento patri\u00f3tico del pueblo, resalt\u00f3 que una muestra es precisamente los actos que se han organizado con motivo de conmemorarse 50 a\u00f1os de este hecho tan singular en nuestra historia. <\/span><\/p>\n<\/p>\n<p><span class=\"text1noticias\">Con motivo de conmemorarse 50 a\u00f1os de esta gesta el Gobierno Dominicano creo mediante decreto 55-09  una comisi\u00f3n encargada de la organizaci\u00f3n de los actos que al respecto se desarrollar\u00e1n.<\/span><\/p>\n<p><span class=\"text1noticias\">La comisi\u00f3n la integran adem\u00e1s de Rafael P\u00e9rez Modesto, Coordinador,    Juan Daniel Balc\u00e1cer,  presidente de la Comisi\u00f3n Permanente de Efem\u00e9rides Patria, los sobrevivientes; Poncio Pou Saleta, Mayobanex Vargas Vargas, Delio G\u00f3mez Ochoa.<\/span><\/p>\n<\/p>\n<p><span class=\"text1noticias\">Adem\u00e1s Arnulfo Reyes, en representaci\u00f3n de la Federaci\u00f3n de Fundaciones Patri\u00f3ticas, Porfirio Rodr\u00edguez de la Fundaci\u00f3n H\u00e9roes de Constanza, Maim\u00f3n y Estero Hondo  y representantes de las secretarias de Educaci\u00f3n y de Cultura.<\/span><\/p>\n<\/p>\n<p><span class=\"text1noticias\">Con motivo del 50 aniversario de la Raza Inmortal se ha estado desarrollando  un amplio programa de actividades que incluyen la Inauguraci\u00f3n de la Sala Memorial en el Centro de los H\u00e9roes, Constanza y Estero Hondo, el d\u00eda 10 de junio, el 12 se realizo el panel ?14 de Junio? en el Club Espa\u00f1ol de Constanza con la participaci\u00f3n de  Carmen Dur\u00e1n y Rafael P\u00e9rez.<\/span><\/p>\n<\/p>\n<p><span class=\"text1noticias\">El d\u00eda 14 se oficio una misa en el Monumento  a los H\u00e9roes de la esta gesta en el Centro de los  H\u00e9roes, dicha eucarist\u00eda estuvo presidida por su Excelencia Reverend\u00edsima, Monse\u00f1or Cardenal  Nicol\u00e1s de Jes\u00fas L\u00f3pez Rodr\u00edguez.<\/span><\/p>\n<h6> 2009-06-17 20:07:02 <\/h6>\n<p><!--\n<link rel=\"stylesheet\" href=\"css\/bootstrap.min.css\">\n\n\n<ul class=\"pagination\">\n\t    \n\t\n\n<li >\n\t<a href='?page_no=21595'>Previous<\/a>\n\t<\/li>\n\n\n       \n    \n\n<li><a href='?page_no=1'>1<\/a><\/li>\n\n\n\n<li><a href='?page_no=2'>2<\/a><\/li>\n\n\n\n<li><a>...<\/a><\/li>\n\n\n\n<li><a href='?page_no=21594'>21594<\/a><\/li>\n\n\n\n<li><a href='?page_no=21595'>21595<\/a><\/li>\n\n\n\n<li class='active'><a>21596<\/a><\/li>\n\n\n\n<li><a href='?page_no=21597'>21597<\/a><\/li>\n\n\n\n<li><a href='?page_no=21598'>21598<\/a><\/li>\n\n\n\n<li><a>...<\/a><\/li>\n\n\n\n<li><a href='?page_no=22911'>22911<\/a><\/li>\n\n\n\n<li><a href='?page_no=22912'>22912<\/a><\/li>\n\n    \n\t\n\n<li >\n\t<a href='?page_no=21597'>Next<\/a>\n\t<\/li>\n\n\n    \n\n<li><a href='?page_no=22912'>Last &rsaquo;&rsaquo;<\/a><\/li>\n\n<\/ul>\n\n\n--><br \/>\n<\/body><\/p>\n","protected":false},"excerpt":{"rendered":"<p>El licenciado Rafael P\u00e9rez Modesto Coordinador de la Comisi\u00f3n Presidencial para la Conmemoraci\u00f3n del 50 aniversario de la Gesta del 14 y 20 de Junio de 1959, dijo ayer antes estudiantes y profesores de la Pontificia Universidad Cat\u00f3lica Madre y Maestra (PUCMM) que lo 184 expedicionarios que llegaron al pa\u00eds en la Expedici\u00f3n de Constanza, [&hellip;]<\/p>\n","protected":false},"author":3,"featured_media":0,"comment_status":"open","ping_status":"open","sticky":false,"template":"","format":"standard","meta":{"footnotes":""},"categories":[21],"tags":[],"class_list":["post-69918","post","type-post","status-publish","format-standard","hentry","category-cultura"],"_links":{"self":[{"href":"https:\/\/diariodominicano.com\/index.php?rest_route=\/wp\/v2\/posts\/69918","targetHints":{"allow":["GET"]}}],"collection":[{"href":"https:\/\/diariodominicano.com\/index.php?rest_route=\/wp\/v2\/posts"}],"about":[{"href":"https:\/\/diariodominicano.com\/index.php?rest_route=\/wp\/v2\/types\/post"}],"author":[{"embeddable":true,"href":"https:\/\/diariodominicano.com\/index.php?rest_route=\/wp\/v2\/users\/3"}],"replies":[{"embeddable":true,"href":"https:\/\/diariodominicano.com\/index.php?rest_route=%2Fwp%2Fv2%2Fcomments&post=69918"}],"version-history":[{"count":0,"href":"https:\/\/diariodominicano.com\/index.php?rest_route=\/wp\/v2\/posts\/69918\/revisions"}],"wp:attachment":[{"href":"https:\/\/diariodominicano.com\/index.php?rest_route=%2Fwp%2Fv2%2Fmedia&parent=69918"}],"wp:term":[{"taxonomy":"category","embeddable":true,"href":"https:\/\/diariodominicano.com\/index.php?rest_route=%2Fwp%2Fv2%2Fcategories&post=69918"},{"taxonomy":"post_tag","embeddable":true,"href":"https:\/\/diariodominicano.com\/index.php?rest_route=%2Fwp%2Fv2%2Ftags&post=69918"}],"curies":[{"name":"wp","href":"https:\/\/api.w.org\/{rel}","templated":true}]}}