{"id":69915,"date":"2009-06-18T17:22:07","date_gmt":"2009-06-18T17:22:07","guid":{"rendered":"http:\/\/diariodominicano.ddns.net\/?p=69915"},"modified":"2009-06-18T17:22:07","modified_gmt":"2009-06-18T17:22:07","slug":"un-seminario-para-el-reencuentro-espiritual","status":"publish","type":"post","link":"https:\/\/diariodominicano.com\/?p=69915","title":{"rendered":"Un seminario para el reencuentro espiritual"},"content":{"rendered":"<p><body><\/p>\n<p><img decoding=\"async\" src=\"img3\/pucmm.jpg\" \/>  <\/p>\n<p><span class=\"text1noticias\">La Pontificia Universidad Cat\u00f3lica Madre y Maestra realizar\u00e1 el  Seminario de Crecimiento Humano y Profesional, en el Teatro Universitario del campus de Santiago de los Caballeros<\/span><\/p>\n<\/p>\n<p><span class=\"text1noticias\">Santiago.- La Pastoral Juvenil de la Pontificia Universidad Cat\u00f3lica Madre y Maestra en Santiago realizar\u00e1 la d\u00e9cimo primera versi\u00f3n del ?Seminario de crecimiento humano &#8211; profesional?, este 2009 con el t\u00edtulo de ?Redefiniendo Criterios: Renovando el Motor Humano con Calidad y Efectividad?.<\/span><\/p>\n<\/p>\n<p><span class=\"text1noticias\">La actividad est\u00e1 pautada para el s\u00e1bado 27 de junio, en el Teatro Universitario de la PUCMM, en Santiago, desde las 8:00 am a 5:00 pm; con una inversi\u00f3n de RD$1,300.00.<\/span><\/p>\n<\/p>\n<p><span class=\"text1noticias\">Este c\u00f3nclave est\u00e1 dirigido a profesionales y estudiantes de todas \u00e1reas y de cualquier centro acad\u00e9mico.<\/span><\/p>\n<\/p>\n<p><span class=\"text1noticias\">Jos\u00e9 Gonz\u00e1lez, encargado de Mercadeo del Seminario, se\u00f1al\u00f3 que ?tiene como objetivo principal primero retomar la parte humana y segundo la profesional como tal, entendiendo que a partir del cambio humano, cambian todos los dem\u00e1s aspectos de la persona?. <\/span><\/p>\n<\/p>\n<p><span class=\"text1noticias\">El Seminario tratar\u00e1 temas de ordenamiento personal, tales como el ?Emprendedurismo? (una herramienta para el desarrollo humano), ?Programaci\u00f3n neuroling\u00fc\u00edstica? (PNL), ?Innovaci\u00f3n y creatividad? y ?Cambios desde una perspectiva singular?.<\/span><\/p>\n<\/p>\n<p><span class=\"text1noticias\">Las ponencias estar\u00e1n a cargo de Ricardo Bonetti, M\u00f3nica Est\u00e9vez y Francisco Javier Bernal, respectivamente. Seg\u00fan agreg\u00f3 Gonz\u00e1lez, la charla motivadora titulada ?Cambios desde una perspectiva singular? estar\u00e1 a cargo de un conferencista sorpresa.<\/span><\/p>\n<\/p>\n<p><span class=\"text1noticias\">?A diferencia de los a\u00f1os anteriores, este tiene la particularidad de tratar la parte espiritual de hombre, independientemente de su religi\u00f3n; enfocar al ser humano a partir de una motivaci\u00f3n de la creencia, para un cambio positivo en el ser humano?, precis\u00f3 Gonz\u00e1lez.<\/span><\/p>\n<\/p>\n<p><span class=\"text1noticias\">El motivo principal de este seminario es recaudar fondos a beneficio de los nueve ministerios de la pastoral, que son: Complemento, C\u00edrculo de oraci\u00f3n vida en Cristo, Ministerio de evangelizaci\u00f3n, Ministerio musical, Catequesis, FUNCREEMOS (Fundaci\u00f3n Crecimiento Espiritual Motivado al Servicio Inc.), Campamento verano, Campamento de  veteranos y Seminarios de crecimiento humano y profesional.<\/span><\/p>\n<\/p>\n<p><span class=\"text1noticias\">Un camino recorrido <\/span><\/p>\n<\/p>\n<p><span class=\"text1noticias\">Durante 10 a\u00f1os la Pastoral Juvenil Universitaria ha realizado este seminario, coordinado por Ricardo Pi\u00f1eyro, con el fin del provocar un cambio en los seres humanos. ?Se han tratado siempre temas a nivel profesional, sin embargo este a\u00f1o tiene la particularidad de centrarse en la \u00e9tica personal, para lograr modificar el comportamiento profesional?, reiter\u00f3 el encargado de Mercadeo del Seminario <\/span><\/p>\n<\/p>\n<p><span class=\"text1noticias\">En esta entrega habr\u00e1 ciertas modificaciones: el seminario se realizar\u00e1 s\u00f3lo en un d\u00eda, desde el comienzo habr\u00e1 m\u00e1s interacci\u00f3n entre p\u00fablico y charlista, 15 j\u00f3venes estudiantes y profesionales estar\u00e1n a cargo de la coordinaci\u00f3n del evento.<\/span><\/p>\n<\/p>\n<p><span class=\"text1noticias\">Sobre la PUCMM <\/span><\/p>\n<p><span class=\"text1noticias\">La Pontificia Universidad Cat\u00f3lica Madre y Maestra fue fundada por la Conferencia del Episcopado Dominicano en 1962. Nace en Santiago de los Caballeros como una respuesta a las necesidades que en materia educativa fueron surgiendo en el pa\u00eds en su proceso de desarrollo econ\u00f3mico y social a ra\u00edz de la muerte del dictador Rafael Leonidas Trujillo.<\/span><\/p>\n<p><span class=\"text1noticias\">Se denomin\u00f3 Madre y Maestra como homenaje a la Gran Enc\u00edclica Social de Su Santidad Juan XXIII, en cuyos principios fundamentales se inspira.<\/span><\/p>\n<p><span class=\"text1noticias\">En el a\u00f1o 1987, en la celebraci\u00f3n del Jubileo de Plata de la Universidad, Su Santidad Juan Pablo II la reconoci\u00f3 como Universidad Cat\u00f3lica y Pontificia.<\/span><\/p>\n<\/p>\n<h6> 2009-06-18 17:22:07 <\/h6>\n<p><!--\n<link rel=\"stylesheet\" href=\"css\/bootstrap.min.css\">\n\n\n<ul class=\"pagination\">\n\t    \n\t\n\n<li >\n\t<a href='?page_no=21592'>Previous<\/a>\n\t<\/li>\n\n\n       \n    \n\n<li><a href='?page_no=1'>1<\/a><\/li>\n\n\n\n<li><a href='?page_no=2'>2<\/a><\/li>\n\n\n\n<li><a>...<\/a><\/li>\n\n\n\n<li><a href='?page_no=21591'>21591<\/a><\/li>\n\n\n\n<li><a href='?page_no=21592'>21592<\/a><\/li>\n\n\n\n<li class='active'><a>21593<\/a><\/li>\n\n\n\n<li><a href='?page_no=21594'>21594<\/a><\/li>\n\n\n\n<li><a href='?page_no=21595'>21595<\/a><\/li>\n\n\n\n<li><a>...<\/a><\/li>\n\n\n\n<li><a href='?page_no=22911'>22911<\/a><\/li>\n\n\n\n<li><a href='?page_no=22912'>22912<\/a><\/li>\n\n    \n\t\n\n<li >\n\t<a href='?page_no=21594'>Next<\/a>\n\t<\/li>\n\n\n    \n\n<li><a href='?page_no=22912'>Last &rsaquo;&rsaquo;<\/a><\/li>\n\n<\/ul>\n\n\n--><br \/>\n<\/body><\/p>\n","protected":false},"excerpt":{"rendered":"<p>La Pontificia Universidad Cat\u00f3lica Madre y Maestra realizar\u00e1 el Seminario de Crecimiento Humano y Profesional, en el Teatro Universitario del campus de Santiago de los Caballeros Santiago.- La Pastoral Juvenil de la Pontificia Universidad Cat\u00f3lica Madre y Maestra en Santiago realizar\u00e1 la d\u00e9cimo primera versi\u00f3n del ?Seminario de crecimiento humano &#8211; profesional?, este 2009 con [&hellip;]<\/p>\n","protected":false},"author":3,"featured_media":0,"comment_status":"open","ping_status":"open","sticky":false,"template":"","format":"standard","meta":{"footnotes":""},"categories":[21],"tags":[],"class_list":["post-69915","post","type-post","status-publish","format-standard","hentry","category-cultura"],"_links":{"self":[{"href":"https:\/\/diariodominicano.com\/index.php?rest_route=\/wp\/v2\/posts\/69915","targetHints":{"allow":["GET"]}}],"collection":[{"href":"https:\/\/diariodominicano.com\/index.php?rest_route=\/wp\/v2\/posts"}],"about":[{"href":"https:\/\/diariodominicano.com\/index.php?rest_route=\/wp\/v2\/types\/post"}],"author":[{"embeddable":true,"href":"https:\/\/diariodominicano.com\/index.php?rest_route=\/wp\/v2\/users\/3"}],"replies":[{"embeddable":true,"href":"https:\/\/diariodominicano.com\/index.php?rest_route=%2Fwp%2Fv2%2Fcomments&post=69915"}],"version-history":[{"count":0,"href":"https:\/\/diariodominicano.com\/index.php?rest_route=\/wp\/v2\/posts\/69915\/revisions"}],"wp:attachment":[{"href":"https:\/\/diariodominicano.com\/index.php?rest_route=%2Fwp%2Fv2%2Fmedia&parent=69915"}],"wp:term":[{"taxonomy":"category","embeddable":true,"href":"https:\/\/diariodominicano.com\/index.php?rest_route=%2Fwp%2Fv2%2Fcategories&post=69915"},{"taxonomy":"post_tag","embeddable":true,"href":"https:\/\/diariodominicano.com\/index.php?rest_route=%2Fwp%2Fv2%2Ftags&post=69915"}],"curies":[{"name":"wp","href":"https:\/\/api.w.org\/{rel}","templated":true}]}}