{"id":69914,"date":"2009-06-18T18:51:59","date_gmt":"2009-06-18T18:51:59","guid":{"rendered":"http:\/\/diariodominicano.ddns.net\/?p=69914"},"modified":"2009-06-18T18:51:59","modified_gmt":"2009-06-18T18:51:59","slug":"anuncian-celebracion-del-6to-congreso-ilale-2009","status":"publish","type":"post","link":"https:\/\/diariodominicano.com\/?p=69914","title":{"rendered":"Anuncian celebraci\u00f3n del 6to Congreso ILALE 2009"},"content":{"rendered":"<p><body><\/p>\n<p><img decoding=\"async\" src=\"http:\/\/localhost:8080\/img3\/unica.jpg\" \/>  <\/p>\n<p><span class=\"text1noticias\">En su sexta versi\u00f3n, este importante c\u00f3nclave, en el que participar\u00e1n expertos en el \u00e1mbito educativo de de Estados Unidos, Colombia, Costa Rica y Rep\u00fablica Dominicana, se articula en torno a los ejes: tendencias curriculares, responsabilidad social e ingl\u00e9s como segundo idioma. <\/span><\/p>\n<\/p>\n<p><span class=\"text1noticias\">Con el objetivo de promover una reflexi\u00f3n sobre las oportunidades para impactar la educaci\u00f3n que nos plantea la sociedad del conocimiento y la informaci\u00f3n, se realizar\u00e1 el 6to Congreso ILALE 2009 (Instituto Latinoamericano de Liderazgo Educacional), el pr\u00f3ximo jueves 25 y viernes 26 de junio en los salones del Hotel Santo Domingo, con el apoyo de Nova Southesatern University de Miami.<\/span><\/p>\n<\/p>\n<p><span class=\"text1noticias\">Este importante c\u00f3nclave se lleva a cabo en coordinaci\u00f3n con INTEC, UCATECI, UNICDA, UASD, ISFODOSU, UCADE, UNICARIBE, UCNE y EDUCA, y contar\u00e1 con la presencia de expertos nacionales e internacionales, quienes abordar\u00e1n aspectos relevantes relacionados con las ?oportunidades para la educaci\u00f3n en una sociedad globalizada?.<\/span><\/p>\n<\/p>\n<p><span class=\"text1noticias\">Entre los expositores que participar\u00e1n en este encuentro del saber, figura el experto costarricense Dr. Ren\u00e9 Castro, Ex-Ministro de Medio Ambiente de Costa Rica y Profesor de INCAE Bussiness School, quien abordar\u00e1 la tem\u00e1tica: ?La responsabilidad social  como eje transversal en la educaci\u00f3n?.<\/span><\/p>\n<\/p>\n<p><span class=\"text1noticias\">De su lado, la especialista en educaci\u00f3n biling\u00fce y profesora de NSUILALE, Miami, Dra. Lourdes Rovira, dictar\u00e1 la conferencia: ?Oportunidades para el desarrollo de una educaci\u00f3n integral: Ense\u00f1anza del ingl\u00e9s para la competitividad\u00a8, en tanto que el Vicerrector Acad\u00e9mico de la Universidad de los Andes, Colombia, Jos\u00e9 Toro G\u00f3mez, analizar\u00e1 el t\u00f3pico: ?Educaci\u00f3n por competencias y nuevos paradigmas de calidad en educaci\u00f3n superior?<\/span><\/p>\n<\/p>\n<p><span class=\"text1noticias\">El ciclo de conferencias inicia con la participaci\u00f3n de la Coordinadora Acad\u00e9mica de la Asociaci\u00f3n Colombiana de Universidades, Xiomara Xarur Miranda, quien disertar\u00e1 sobre las ?Tendencias educativas del siglo XXI en una sociedad globalizada: una mirada comparativa?.<\/span><\/p>\n<\/p>\n<p><span class=\"text1noticias\">En el marco del Congreso, se desarrollar\u00e1 un panel titulado: ?Estrategias para la transformaci\u00f3n del curr\u00edculo en el sistema educativo: Evaluaci\u00f3n de experiencias y an\u00e1lisis prospectivo?, moderado por Pedro Eduardo Guti\u00e9rrez, y en el que participar\u00e1n representantes locales de instituciones educativas oficiales, entre los que figura   Dinorah  De Lima, de la Secretar\u00eda de Estado de Educaci\u00f3n;  Jos\u00e9 Armando Tav\u00e1rez, del Instituto Tecnol\u00f3gico de las Am\u00e9ricas (ITLA);  Maura Corpor\u00e1n, del Instituto de Formaci\u00f3n T\u00e9cnico Profesional, y  Rolando Guzm\u00e1n, de Grupo Pareto. <\/span><\/p>\n<\/p>\n<p><span class=\"text1noticias\">En el acto de apertura del evento se espera la presencia del Excelent\u00edsimo Presidente de la Rep\u00fablica, Doctor Leonel Fern\u00e1ndez, as\u00ed como de autoridades en el \u00e1mbito educativo nacional, entre los que cabe destacar a Melanio Paredes, Secretario de Estado de Educaci\u00f3n;  Ligia Amada Melo, Secretaria de Estado de Educaci\u00f3n Superior, Ciencia y Tecnolog\u00eda, as\u00ed como representantes de las instituciones del sistema educativo nacional. Por otra parte, estar\u00e1 presente una nutrida representaci\u00f3n de participantes provenientes de los Estados Unidos y Belice. <\/span><\/p>\n<\/p>\n<p><span class=\"text1noticias\">Los detalles fueron dados a conocer en rueda de prensa, en la que estuvieron presentes Aida Consuelo Hern\u00e1ndez Bonelly, Directora Ejecutiva de Acci\u00f3n por la Educaci\u00f3n B\u00e1sica (EDUCA); Thelma Camarena, Vicerrectora Acad\u00e9mica de la Universidad Dominico Americana (UNICDA); V\u00edctor Encarnaci\u00f3n,  de la Universidad Aut\u00f3noma de Santo  Domingo (UASD); F\u00e1tima Pons, de la Universidad del Caribe (UNICARIBE); Carlos Burgos, de la Universidad Cat\u00f3lica del Este (UCADE), y Alba Henr\u00edquez, Coordinadora General del 6to Congreso ILALE 2009.<\/span><\/p>\n<\/p>\n<p><span class=\"text1noticias\">Seg\u00fan sus organizadores, una de las razones por la que se realiza este Congreso obedece al hecho de que ?la globalizaci\u00f3n que vivimos en los momentos actuales nos mueve hacia mercados competitivos y ha generado un crecimiento masivo de las industrias del conocimiento?.<\/span><\/p>\n<\/p>\n<p><span class=\"text1noticias\">Agregan que este complejo fen\u00f3meno de la globalizaci\u00f3n est\u00e1 teniendo unos efectos profundos en la sociedad en general y en particular en el sistema educativo.<\/span><\/p>\n<\/p>\n<p><span class=\"text1noticias\">?Fruto de este dinamismo de la sociedad. Las instituciones educativas enfrentan nuevas oportunidades y asumen nuevos roles, por lo que no pueden permanecer ajenas a las fuerzas globales que generan cambios. En ese sentido, el Instituto de Lierazgo Educacional (ILALE) como espacio para el di\u00e1logo acerca de temas esenciales en la educaci\u00f3n actual latinoamericana y caribe\u00f1a, plantea en este 6to Congreso ILALE 2009 el tema: ?Oportunidades para la educaci\u00f3n en una sociedad globalizada?, puntualizaron.<\/span><\/p>\n<\/p>\n<p><span class=\"text1noticias\">En su sexta versi\u00f3n, el Congreso ILALE ofrece a la comunidad educativa la oportunidad de ampliar la oferta, para que la misma favorezca la inserci\u00f3n en la sociedad global, el domino del ingl\u00e9s como segundo idioma y la convivencia con el ambiente natural en el marco de la responsabilidad social.<\/span><\/p>\n<\/p>\n<p><span class=\"text1noticias\">Desde sus inicios,  el Congreso ILALE, ha contado con el respaldo de toda la comunidad educativa nacional y han tenido presencia en el mismo autoridades de las principales universidades nacionales e internacionales.<\/span><\/p>\n<h6> 2009-06-18 18:51:59 <\/h6>\n<p><!--\n<link rel=\"stylesheet\" href=\"css\/bootstrap.min.css\">\n\n\n<ul class=\"pagination\">\n\t    \n\t\n\n<li >\n\t<a href='?page_no=21591'>Previous<\/a>\n\t<\/li>\n\n\n       \n    \n\n<li><a href='?page_no=1'>1<\/a><\/li>\n\n\n\n<li><a href='?page_no=2'>2<\/a><\/li>\n\n\n\n<li><a>...<\/a><\/li>\n\n\n\n<li><a href='?page_no=21590'>21590<\/a><\/li>\n\n\n\n<li><a href='?page_no=21591'>21591<\/a><\/li>\n\n\n\n<li class='active'><a>21592<\/a><\/li>\n\n\n\n<li><a href='?page_no=21593'>21593<\/a><\/li>\n\n\n\n<li><a href='?page_no=21594'>21594<\/a><\/li>\n\n\n\n<li><a>...<\/a><\/li>\n\n\n\n<li><a href='?page_no=22911'>22911<\/a><\/li>\n\n\n\n<li><a href='?page_no=22912'>22912<\/a><\/li>\n\n    \n\t\n\n<li >\n\t<a href='?page_no=21593'>Next<\/a>\n\t<\/li>\n\n\n    \n\n<li><a href='?page_no=22912'>Last &rsaquo;&rsaquo;<\/a><\/li>\n\n<\/ul>\n\n\n--><br \/>\n<\/body><\/p>\n","protected":false},"excerpt":{"rendered":"<p>En su sexta versi\u00f3n, este importante c\u00f3nclave, en el que participar\u00e1n expertos en el \u00e1mbito educativo de de Estados Unidos, Colombia, Costa Rica y Rep\u00fablica Dominicana, se articula en torno a los ejes: tendencias curriculares, responsabilidad social e ingl\u00e9s como segundo idioma. Con el objetivo de promover una reflexi\u00f3n sobre las oportunidades para impactar la [&hellip;]<\/p>\n","protected":false},"author":3,"featured_media":0,"comment_status":"open","ping_status":"open","sticky":false,"template":"","format":"standard","meta":{"footnotes":""},"categories":[21],"tags":[],"class_list":["post-69914","post","type-post","status-publish","format-standard","hentry","category-cultura"],"_links":{"self":[{"href":"https:\/\/diariodominicano.com\/index.php?rest_route=\/wp\/v2\/posts\/69914","targetHints":{"allow":["GET"]}}],"collection":[{"href":"https:\/\/diariodominicano.com\/index.php?rest_route=\/wp\/v2\/posts"}],"about":[{"href":"https:\/\/diariodominicano.com\/index.php?rest_route=\/wp\/v2\/types\/post"}],"author":[{"embeddable":true,"href":"https:\/\/diariodominicano.com\/index.php?rest_route=\/wp\/v2\/users\/3"}],"replies":[{"embeddable":true,"href":"https:\/\/diariodominicano.com\/index.php?rest_route=%2Fwp%2Fv2%2Fcomments&post=69914"}],"version-history":[{"count":0,"href":"https:\/\/diariodominicano.com\/index.php?rest_route=\/wp\/v2\/posts\/69914\/revisions"}],"wp:attachment":[{"href":"https:\/\/diariodominicano.com\/index.php?rest_route=%2Fwp%2Fv2%2Fmedia&parent=69914"}],"wp:term":[{"taxonomy":"category","embeddable":true,"href":"https:\/\/diariodominicano.com\/index.php?rest_route=%2Fwp%2Fv2%2Fcategories&post=69914"},{"taxonomy":"post_tag","embeddable":true,"href":"https:\/\/diariodominicano.com\/index.php?rest_route=%2Fwp%2Fv2%2Ftags&post=69914"}],"curies":[{"name":"wp","href":"https:\/\/api.w.org\/{rel}","templated":true}]}}