{"id":69913,"date":"2009-06-19T14:44:10","date_gmt":"2009-06-19T14:44:10","guid":{"rendered":"http:\/\/diariodominicano.ddns.net\/?p=69913"},"modified":"2009-06-19T14:44:10","modified_gmt":"2009-06-19T14:44:10","slug":"cultura-inaugura-vi-festival-internacional-de-teatro-santo-domingo-2009","status":"publish","type":"post","link":"https:\/\/diariodominicano.com\/?p=69913","title":{"rendered":"Cultura inaugura VI Festival Internacional de Teatro Santo Domingo 2009"},"content":{"rendered":"<p><body><\/p>\n<p><img decoding=\"async\" src=\"img3\/teatro.jpg\" \/>  <\/p>\n<p><span class=\"text1noticias\">La Secretar\u00eda de Estado de Cultura inaugur\u00f3 la ?VI Versi\u00f3n del Festival Internacional de Teatro Santo Domingo 2009?, con homenaje a Maricusa Ornes y Eduardo Di Mauro, y la presentaci\u00f3n del espect\u00e1culo teatral ?La Muchacha de los Libros Usados?.  El Festival se celebra hasta el 24 del presente mes en distintos escenarios de Santo Domingo y Santiago de los Caballeros.<\/span><\/p>\n<p><span class=\"text1noticias\"> <\/span><\/p>\n<p><span class=\"text1noticias\">La mesa de honor del acto de apertura realizado en el Sal\u00f3n La C\u00fapula del Palacio de Bellas Artes estuvo integrada por el Ministro de Cultura, Jos\u00e9 Rafael Lantigua; Karina Noble, Directora Ejecutiva del VI Festival Internacional de Teatro; C\u00e9sar Pina Toribio, Secretario de Estado de la Presidencia; Bernarda Jorge, Subsecretaria de Creatividad y Participaci\u00f3n Popular; Franklin Dom\u00ednguez, Director General de Bellas Artes; Freddy Ginebra,  Consultor Comisario del Festival y los invitados de honor Eduardo Di Mauro y Maricusa Ornes.<\/span><\/p>\n<\/p>\n<p><span class=\"text1noticias\">Karina Noble, directora Ejecutiva del Festival al pronunciar las palabras de bienvenida dijo que ?hace exactamente 12 a\u00f1os, un grupo de teatristas dominicanos, decidimos reclamar nuestro espacio frente a quienes entonces, no cre\u00edan en nosotros. A una voz levantamos nuestra consigna y como peregrinos tomamos las calles. Recuerdo perfectamente cuando en esta misma sala, los hermanos teatristas latinoamericanos que se presentaban, reclamaron en apoyo a nuestra causa, compartir escenario?, manifest\u00f3 la directora del festival.<\/span><\/p>\n<p><span class=\"text1noticias\"> <\/span><\/p>\n<p><span class=\"text1noticias\">Se\u00f1al\u00f3 que al celebrar el VI Festival Internacional de Teatro, la Secretar\u00eda de Estado de Cultura cumple con dos importantes objetivos trazados; estos son: el derecho de los dominicanos de presenciar espect\u00e1culos teatrales de alta calidad, que estimulen la creatividad y la imaginaci\u00f3n y promover el teatro dominicano como un quehacer valioso que merece la atenci\u00f3n especial de la sociedad  dominicana.<\/span><\/p>\n<p><span class=\"text1noticias\"> <\/span><\/p>\n<p><span class=\"text1noticias\">Luego el Secretario de Estado de Cultura, Jos\u00e9 Rafael Lantigua se dirigi\u00f3 a la audiencia para pronunciar el discurso central en el que expres\u00f3 que ?El teatro es un reflejo de la vida.  Y es por tanto, significaci\u00f3n y materia, vivencia y espiritualidad, sensaci\u00f3n y hartazgo, ida y regreso, gloria y ocaso.  ?Las flores del arte dram\u00e1tico echan sus ra\u00edces en la acci\u00f3n cruda, ha dicho Bentley, y cuando disfrutamos una puesta en escena, mientras el actor o la actriz se desdobla y se busca en la otredad de la vivencia que representa, el espectador se debate entre la certeza del absurdo y los abismos de la naturaleza humana?, expuso en su discurso  de la noche.<\/span><\/p>\n<p><span class=\"text1noticias\"> <\/span><\/p>\n<p><span class=\"text1noticias\">En su intervenci\u00f3n, dijo que el teatro que se comenz\u00f3 a disfrutar desde la noche inaugural es una apuesta por la vitalidad del drama como esencia de la vida com\u00fan, como realidad del sentir cotidiano, como manifestaci\u00f3n del rigor de la realidad.<\/span><\/p>\n<p><span class=\"text1noticias\"> <\/span><\/p>\n<p><span class=\"text1noticias\">?Los escenarios que se abren a partir de esta misma noche a la experiencia humana y social del teatro, como expresi\u00f3n de libertad, como escuela de pasi\u00f3n y como esencialidad vital, se convierten en refugios vigorosos de las vivencias humanas, desde sus sangrantes epifan\u00edas hasta sus regocijantes certezas?.<\/span><\/p>\n<p><span class=\"text1noticias\"> <\/span><\/p>\n<p><span class=\"text1noticias\">Destac\u00f3 que en esta edici\u00f3n, ?El Festival Internacional de Teatro de Santo Domingo incorpora manifestaciones de 9 pa\u00edses, y se exhibe con orgullo las creaciones dramat\u00fargicas de los teatristas dominicanos que con esfuerzo y tenacidad construyen el presente y el porvenir de la escena nacional?.<\/span><\/p>\n<p><span class=\"text1noticias\"> <\/span><\/p>\n<p><span class=\"text1noticias\">El Festival Internacional de Teatro est\u00e1 dedicado a  la directora y actriz teatral Maricusa Ornes y  al dramaturgo y titiritero argentino-venezolano Eduardo Di Mauro, quienes recibieron reconocimientos de manos de Jos\u00e9 Rafael Lantigua.  <\/span><\/p>\n<\/p>\n<p><span class=\"text1noticias\">Maricusa Ornes, Directora de Teatro, Declamadora de fama internacional, creadora de la Poes\u00eda Coreada en Latinoam\u00e9rica, maestra de seis generaciones de actores y actrices en Puerto Rico y la Rep\u00fablica Dominicana, por su legado al arte a trav\u00e9s de la ense\u00f1anza y su imperecedero  amor de servir a la naci\u00f3n dominicana con un alto sentido de  dignidad y fe en la Patria. <\/span><\/p>\n<p><span class=\"text1noticias\"> <\/span><\/p>\n<p><span class=\"text1noticias\">Mientras que la Secretar\u00eda de Cultura entrega la distinci\u00f3n al extraordinario ser humano; al artista creativo y al maestro incansable Eduardo Di Mauro, por sus valiosos aportes a la formaci\u00f3n de titiriteros y titiriteras y la promoci\u00f3n del maravilloso arte del teatro de mu\u00f1ecos en nuestro pa\u00eds.<\/span><\/p>\n<p><span class=\"text1noticias\"> <\/span><\/p>\n<p><span class=\"text1noticias\">La parte art\u00edstica del acto de apertura fue responsabilidad del Conjunto de M\u00fasica Antigua ?Ars Longa?, de Cuba. Luego de concluida la parte protocolar se invit\u00f3 a los presentes a la Sala M\u00e1ximo Avil\u00e9s Blonda para disfrutar la obra que dio apertura al Sexto Festival Internacional de Teatro Santo Domingo 2009 titulada ?La muchacha de los Libros Usados?, a cargo del teatro Malayerba, de Ecuador y dirigida por Ar\u00edstides Vargas. <\/span><\/p>\n<\/p>\n<p><span class=\"text1noticias\">Al final se disfrut\u00f3 de una gran fiesta de inauguraci\u00f3n en el Anfiteatro Sur, quedando formalmente inaugurado el VI Festival Internacional de Teatro Santo Domingo 2009.<\/span><\/p>\n<h6> 2009-06-19 14:44:10 <\/h6>\n<p><!--\n<link rel=\"stylesheet\" href=\"css\/bootstrap.min.css\">\n\n\n<ul class=\"pagination\">\n\t    \n\t\n\n<li >\n\t<a href='?page_no=21590'>Previous<\/a>\n\t<\/li>\n\n\n       \n    \n\n<li><a href='?page_no=1'>1<\/a><\/li>\n\n\n\n<li><a href='?page_no=2'>2<\/a><\/li>\n\n\n\n<li><a>...<\/a><\/li>\n\n\n\n<li><a href='?page_no=21589'>21589<\/a><\/li>\n\n\n\n<li><a href='?page_no=21590'>21590<\/a><\/li>\n\n\n\n<li class='active'><a>21591<\/a><\/li>\n\n\n\n<li><a href='?page_no=21592'>21592<\/a><\/li>\n\n\n\n<li><a href='?page_no=21593'>21593<\/a><\/li>\n\n\n\n<li><a>...<\/a><\/li>\n\n\n\n<li><a href='?page_no=22911'>22911<\/a><\/li>\n\n\n\n<li><a href='?page_no=22912'>22912<\/a><\/li>\n\n    \n\t\n\n<li >\n\t<a href='?page_no=21592'>Next<\/a>\n\t<\/li>\n\n\n    \n\n<li><a href='?page_no=22912'>Last &rsaquo;&rsaquo;<\/a><\/li>\n\n<\/ul>\n\n\n--><br \/>\n<\/body><\/p>\n","protected":false},"excerpt":{"rendered":"<p>La Secretar\u00eda de Estado de Cultura inaugur\u00f3 la ?VI Versi\u00f3n del Festival Internacional de Teatro Santo Domingo 2009?, con homenaje a Maricusa Ornes y Eduardo Di Mauro, y la presentaci\u00f3n del espect\u00e1culo teatral ?La Muchacha de los Libros Usados?. El Festival se celebra hasta el 24 del presente mes en distintos escenarios de Santo Domingo [&hellip;]<\/p>\n","protected":false},"author":3,"featured_media":0,"comment_status":"open","ping_status":"open","sticky":false,"template":"","format":"standard","meta":{"footnotes":""},"categories":[21],"tags":[],"class_list":["post-69913","post","type-post","status-publish","format-standard","hentry","category-cultura"],"_links":{"self":[{"href":"https:\/\/diariodominicano.com\/index.php?rest_route=\/wp\/v2\/posts\/69913","targetHints":{"allow":["GET"]}}],"collection":[{"href":"https:\/\/diariodominicano.com\/index.php?rest_route=\/wp\/v2\/posts"}],"about":[{"href":"https:\/\/diariodominicano.com\/index.php?rest_route=\/wp\/v2\/types\/post"}],"author":[{"embeddable":true,"href":"https:\/\/diariodominicano.com\/index.php?rest_route=\/wp\/v2\/users\/3"}],"replies":[{"embeddable":true,"href":"https:\/\/diariodominicano.com\/index.php?rest_route=%2Fwp%2Fv2%2Fcomments&post=69913"}],"version-history":[{"count":0,"href":"https:\/\/diariodominicano.com\/index.php?rest_route=\/wp\/v2\/posts\/69913\/revisions"}],"wp:attachment":[{"href":"https:\/\/diariodominicano.com\/index.php?rest_route=%2Fwp%2Fv2%2Fmedia&parent=69913"}],"wp:term":[{"taxonomy":"category","embeddable":true,"href":"https:\/\/diariodominicano.com\/index.php?rest_route=%2Fwp%2Fv2%2Fcategories&post=69913"},{"taxonomy":"post_tag","embeddable":true,"href":"https:\/\/diariodominicano.com\/index.php?rest_route=%2Fwp%2Fv2%2Ftags&post=69913"}],"curies":[{"name":"wp","href":"https:\/\/api.w.org\/{rel}","templated":true}]}}