{"id":69912,"date":"2009-06-19T14:54:12","date_gmt":"2009-06-19T14:54:12","guid":{"rendered":"http:\/\/diariodominicano.ddns.net\/?p=69912"},"modified":"2009-06-19T14:54:12","modified_gmt":"2009-06-19T14:54:12","slug":"esposos-guerrero-nunez-ofrecen-coctel-a-pintor-alberto-ulloa-con-motivo-de-su-mas-reciente-exposicion","status":"publish","type":"post","link":"https:\/\/diariodominicano.com\/?p=69912","title":{"rendered":"ESPOSOS GUERRERO-NU\u00d1EZ OFRECEN C\u00d3CTEL A PINTOR ALBERTO ULLOA CON MOTIVO DE SU M\u00c1S RECIENTE EXPOSICI\u00d3N"},"content":{"rendered":"<p><body><\/p>\n<p><img decoding=\"async\" src=\"img3\/ulloa.jpg\" \/>  <\/p>\n<p><span class=\"text1noticias\">Un c\u00f3ctel-cena le fue ofrecido al pintor Alberto Ulloa por los esposos Miguel Guerrero y Esther N\u00fa\u00f1ez de Guerrero en su residencia de esta capital.<\/span><\/p>\n<\/p>\n<p><span class=\"text1noticias\">La actividad se llev\u00f3 a cabo con motivo de la m\u00e1s reciente exposici\u00f3n individual de Ulloa en un hotel de esta capital.<\/span><\/p>\n<\/p>\n<p><span class=\"text1noticias\">Asistieron intelectuales, cr\u00edticos de arte, periodistas y amigos del pintor como de la familia Guerrero-N\u00fa\u00f1ez.<\/span><\/p>\n<\/p>\n<p><span class=\"text1noticias\">Ulloa agradeci\u00f3 la actividad se\u00f1alando que le ofrec\u00eda la oportunidad de conversar con viejos amigos interesados en su carrera art\u00edstica. Por su parte, Guerrero expres\u00f3 su admiraci\u00f3n por el trabajo de Ulloa se\u00f1alando que ha dejado su impronta en la historia de las artes pl\u00e1sticas dominicanas.<\/span><\/p>\n<h6> 2009-06-19 14:54:12 <\/h6>\n<p><!--\n<link rel=\"stylesheet\" href=\"css\/bootstrap.min.css\">\n\n\n<ul class=\"pagination\">\n\t    \n\t\n\n<li >\n\t<a href='?page_no=21589'>Previous<\/a>\n\t<\/li>\n\n\n       \n    \n\n<li><a href='?page_no=1'>1<\/a><\/li>\n\n\n\n<li><a href='?page_no=2'>2<\/a><\/li>\n\n\n\n<li><a>...<\/a><\/li>\n\n\n\n<li><a href='?page_no=21588'>21588<\/a><\/li>\n\n\n\n<li><a href='?page_no=21589'>21589<\/a><\/li>\n\n\n\n<li class='active'><a>21590<\/a><\/li>\n\n\n\n<li><a href='?page_no=21591'>21591<\/a><\/li>\n\n\n\n<li><a href='?page_no=21592'>21592<\/a><\/li>\n\n\n\n<li><a>...<\/a><\/li>\n\n\n\n<li><a href='?page_no=22911'>22911<\/a><\/li>\n\n\n\n<li><a href='?page_no=22912'>22912<\/a><\/li>\n\n    \n\t\n\n<li >\n\t<a href='?page_no=21591'>Next<\/a>\n\t<\/li>\n\n\n    \n\n<li><a href='?page_no=22912'>Last &rsaquo;&rsaquo;<\/a><\/li>\n\n<\/ul>\n\n\n--><br \/>\n<\/body><\/p>\n","protected":false},"excerpt":{"rendered":"<p>Un c\u00f3ctel-cena le fue ofrecido al pintor Alberto Ulloa por los esposos Miguel Guerrero y Esther N\u00fa\u00f1ez de Guerrero en su residencia de esta capital. La actividad se llev\u00f3 a cabo con motivo de la m\u00e1s reciente exposici\u00f3n individual de Ulloa en un hotel de esta capital. Asistieron intelectuales, cr\u00edticos de arte, periodistas y amigos [&hellip;]<\/p>\n","protected":false},"author":3,"featured_media":0,"comment_status":"open","ping_status":"open","sticky":false,"template":"","format":"standard","meta":{"footnotes":""},"categories":[21],"tags":[],"class_list":["post-69912","post","type-post","status-publish","format-standard","hentry","category-cultura"],"_links":{"self":[{"href":"https:\/\/diariodominicano.com\/index.php?rest_route=\/wp\/v2\/posts\/69912","targetHints":{"allow":["GET"]}}],"collection":[{"href":"https:\/\/diariodominicano.com\/index.php?rest_route=\/wp\/v2\/posts"}],"about":[{"href":"https:\/\/diariodominicano.com\/index.php?rest_route=\/wp\/v2\/types\/post"}],"author":[{"embeddable":true,"href":"https:\/\/diariodominicano.com\/index.php?rest_route=\/wp\/v2\/users\/3"}],"replies":[{"embeddable":true,"href":"https:\/\/diariodominicano.com\/index.php?rest_route=%2Fwp%2Fv2%2Fcomments&post=69912"}],"version-history":[{"count":0,"href":"https:\/\/diariodominicano.com\/index.php?rest_route=\/wp\/v2\/posts\/69912\/revisions"}],"wp:attachment":[{"href":"https:\/\/diariodominicano.com\/index.php?rest_route=%2Fwp%2Fv2%2Fmedia&parent=69912"}],"wp:term":[{"taxonomy":"category","embeddable":true,"href":"https:\/\/diariodominicano.com\/index.php?rest_route=%2Fwp%2Fv2%2Fcategories&post=69912"},{"taxonomy":"post_tag","embeddable":true,"href":"https:\/\/diariodominicano.com\/index.php?rest_route=%2Fwp%2Fv2%2Ftags&post=69912"}],"curies":[{"name":"wp","href":"https:\/\/api.w.org\/{rel}","templated":true}]}}