{"id":69910,"date":"2009-06-22T14:37:39","date_gmt":"2009-06-22T14:37:39","guid":{"rendered":"http:\/\/diariodominicano.ddns.net\/?p=69910"},"modified":"2009-06-22T14:37:39","modified_gmt":"2009-06-22T14:37:39","slug":"la-entrada-de-los-museos-al-negocio-del-cine","status":"publish","type":"post","link":"https:\/\/diariodominicano.com\/?p=69910","title":{"rendered":"La entrada de los museos al negocio del cine"},"content":{"rendered":"<p><body><\/p>\n<p><img decoding=\"async\" src=\"img3\/museo.jpg\" \/>  <\/p>\n<p><span class=\"text1noticias\">La pr\u00f3xima semana se estrena Las horas del verano, filme de Olivier Assayas impulsado por el Museo D&#8217;Orsay. El Louvre, en tanto, coprodujo una cinta del destacado Tsai Ming-Liang que compiti\u00f3 en Cannes 2009.<\/span><\/p>\n<\/p>\n<p><span class=\"text1noticias\">22\/06\/2009 &#8211; 09:19 <\/span><\/p>\n<p><span class=\"text1noticias\">La tercera de chile<\/span><\/p>\n<\/p>\n<p><span class=\"text1noticias\">Artforum, publicaci\u00f3n de y para los que saben de arte actual, lo anunciaba en 2006 de esta forma: \u00abEn un mundo de cruces y asociaciones, era s\u00f3lo cuesti\u00f3n de tiempo antes que los museos p\u00fablicos comenzaran a hacer pel\u00edculas comerciales\u00bb. La prestigiosa revista neoyorquina reaccionaba as\u00ed ante una nota de Le Monde acerca de dos instituciones parisinas emblem\u00e1ticas, los museos del Louvre y D&#8217;Orsay, y su incorporaci\u00f3n al mundo de la realizaci\u00f3n cinematogr\u00e1fica.<\/span><\/p>\n<\/p>\n<p><span class=\"text1noticias\">La primera se\u00f1al la hab\u00eda dado Serge Lemoine, presidente del Orsay. Para celebrar los 20 a\u00f1os del museo fundado en 1986, se\u00f1al\u00f3, buscaban cuatro directores -Hou Hsiao-Hsien, Olivier Assayas, Ra\u00fal Ruiz y Jim Jarmusch- que hicieran igual n\u00famero de cortos que se entrelazaran en una obra mayor. Pero el asunto mut\u00f3. Finalmente, lo primero que hubo fue un largometraje del taiwan\u00e9s Hou (ganador de Venecia en el 89), El viaje del globo rojo, y luego Las horas del verano, del franc\u00e9s Assayas (conocido por su filme Clean), que llega el 2 de julio a las salas locales. Ambos comparten la participaci\u00f3n de Juliette Binoche, pero tambi\u00e9n tiene en los dos un lugar el museo que alberga la m\u00e1s c\u00e9lebre colecci\u00f3n de arte impresionista.<\/span><\/p>\n<\/p>\n<p><span class=\"text1noticias\">HABIA QUE HACER ALGO<\/span><\/p>\n<p><span class=\"text1noticias\">En el camino, lo del Museo D&#8217;Orsay se fue complicando. El Ministerio de Cultura le prohibi\u00f3 financiar pel\u00edculas directamente -que no es lo mismo que \u00abapoyarlas\u00bb- y la propia cinta de Assayas, donde era central la historia de una donaci\u00f3n privada al museo, fue variando para centrarse m\u00e1s en la historia de una familia que se re\u00fane poco antes de la muerte de la matriarca. El cineasta admite esta mutaci\u00f3n, pero dice que el museo fue comprensivo y que \u00abhasta nos prestaron obras que nunca prestan\u00bb.<\/span><\/p>\n<\/p>\n<p><span class=\"text1noticias\">El Louvre, en tanto, ha hecho lo propio. No contento con impulsar documentales sobre sus propias colecciones y facilitar el rodaje para El c\u00f3digo Da Vinci, su serie El Louvre se abre a los cineastas arranc\u00f3 con la coproducci\u00f3n de Visage, que acaba de exhibirse en la Competencia Oficial de Cannes, y encomendada al taiwan\u00e9s Tsai Ming-liang (ganador en Venecia el 94 con Viva el amor). La idea de Tsai part\u00eda del encuentro entre Lee Kang-Sheng, un habitual de sus pel\u00edculas, y Jean-Pierre L\u00e9aud, el recordado protagonista de Los 400 golpes (1959). La historia que sigue es la de un cineasta de Taiw\u00e1n que se embarca en una pel\u00edcula sobre el mito de Salom\u00e9&#8230; rodada en el Louvre.<\/span><\/p>\n<\/p>\n<p><span class=\"text1noticias\">Con una recepci\u00f3n cr\u00edtica mixta, Visage respondi\u00f3 al criterio expresado hace tres a\u00f1os por Catherine Derosier-Pouchous, encargada audiovisual del museo, para quien los mecanismos tradicionales de financiamiento para autores destacados se agotaban. Y el Louvre ten\u00eda que hacer algo.<\/span><\/p>\n<p><span class=\"text1noticias\">Aunque llevan la delantera, las se\u00f1aladas instituciones no son las \u00fanicas de su especie que han impulsado y\/o apoyado iniciativas semejantes. En esta misma d\u00e9cada el Palacio de Versalles permiti\u00f3 el rodaje de Mar\u00eda Antonieta (2006), mientras El arca rusa, de Aleksandr Sokurov, fue \u00edntegramente filmada en el Hermitage, de San Petersburgo.<\/span><\/p>\n<\/p>\n<p><span class=\"text1noticias\">En Chile, en tanto, un grupo de destacados cineastas (Andr\u00e9s Wood, Ricardo Larra\u00edn y Cristi\u00e1n Galaz, entre otros)  fue convocado a concursar para un documental sobre el Museo de Bellas Artes, en su centenario. El proyecto ganador ser\u00e1 exhibido en noviembre, en el museo, y por Canal 13 en 2010.<\/span><\/p>\n<h6> 2009-06-22 14:37:39 <\/h6>\n<p><!--\n<link rel=\"stylesheet\" href=\"css\/bootstrap.min.css\">\n\n\n<ul class=\"pagination\">\n\t    \n\t\n\n<li >\n\t<a href='?page_no=21587'>Previous<\/a>\n\t<\/li>\n\n\n       \n    \n\n<li><a href='?page_no=1'>1<\/a><\/li>\n\n\n\n<li><a href='?page_no=2'>2<\/a><\/li>\n\n\n\n<li><a>...<\/a><\/li>\n\n\n\n<li><a href='?page_no=21586'>21586<\/a><\/li>\n\n\n\n<li><a href='?page_no=21587'>21587<\/a><\/li>\n\n\n\n<li class='active'><a>21588<\/a><\/li>\n\n\n\n<li><a href='?page_no=21589'>21589<\/a><\/li>\n\n\n\n<li><a href='?page_no=21590'>21590<\/a><\/li>\n\n\n\n<li><a>...<\/a><\/li>\n\n\n\n<li><a href='?page_no=22911'>22911<\/a><\/li>\n\n\n\n<li><a href='?page_no=22912'>22912<\/a><\/li>\n\n    \n\t\n\n<li >\n\t<a href='?page_no=21589'>Next<\/a>\n\t<\/li>\n\n\n    \n\n<li><a href='?page_no=22912'>Last &rsaquo;&rsaquo;<\/a><\/li>\n\n<\/ul>\n\n\n--><br \/>\n<\/body><\/p>\n","protected":false},"excerpt":{"rendered":"<p>La pr\u00f3xima semana se estrena Las horas del verano, filme de Olivier Assayas impulsado por el Museo D&#8217;Orsay. El Louvre, en tanto, coprodujo una cinta del destacado Tsai Ming-Liang que compiti\u00f3 en Cannes 2009. 22\/06\/2009 &#8211; 09:19 La tercera de chile Artforum, publicaci\u00f3n de y para los que saben de arte actual, lo anunciaba en [&hellip;]<\/p>\n","protected":false},"author":3,"featured_media":0,"comment_status":"open","ping_status":"open","sticky":false,"template":"","format":"standard","meta":{"footnotes":""},"categories":[21],"tags":[],"class_list":["post-69910","post","type-post","status-publish","format-standard","hentry","category-cultura"],"_links":{"self":[{"href":"https:\/\/diariodominicano.com\/index.php?rest_route=\/wp\/v2\/posts\/69910","targetHints":{"allow":["GET"]}}],"collection":[{"href":"https:\/\/diariodominicano.com\/index.php?rest_route=\/wp\/v2\/posts"}],"about":[{"href":"https:\/\/diariodominicano.com\/index.php?rest_route=\/wp\/v2\/types\/post"}],"author":[{"embeddable":true,"href":"https:\/\/diariodominicano.com\/index.php?rest_route=\/wp\/v2\/users\/3"}],"replies":[{"embeddable":true,"href":"https:\/\/diariodominicano.com\/index.php?rest_route=%2Fwp%2Fv2%2Fcomments&post=69910"}],"version-history":[{"count":0,"href":"https:\/\/diariodominicano.com\/index.php?rest_route=\/wp\/v2\/posts\/69910\/revisions"}],"wp:attachment":[{"href":"https:\/\/diariodominicano.com\/index.php?rest_route=%2Fwp%2Fv2%2Fmedia&parent=69910"}],"wp:term":[{"taxonomy":"category","embeddable":true,"href":"https:\/\/diariodominicano.com\/index.php?rest_route=%2Fwp%2Fv2%2Fcategories&post=69910"},{"taxonomy":"post_tag","embeddable":true,"href":"https:\/\/diariodominicano.com\/index.php?rest_route=%2Fwp%2Fv2%2Ftags&post=69910"}],"curies":[{"name":"wp","href":"https:\/\/api.w.org\/{rel}","templated":true}]}}