{"id":69909,"date":"2009-06-22T16:57:02","date_gmt":"2009-06-22T16:57:02","guid":{"rendered":"http:\/\/diariodominicano.ddns.net\/?p=69909"},"modified":"2009-06-22T16:57:02","modified_gmt":"2009-06-22T16:57:02","slug":"arte-bajo-sombrillas-en-la-escuela-libre-de-haina","status":"publish","type":"post","link":"https:\/\/diariodominicano.com\/?p=69909","title":{"rendered":"\u00a1Arte bajo sombrillas en la Escuela Libre de Haina!"},"content":{"rendered":"<p><body><\/p>\n<p><img decoding=\"async\" src=\"http:\/\/localhost:8080\/img3\/artes.jpg\" \/>  <\/p>\n<p><span class=\"text1noticias\">\u00a1Basura, escuela y una fabrica al lado \/ el municipio de Haina \/ lo m\u00e1s contaminado! <\/span><\/p>\n<p><span class=\"text1noticias\">Con este estribillo respond\u00edan a coro a un jovencito rapero, cientos de padres y madres  que desde tempranas horas de la tarde del pasado viernes desafiaron una pertinaz llovizna en la Escuela Libre de la Casa de la Cultura de Haina,  para ver desfilar un conjunto de actuaciones de sus hijos, tanto en teatro, danza y ballet, como en flauta y guitarra.<\/span><\/p>\n<\/p>\n<p><span class=\"text1noticias\">La lluvia que ca\u00eda a raudales, as\u00ed como  el tema de la basura y la contaminaci\u00f3n de ese municipio, expuesto por el jovencito Jensy Alexander German, dentro de una obra teatral dirigida por Jos\u00e9 Manuel Guillermo, parecieron dominar el ambiente, caracterizado por un entusiasmo desbordante del p\u00fablico.<\/span><\/p>\n<p><span class=\"text1noticias\">Luis Concepci\u00f3n, s\u00edndico local, observaba desde el balc\u00f3n, Mientras Angel Mej\u00eda, Director del Sistema Nacional de Escuelas Libres y Lucery Reynoso, Coordinadora Operativa  del mismo proyecto, en representaci\u00f3n de la Secretar\u00eda de Estado de Cultura, se un\u00edan a la muchedumbre para festejar el encuentro que inici\u00f3 a las 7 y concluy\u00f3 bien pasadas las 9 p.m.<\/span><\/p>\n<\/p>\n<p><span class=\"text1noticias\">Teatro educativo<\/span><\/p>\n<p><span class=\"text1noticias\">Durante la actividad, fue  notoria  la afici\u00f3n del p\u00fablico por las representaciones teatrales, que en este caso, utilizaron como tem\u00e1tica el problema de la contaminaci\u00f3n y la falta de inter\u00e9s del ciudadano por la conservaci\u00f3n de la higiene, creando personajes de gran impacto visual, como Mister Sucio y Super Limpio, acompa\u00f1ados de protectores de la  ciudad que, con pistolas de agua, dominaron al malvado Super Sucio, rey de la basura. Roberto Payano, quien es recordado como el famoso personaje ?Agua Lluvia?, escenific\u00f3 tambi\u00e9n una obra teatral con ni\u00f1os de la comunidad. <\/span><\/p>\n<\/p>\n<p><span class=\"text1noticias\">Crece la Danza<\/span><\/p>\n<p><span class=\"text1noticias\">La danza, tanto cl\u00e1sica como moderna y folcl\u00f3rica, tiene un repunte muy importante en el municipio de Haina desde que Jos\u00e9 Rafael Lantigua, Secretario de Estado de Cultura y Luis Concepci\u00f3n, s\u00edndico de all\u00ed, decidieron implementar el programa de  Escuelas Libres como parte de la Casa de  la Cultura. Solamente en danza cl\u00e1sica hay unos noventa alumnas, mientras que los de danza moderna, salsa y danza folcl\u00f3rica alcanzan una cifra superior.<\/span><\/p>\n<\/p>\n<p><span class=\"text1noticias\">Esa noche, 75 ni\u00f1as menores de 7 a\u00f1os, bajo la direcci\u00f3n de la profesora Gladys Castro desfilaron con sus trajecitos y movimientos cl\u00e1sicos por el escenario, causando el asombro de la audiencia, seguidas por las muestras del profesor de salsa y son, Gilberto Vald\u00e9z, y un gran final dirigido por el profesor Lorenzo B\u00e1ez, que dio pie a una ruptura de barreras entre p\u00fablico y artistas. <\/span><\/p>\n<\/p>\n<p><span class=\"text1noticias\">El profesor Nino Mart\u00ednez acompa\u00f1\u00f3 en el acto a sus estudiantes de guitarra y canto coral mientras que Dania Gonz\u00e1lez, fue responsable de que los alumnos de flauta brindaran un emotivo miniconcierto de flauta dulce. <\/span><\/p>\n<\/p>\n<p><span class=\"text1noticias\">El sal\u00f3n principal de la Casa de la Cultura de Haina se vio engalanado por una vistosa exposici\u00f3n de manualidades elaboradas por los alumnos de la Escuela Libre con materiales de desecho.<\/span><\/p>\n<p><span class=\"text1noticias\">Al final de la actividad, Dar\u00edo Solano, Director de la Casa de la Cultura de Haina, agradeci\u00f3 a la Secretar\u00eda de Estado de Cultura, el apoyo de \u00e9sta al municipio de Haina. <\/span><\/p>\n<h6> 2009-06-22 16:57:02 <\/h6>\n<p><!--\n<link rel=\"stylesheet\" href=\"css\/bootstrap.min.css\">\n\n\n<ul class=\"pagination\">\n\t    \n\t\n\n<li >\n\t<a href='?page_no=21586'>Previous<\/a>\n\t<\/li>\n\n\n       \n    \n\n<li><a href='?page_no=1'>1<\/a><\/li>\n\n\n\n<li><a href='?page_no=2'>2<\/a><\/li>\n\n\n\n<li><a>...<\/a><\/li>\n\n\n\n<li><a href='?page_no=21585'>21585<\/a><\/li>\n\n\n\n<li><a href='?page_no=21586'>21586<\/a><\/li>\n\n\n\n<li class='active'><a>21587<\/a><\/li>\n\n\n\n<li><a href='?page_no=21588'>21588<\/a><\/li>\n\n\n\n<li><a href='?page_no=21589'>21589<\/a><\/li>\n\n\n\n<li><a>...<\/a><\/li>\n\n\n\n<li><a href='?page_no=22911'>22911<\/a><\/li>\n\n\n\n<li><a href='?page_no=22912'>22912<\/a><\/li>\n\n    \n\t\n\n<li >\n\t<a href='?page_no=21588'>Next<\/a>\n\t<\/li>\n\n\n    \n\n<li><a href='?page_no=22912'>Last &rsaquo;&rsaquo;<\/a><\/li>\n\n<\/ul>\n\n\n--><br \/>\n<\/body><\/p>\n","protected":false},"excerpt":{"rendered":"<p>\u00a1Basura, escuela y una fabrica al lado \/ el municipio de Haina \/ lo m\u00e1s contaminado! Con este estribillo respond\u00edan a coro a un jovencito rapero, cientos de padres y madres que desde tempranas horas de la tarde del pasado viernes desafiaron una pertinaz llovizna en la Escuela Libre de la Casa de la Cultura [&hellip;]<\/p>\n","protected":false},"author":3,"featured_media":0,"comment_status":"open","ping_status":"open","sticky":false,"template":"","format":"standard","meta":{"footnotes":""},"categories":[21],"tags":[],"class_list":["post-69909","post","type-post","status-publish","format-standard","hentry","category-cultura"],"_links":{"self":[{"href":"https:\/\/diariodominicano.com\/index.php?rest_route=\/wp\/v2\/posts\/69909","targetHints":{"allow":["GET"]}}],"collection":[{"href":"https:\/\/diariodominicano.com\/index.php?rest_route=\/wp\/v2\/posts"}],"about":[{"href":"https:\/\/diariodominicano.com\/index.php?rest_route=\/wp\/v2\/types\/post"}],"author":[{"embeddable":true,"href":"https:\/\/diariodominicano.com\/index.php?rest_route=\/wp\/v2\/users\/3"}],"replies":[{"embeddable":true,"href":"https:\/\/diariodominicano.com\/index.php?rest_route=%2Fwp%2Fv2%2Fcomments&post=69909"}],"version-history":[{"count":0,"href":"https:\/\/diariodominicano.com\/index.php?rest_route=\/wp\/v2\/posts\/69909\/revisions"}],"wp:attachment":[{"href":"https:\/\/diariodominicano.com\/index.php?rest_route=%2Fwp%2Fv2%2Fmedia&parent=69909"}],"wp:term":[{"taxonomy":"category","embeddable":true,"href":"https:\/\/diariodominicano.com\/index.php?rest_route=%2Fwp%2Fv2%2Fcategories&post=69909"},{"taxonomy":"post_tag","embeddable":true,"href":"https:\/\/diariodominicano.com\/index.php?rest_route=%2Fwp%2Fv2%2Ftags&post=69909"}],"curies":[{"name":"wp","href":"https:\/\/api.w.org\/{rel}","templated":true}]}}