{"id":69908,"date":"2009-06-22T20:32:40","date_gmt":"2009-06-22T20:32:40","guid":{"rendered":"http:\/\/diariodominicano.ddns.net\/?p=69908"},"modified":"2009-06-22T20:32:40","modified_gmt":"2009-06-22T20:32:40","slug":"republica-dominicana-fashion-week-en-cosmopolitan-tv","status":"publish","type":"post","link":"https:\/\/diariodominicano.com\/?p=69908","title":{"rendered":"Rep\u00fablica Dominicana Fashion Week en Cosmopolitan TV"},"content":{"rendered":"<p><body><\/p>\n<p><img decoding=\"async\" src=\"http:\/\/localhost:8080\/img3\/fachon.jpg\" \/>  <\/p>\n<p><span class=\"text1noticias\">El conocido canal dirigido a la mujer latinoamericana, difundir\u00e1 un programa especial, de producci\u00f3n propia, con todas las incidencias de la primera edici\u00f3n del m\u00e1s importante evento de moda del pa\u00eds.<\/span><\/p>\n<\/p>\n<p><span class=\"text1noticias\">El Rep\u00fablica Dominicana Fashion Week 2009 sigue en marcha, pero esta vez a trav\u00e9s de la pantalla chica internacional. A partir del pr\u00f3ximo mi\u00e9rcoles 24 de junio ?en distintos horarios y con repeticiones el jueves 25, el s\u00e1bado 27 y el martes 30?, el canal internacional Cosmopolitan TV estar\u00e1 transmitiendo un programa especial sobre el m\u00e1s importante evento de moda de la Rep\u00fablica Dominicana.<\/span><\/p>\n<\/p>\n<p><span class=\"text1noticias\">La se\u00f1al de cable, del grupo argentino PRAMER, que promueve y estimula el \u00e9xito, las aspiraciones personales, la sensualidad y las relaciones de pareja de las mujeres latinas, estuvo presente durante los cinco d\u00edas del RDFW?09 y ahora muestra a todo el continente que ?El pa\u00eds est\u00e1 de moda?.<\/span><\/p>\n<\/p>\n<p><span class=\"text1noticias\">El programa, titulado ?Especial Rep\u00fablica Dominicana Fashion Week? cuenta con media hora de duraci\u00f3n y muestra una panor\u00e1mica de todos los desfiles, entrevistas con los dise\u00f1adores dominicanos e internacionales, las tendencias m\u00e1s importantes que se mostraron en la pasarela y los entretelones de este magno evento en su primera edici\u00f3n. <\/span><\/p>\n<\/p>\n<p><span class=\"text1noticias\">?Especial Rep\u00fablica Dominicana Fashion Week?  se transmitir\u00e1 el mi\u00e9rcoles 24 de junio a las 12:30 de la medianoche; el jueves 25 de junio a las 5:00p.m.; el s\u00e1bado 27 de junio a las 11:30p.m.; y el martes 30 de junio a las 7:30p.m.<\/span><\/p>\n<\/p>\n<p><span class=\"text1noticias\">Cosmopolitan TV es el canal por cable para la mujer, dirigido a espectadoras talentosas, inteligentes, atractivas y en b\u00fasqueda del \u00e9xito constante, mujeres que poseen un esp\u00edritu extrovertido e independiente, pero tambi\u00e9n comprometido. El pr\u00f3ximo mes de julio cumple siete a\u00f1os en el aire y seg\u00fan sus responsables la se\u00f1al ?seguir\u00e1 creciendo con una programaci\u00f3n din\u00e1mica, ofreciendo a su p\u00fablico m\u00e1s producciones originales, series imperdibles y nuevos productos que estimulen la pasi\u00f3n, el \u00e9xito, las ambiciones y las relaciones de pareja?.<\/span><\/p>\n<\/p>\n<p><span class=\"text1noticias\">El Rep\u00fablica Dominicana Fashion Week 2009 (RDFW09), es el m\u00e1s grande e importante evento de moda del pa\u00eds, \u00fanico en reunir sobre una impresionante pasarela a 37 creadores locales, 7 internacionales, 10 nuevas caras del dise\u00f1o, as\u00ed como talentos emergentes de las tres escuelas de moda m\u00e1s representativas del pa\u00eds. Se celebr\u00f3 del 2 al 6 de junio pasado.<\/span><\/p>\n<h6> 2009-06-22 20:32:40 <\/h6>\n<p><!--\n<link rel=\"stylesheet\" href=\"css\/bootstrap.min.css\">\n\n\n<ul class=\"pagination\">\n\t    \n\t\n\n<li >\n\t<a href='?page_no=21585'>Previous<\/a>\n\t<\/li>\n\n\n       \n    \n\n<li><a href='?page_no=1'>1<\/a><\/li>\n\n\n\n<li><a href='?page_no=2'>2<\/a><\/li>\n\n\n\n<li><a>...<\/a><\/li>\n\n\n\n<li><a href='?page_no=21584'>21584<\/a><\/li>\n\n\n\n<li><a href='?page_no=21585'>21585<\/a><\/li>\n\n\n\n<li class='active'><a>21586<\/a><\/li>\n\n\n\n<li><a href='?page_no=21587'>21587<\/a><\/li>\n\n\n\n<li><a href='?page_no=21588'>21588<\/a><\/li>\n\n\n\n<li><a>...<\/a><\/li>\n\n\n\n<li><a href='?page_no=22911'>22911<\/a><\/li>\n\n\n\n<li><a href='?page_no=22912'>22912<\/a><\/li>\n\n    \n\t\n\n<li >\n\t<a href='?page_no=21587'>Next<\/a>\n\t<\/li>\n\n\n    \n\n<li><a href='?page_no=22912'>Last &rsaquo;&rsaquo;<\/a><\/li>\n\n<\/ul>\n\n\n--><br \/>\n<\/body><\/p>\n","protected":false},"excerpt":{"rendered":"<p>El conocido canal dirigido a la mujer latinoamericana, difundir\u00e1 un programa especial, de producci\u00f3n propia, con todas las incidencias de la primera edici\u00f3n del m\u00e1s importante evento de moda del pa\u00eds. El Rep\u00fablica Dominicana Fashion Week 2009 sigue en marcha, pero esta vez a trav\u00e9s de la pantalla chica internacional. A partir del pr\u00f3ximo mi\u00e9rcoles [&hellip;]<\/p>\n","protected":false},"author":3,"featured_media":0,"comment_status":"open","ping_status":"open","sticky":false,"template":"","format":"standard","meta":{"footnotes":""},"categories":[21],"tags":[],"class_list":["post-69908","post","type-post","status-publish","format-standard","hentry","category-cultura"],"_links":{"self":[{"href":"https:\/\/diariodominicano.com\/index.php?rest_route=\/wp\/v2\/posts\/69908","targetHints":{"allow":["GET"]}}],"collection":[{"href":"https:\/\/diariodominicano.com\/index.php?rest_route=\/wp\/v2\/posts"}],"about":[{"href":"https:\/\/diariodominicano.com\/index.php?rest_route=\/wp\/v2\/types\/post"}],"author":[{"embeddable":true,"href":"https:\/\/diariodominicano.com\/index.php?rest_route=\/wp\/v2\/users\/3"}],"replies":[{"embeddable":true,"href":"https:\/\/diariodominicano.com\/index.php?rest_route=%2Fwp%2Fv2%2Fcomments&post=69908"}],"version-history":[{"count":0,"href":"https:\/\/diariodominicano.com\/index.php?rest_route=\/wp\/v2\/posts\/69908\/revisions"}],"wp:attachment":[{"href":"https:\/\/diariodominicano.com\/index.php?rest_route=%2Fwp%2Fv2%2Fmedia&parent=69908"}],"wp:term":[{"taxonomy":"category","embeddable":true,"href":"https:\/\/diariodominicano.com\/index.php?rest_route=%2Fwp%2Fv2%2Fcategories&post=69908"},{"taxonomy":"post_tag","embeddable":true,"href":"https:\/\/diariodominicano.com\/index.php?rest_route=%2Fwp%2Fv2%2Ftags&post=69908"}],"curies":[{"name":"wp","href":"https:\/\/api.w.org\/{rel}","templated":true}]}}