{"id":69907,"date":"2009-06-22T21:25:45","date_gmt":"2009-06-22T21:25:45","guid":{"rendered":"http:\/\/diariodominicano.ddns.net\/?p=69907"},"modified":"2009-06-22T21:25:45","modified_gmt":"2009-06-22T21:25:45","slug":"conmemoran-60-anos-de-la-gesta-de-luperon","status":"publish","type":"post","link":"https:\/\/diariodominicano.com\/?p=69907","title":{"rendered":"Conmemoran 60 a\u00f1os de la gesta de Luper\u00f3n"},"content":{"rendered":"<p><body><\/p>\n<p><img decoding=\"async\" src=\"img3\/gesta.jpg\" \/>  <\/p>\n<p><span class=\"text1noticias\">Con una conferencia magistral dictada por el historiador Roberto Cass\u00e1 fue realizado un homenaje de conmemoraci\u00f3n al 60 aniversario de la gesta patri\u00f3tica del 19 de junio de 1949,  fecha en que se produjo el desembarco por la bah\u00eda de Luper\u00f3n en Puerto Plata, con el objetivo de derrocar a la tiran\u00eda de Trujillo convirti\u00e9ndose en la primera expedici\u00f3n  armada de exiliados dominicanos que llegaron al pa\u00eds para eliminar la dictadura. <\/span><\/p>\n<\/p>\n<p><span class=\"text1noticias\">El comit\u00e9 de conmemoraci\u00f3n, encabezado por familiares y descendientes de los h\u00e9roes de Luper\u00f3n, realiz\u00f3 una serie de actividades en recordaci\u00f3n de los h\u00e9roes y m\u00e1rtires dominicanos que hace m\u00e1s de medio siglo desembarcaron en el hidroavi\u00f3n Catalina, evento en el que se puso de manifiesto la entrega y valor de los dominicanos que ofrendaron sus vidas por la democracia y la dignidad del pa\u00eds, en momentos en que la tiran\u00eda consolidaba su r\u00e9gimen de terror y muerte.<\/span><\/p>\n<\/p>\n<p><span class=\"text1noticias\">Los expedicionarios que llegaron por la bah\u00eda de Luper\u00f3n,  un grupo de 12 combatientes, encabezado por Horacio Julio Ornes Coiscou,  jefe de operaciones del Ej\u00e9rcito de Liberaci\u00f3n, junto a  los dominicanos Jos\u00e9 Rolando Mart\u00ednez Bonilla,   Federico Horacio Henr\u00edquez, Hugo Kunhardt, Manuel Calder\u00f3n, Salvador Reyes Valdez, Tulio H. Arvelo, Miguel \u00c1ngel Feli\u00fa Arzeno, los nicarag\u00fcenses  Alejandro Selva, Alberto Ram\u00edrez, Jos\u00e9 F\u00e9lix C\u00f3rdoba Boniche, el  costarricense Alfonso Leyton, adem\u00e1s de tripulantes norteamericanos del avi\u00f3n,  John W. Chewing y Habett Jeseph Marrot     <\/span><\/p>\n<\/p>\n<p><span class=\"text1noticias\">Este grupo formaba parte de una amplia expedici\u00f3n organizada por Juan Rodr\u00edguez Garc\u00eda con el fin de traer al pa\u00eds un amplio ej\u00e9rcito de liberaci\u00f3n del que solo pudo llegar el grupo encabezado por Ornes Coiscou. Los expedicionarios del 19 de junio del 1949 fueron militarmente vencidos por el ej\u00e9rcito de Trujillo muriendo varios de ellos en forma atroz, como era costumbre de la dictadura que ahog\u00f3 en sangre los intentos de libertad del pueblo dominicano. <\/span><\/p>\n<\/p>\n<p><span class=\"text1noticias\">A juicio del historiador Cass\u00e1, este primer intento de liberaci\u00f3n armada, aunque fracas\u00f3 en lo pol\u00edtico y militar, hizo ver que desde el exterior e interior del pa\u00eds hab\u00eda un importante n\u00facleo de dominicanos que ya hab\u00eda decidido que la lucha armada era la \u00fanica forma de terminar con la tiran\u00eda y se estaban organizando y realizando acciones con esos fines.  <\/span><\/p>\n<\/p>\n<p><span class=\"text1noticias\">De acuerdo con historiadores y protagonistas de la resistencia a Trujillo, como la Licenciada Elvia Miller de Puig, \u00e9ste fue el intento expedicionario que cont\u00f3 con una mayor base de apoyo dentro del pa\u00eds  donde se cre\u00f3 un ?frente interno? que esperaba a los expedicionarios para iniciar la lucha armada contra el r\u00e9gimen, quienes ten\u00edan varios arsenales de armas ocultos en diversos lugares de Puerto Plata, incluida la casa de la se\u00f1ora Miller de Puig, cuyo esposo, Jos\u00e9 Augusto Puig, conocido antitrujillista, fue encarcelado por varios a\u00f1os ya que se le vinculaba a esos hechos revolucionarios. <\/span><\/p>\n<\/p>\n<p><span class=\"text1noticias\">Dentro de los h\u00e9roes y m\u00e1rtires de Puerto Plata del llamado ?Frente Interno? se destacaron Fernando Spignolio, Miguel Polanco, Ram\u00f3n Fern\u00e1ndez (Molonchi), Negro Sarita, Fernando Su\u00e1rez, Antonio Inoa Daniel, Mois\u00e9s Su\u00e1rez, Pablo Borrero, Ram\u00f3n Sarita, Fernando Inoa Daniel, Carlos Ram\u00edrez, Luis V\u00e1squez y Tomas Dilon\u00e9.<\/span><\/p>\n<\/p>\n<p><span class=\"text1noticias\">El acto de conmemoraci\u00f3n se realiz\u00f3 en la casa de Cultura de Puerto Plata, donde estuvieron presentes intelectuales, estudiantes y autoridades de la ciudad. La actividad fue encabezada por Manuel Andr\u00e9s Brugal, Mercedes Miamonte, Albino Conte, Altagracia Cueto, Ileana Ornes, Roberto Cass\u00e1, historiador y director del Archivo General de la Naci\u00f3n, Elvia Miller viuda Puig, Max Puig, secretario de Estado de Trabajo, Fernando Cueto y Jeannette Morales Miller.          <\/span><\/p>\n<\/p>\n<p><span class=\"text1noticias\">?La expedici\u00f3n de Luper\u00f3n fue el camino a seguir para que a\u00f1os despu\u00e9s otro importante grupo de dominicanos,   en el mismo mes de junio, pero una d\u00e9cada  m\u00e1s tarde, tomara las armas para combatir a Trujillo, e igual a los ?H\u00e9roes de Luper\u00f3n,? ofrendaran sus vidas por la libertad del pueblo dominicano?, afirm\u00f3 Cass\u00e1.  <\/span><\/p>\n<h6> 2009-06-22 21:25:45 <\/h6>\n<p><!--\n<link rel=\"stylesheet\" href=\"css\/bootstrap.min.css\">\n\n\n<ul class=\"pagination\">\n\t    \n\t\n\n<li >\n\t<a href='?page_no=21584'>Previous<\/a>\n\t<\/li>\n\n\n       \n    \n\n<li><a href='?page_no=1'>1<\/a><\/li>\n\n\n\n<li><a href='?page_no=2'>2<\/a><\/li>\n\n\n\n<li><a>...<\/a><\/li>\n\n\n\n<li><a href='?page_no=21583'>21583<\/a><\/li>\n\n\n\n<li><a href='?page_no=21584'>21584<\/a><\/li>\n\n\n\n<li class='active'><a>21585<\/a><\/li>\n\n\n\n<li><a href='?page_no=21586'>21586<\/a><\/li>\n\n\n\n<li><a href='?page_no=21587'>21587<\/a><\/li>\n\n\n\n<li><a>...<\/a><\/li>\n\n\n\n<li><a href='?page_no=22911'>22911<\/a><\/li>\n\n\n\n<li><a href='?page_no=22912'>22912<\/a><\/li>\n\n    \n\t\n\n<li >\n\t<a href='?page_no=21586'>Next<\/a>\n\t<\/li>\n\n\n    \n\n<li><a href='?page_no=22912'>Last &rsaquo;&rsaquo;<\/a><\/li>\n\n<\/ul>\n\n\n--><br \/>\n<\/body><\/p>\n","protected":false},"excerpt":{"rendered":"<p>Con una conferencia magistral dictada por el historiador Roberto Cass\u00e1 fue realizado un homenaje de conmemoraci\u00f3n al 60 aniversario de la gesta patri\u00f3tica del 19 de junio de 1949, fecha en que se produjo el desembarco por la bah\u00eda de Luper\u00f3n en Puerto Plata, con el objetivo de derrocar a la tiran\u00eda de Trujillo convirti\u00e9ndose [&hellip;]<\/p>\n","protected":false},"author":3,"featured_media":0,"comment_status":"open","ping_status":"open","sticky":false,"template":"","format":"standard","meta":{"footnotes":""},"categories":[21],"tags":[],"class_list":["post-69907","post","type-post","status-publish","format-standard","hentry","category-cultura"],"_links":{"self":[{"href":"https:\/\/diariodominicano.com\/index.php?rest_route=\/wp\/v2\/posts\/69907","targetHints":{"allow":["GET"]}}],"collection":[{"href":"https:\/\/diariodominicano.com\/index.php?rest_route=\/wp\/v2\/posts"}],"about":[{"href":"https:\/\/diariodominicano.com\/index.php?rest_route=\/wp\/v2\/types\/post"}],"author":[{"embeddable":true,"href":"https:\/\/diariodominicano.com\/index.php?rest_route=\/wp\/v2\/users\/3"}],"replies":[{"embeddable":true,"href":"https:\/\/diariodominicano.com\/index.php?rest_route=%2Fwp%2Fv2%2Fcomments&post=69907"}],"version-history":[{"count":0,"href":"https:\/\/diariodominicano.com\/index.php?rest_route=\/wp\/v2\/posts\/69907\/revisions"}],"wp:attachment":[{"href":"https:\/\/diariodominicano.com\/index.php?rest_route=%2Fwp%2Fv2%2Fmedia&parent=69907"}],"wp:term":[{"taxonomy":"category","embeddable":true,"href":"https:\/\/diariodominicano.com\/index.php?rest_route=%2Fwp%2Fv2%2Fcategories&post=69907"},{"taxonomy":"post_tag","embeddable":true,"href":"https:\/\/diariodominicano.com\/index.php?rest_route=%2Fwp%2Fv2%2Ftags&post=69907"}],"curies":[{"name":"wp","href":"https:\/\/api.w.org\/{rel}","templated":true}]}}