{"id":69904,"date":"2009-06-23T14:36:56","date_gmt":"2009-06-23T14:36:56","guid":{"rendered":"http:\/\/diariodominicano.ddns.net\/?p=69904"},"modified":"2009-06-23T14:36:56","modified_gmt":"2009-06-23T14:36:56","slug":"realizaran-evento-internacional-para-resaltar-figura-del-profesor-juan-bosch","status":"publish","type":"post","link":"https:\/\/diariodominicano.com\/?p=69904","title":{"rendered":"Realizar\u00e1n evento internacional para resaltar figura del profesor Juan Bosch"},"content":{"rendered":"<p><body><\/p>\n<p><img decoding=\"async\" src=\"img3\/event.jpg\" \/>  <\/p>\n<p><span class=\"text1noticias\">La Comisi\u00f3n Nacional del Centenario de Juan Bosch anunci\u00f3 este lunes una serie de actividades en honor al laureado escritor y ex presidente de la Rep\u00fablica, que incluye el encuentro internacional ?Juan Bosch, Legado de Humanidad? y una asamblea extraordinaria en el Congreso Nacional para resaltar la vida y obra del fenecido intelectual dominicano.<\/span><\/p>\n<\/p>\n<p><span class=\"text1noticias\">El evento internacional ser\u00e1 encabezado por el presidente Leonel Fern\u00e1ndez con la Conferencia ?Juan Bosch, Paradigma de la Naci\u00f3n Dominicana?, y el vicepresidente de la Rep\u00fablica, Rafael Alburquerque con la charla ?Juan Bosch como Reformador Democr\u00e1tico?.<\/span><\/p>\n<\/p>\n<p><span class=\"text1noticias\">El licenciado Di\u00f3medes N\u00fa\u00f1ez Polanco, coordinador de dicha comisi\u00f3n, dio a conocer los detalles de los actos durante una rueda de prensa celebrada en el Sal\u00f3n Orlando Mart\u00ednez del Palacio Nacional, acompa\u00f1ado del subsecretario Administrativo de la Presidencia, Rafael P\u00e9rez Modesto y el director de la Comisi\u00f3n Permanente de Efem\u00e9rides Patrias, Juan Daniel Balc\u00e1cer, miembros.<\/span><\/p>\n<\/p>\n<p><span class=\"text1noticias\">Anunci\u00f3 que para este jueves a las 11:30 de la ma\u00f1ana, el presidente Leonel Fern\u00e1ndez dar\u00e1 apertura al evento que tendr\u00e1 lugar en el Auditorio Eduardo Latorre de la Escuela Diplom\u00e1tica de la Canciller\u00eda, donde adem\u00e1s habr\u00e1 ocho mesas de trabajo en horas de la ma\u00f1ana  y conferencias magistrales.<\/span><\/p>\n<p><span class=\"text1noticias\">Refiri\u00f3 que este mi\u00e9rcoles, en el Country Club, habr\u00e1 un encuentro de la Secretar\u00eda de Agricultura, donde se resaltar\u00e1n los aportes de Juan Bosch a esa \u00e1rea de la producci\u00f3n nacional en lo que tiene que ver con la reforma agraria.<\/span><\/p>\n<\/p>\n<p><span class=\"text1noticias\">?Del 25 al 27 de este mes ser\u00e1 celebrado el encuentro internacional Juan Bosch, Legado de Humanidad?, el intelectual, el pol\u00edtico, el artista, el pensador en el que se dar\u00e1n citas en este pa\u00eds alrededor de unos 20 intelectuales de varias partes del mundo, Estados Unidos, Am\u00e9rica Latina y Europa para hablar y reflexionar sobre la vida, el pensamiento y hasta que punto las ideas de Juan Bosch est\u00e1n vigentes y hasta que punto pueden servir de referencia en esta etapa que vive el mundo y para el futuro?, puntualiz\u00f3 Di\u00f3medes N\u00fa\u00f1ez, quien fuera asistente del ex presidente.<\/span><\/p>\n<\/p>\n<p><span class=\"text1noticias\">El coordinador de la Comisi\u00f3n Organizadora del Natalicio de Bosch inform\u00f3 que el pr\u00f3ximo 30 de este mes habr\u00e1 una sesi\u00f3n solemne en el Congreso Nacional en la que estar\u00e1 presente el presidente venezolano, Hugo Ch\u00e1vez.<\/span><\/p>\n<\/p>\n<p><span class=\"text1noticias\">Mencion\u00f3 que en el evento internacional  participar\u00e1n los intelectuales internacionales Cuauhtemoc C\u00e1rdenas y la nieta de Emiliano Zapata, Margarita Zapata, quien dar\u00e1 testimonio de su vinculaci\u00f3n a trav\u00e9s su padre con Juan Bosch, ambos de M\u00e9xico al igual que la licenciada Yeidkol Polenvsky, vicepresidente del senado de este pa\u00eds, el ex presidente Rodrigo Carazo, Manuel Jofr\u00e9 de la universidad de Chile, Jorge Urrutia de Espa\u00f1a, as\u00ed como representes de Ecuador, Bolivia, Per\u00fa, Cuba, Hait\u00ed, entre otras naciones.<\/span><\/p>\n<\/p>\n<p><span class=\"text1noticias\">?Estamos invitando a toda la comunidad intelectual dominicana, acad\u00e9mica, a los estudiantes y a las universidades para que est\u00e9n presentes y participen en ese gran evento que sin dudas, har\u00e1 historia en el pa\u00eds?, afirm\u00f3 Di\u00f3medes Polanco N\u00fa\u00f1ez.<\/span><\/p>\n<\/p>\n<p><span class=\"text1noticias\">Destac\u00f3 que dentro del evento internacional ser\u00e1 instalada la red internacional de c\u00e1tedra, profesor Juan Bosch con la participaci\u00f3n de las universidades Aut\u00f3noma de Santo Domingo, la de M\u00e9xico, Chile, Panam\u00e1 y la de Santa Martha en Colombia para la realizaci\u00f3n de actividades que continuar\u00e1n m\u00e1s all\u00e1 de la celebraci\u00f3n del natalicio del destacado escritor dominicano.<\/span><\/p>\n<\/p>\n<p><span class=\"text1noticias\">Dijo que en todas las provincias los ayuntamientos, las gobernaciones y las fuerzas vivas de esas comunidades, tienen sus propias agendas de celebraci\u00f3n del natalicio del profesor Juan Bosch, al igual que en el extranjero; las embajadas, los consulados y las asociaciones de dominicanos en el exterior.<\/span><\/p>\n<p><span class=\"text1noticias\">?Hay un ambiente favorable y mucha manifestaci\u00f3n popular a favor de este centenario. En el extranjero han hecho muchas mesas redondas y publicaciones de libros como en M\u00e9xico, Chile, Costa Rica, dedicadas en gran parte al centenario de Juan Bosch?, adelant\u00f3.<\/span><\/p>\n<\/p>\n<p><span class=\"text1noticias\">N\u00fa\u00f1ez indic\u00f3 que s\u00f3lo en M\u00e9xico en el primer semestre del centenario de Bosch, se han hecho siete reimpresiones y que el senado mexicano public\u00f3 un volumen completo de los discursos pronunciados por el profesor Bosch.<\/span><\/p>\n<\/p>\n<p><span class=\"text1noticias\">Record\u00f3 que en la Fundaci\u00f3n Global, Democracia y Desarrollo fueron iniciados los actos del natalicio de Bosch con un ciclo de conferencias, clausurados con la conferencia ?Juan Bosch Pol\u00edtico, Pensador e Historiador, a cargo del presidente Fern\u00e1ndez e inaugur\u00f3 la biblioteca que lleva el nombre del ensayista y novelista dominicano. <\/span><\/p>\n<h6> 2009-06-23 14:36:56 <\/h6>\n<p><!--\n<link rel=\"stylesheet\" href=\"css\/bootstrap.min.css\">\n\n\n<ul class=\"pagination\">\n\t    \n\t\n\n<li >\n\t<a href='?page_no=21581'>Previous<\/a>\n\t<\/li>\n\n\n       \n    \n\n<li><a href='?page_no=1'>1<\/a><\/li>\n\n\n\n<li><a href='?page_no=2'>2<\/a><\/li>\n\n\n\n<li><a>...<\/a><\/li>\n\n\n\n<li><a href='?page_no=21580'>21580<\/a><\/li>\n\n\n\n<li><a href='?page_no=21581'>21581<\/a><\/li>\n\n\n\n<li class='active'><a>21582<\/a><\/li>\n\n\n\n<li><a href='?page_no=21583'>21583<\/a><\/li>\n\n\n\n<li><a href='?page_no=21584'>21584<\/a><\/li>\n\n\n\n<li><a>...<\/a><\/li>\n\n\n\n<li><a href='?page_no=22911'>22911<\/a><\/li>\n\n\n\n<li><a href='?page_no=22912'>22912<\/a><\/li>\n\n    \n\t\n\n<li >\n\t<a href='?page_no=21583'>Next<\/a>\n\t<\/li>\n\n\n    \n\n<li><a href='?page_no=22912'>Last &rsaquo;&rsaquo;<\/a><\/li>\n\n<\/ul>\n\n\n--><br \/>\n<\/body><\/p>\n","protected":false},"excerpt":{"rendered":"<p>La Comisi\u00f3n Nacional del Centenario de Juan Bosch anunci\u00f3 este lunes una serie de actividades en honor al laureado escritor y ex presidente de la Rep\u00fablica, que incluye el encuentro internacional ?Juan Bosch, Legado de Humanidad? y una asamblea extraordinaria en el Congreso Nacional para resaltar la vida y obra del fenecido intelectual dominicano. El [&hellip;]<\/p>\n","protected":false},"author":3,"featured_media":0,"comment_status":"open","ping_status":"open","sticky":false,"template":"","format":"standard","meta":{"footnotes":""},"categories":[21],"tags":[],"class_list":["post-69904","post","type-post","status-publish","format-standard","hentry","category-cultura"],"_links":{"self":[{"href":"https:\/\/diariodominicano.com\/index.php?rest_route=\/wp\/v2\/posts\/69904","targetHints":{"allow":["GET"]}}],"collection":[{"href":"https:\/\/diariodominicano.com\/index.php?rest_route=\/wp\/v2\/posts"}],"about":[{"href":"https:\/\/diariodominicano.com\/index.php?rest_route=\/wp\/v2\/types\/post"}],"author":[{"embeddable":true,"href":"https:\/\/diariodominicano.com\/index.php?rest_route=\/wp\/v2\/users\/3"}],"replies":[{"embeddable":true,"href":"https:\/\/diariodominicano.com\/index.php?rest_route=%2Fwp%2Fv2%2Fcomments&post=69904"}],"version-history":[{"count":0,"href":"https:\/\/diariodominicano.com\/index.php?rest_route=\/wp\/v2\/posts\/69904\/revisions"}],"wp:attachment":[{"href":"https:\/\/diariodominicano.com\/index.php?rest_route=%2Fwp%2Fv2%2Fmedia&parent=69904"}],"wp:term":[{"taxonomy":"category","embeddable":true,"href":"https:\/\/diariodominicano.com\/index.php?rest_route=%2Fwp%2Fv2%2Fcategories&post=69904"},{"taxonomy":"post_tag","embeddable":true,"href":"https:\/\/diariodominicano.com\/index.php?rest_route=%2Fwp%2Fv2%2Ftags&post=69904"}],"curies":[{"name":"wp","href":"https:\/\/api.w.org\/{rel}","templated":true}]}}