{"id":69903,"date":"2009-06-23T14:52:57","date_gmt":"2009-06-23T14:52:57","guid":{"rendered":"http:\/\/diariodominicano.ddns.net\/?p=69903"},"modified":"2009-06-23T14:52:57","modified_gmt":"2009-06-23T14:52:57","slug":"embajada-de-los-estados-unidos-y-seescyt-despiden-becarios-programas-fullbright","status":"publish","type":"post","link":"https:\/\/diariodominicano.com\/?p=69903","title":{"rendered":"Embajada de los Estados Unidos y SEESCyT despiden Becarios  programas Fullbright"},"content":{"rendered":"<p><body><\/p>\n<p><img decoding=\"async\" src=\"http:\/\/localhost:8080\/img3\/fulbri.jpg\" \/>  <\/p>\n<p><span class=\"text1noticias\">La Embajada de los Estados Unidos y la Secretar\u00eda de Educaci\u00f3n Superior, Ciencia y Tecnolog\u00eda (SEESCyT) despidieron a un grupo de estudiantes dominicanos beneficiarios de los programas Fullbright, Fullbright-SEESCyT,  que cursar\u00e1n estudios en esa naci\u00f3n.<\/span><\/p>\n<p><span class=\"text1noticias\"> <\/span><\/p>\n<p><span class=\"text1noticias\">Los becarios con \u00edndices acad\u00e9micos sobresalientes realizar\u00e1n estudios en las universidades m\u00e1s prestigiosas de Estados Unidos  en las \u00e1reas de: Desarrollo Econ\u00f3micos, Operaciones, Pol\u00edtica y Econom\u00eda Internacional.<\/span><\/p>\n<p><span class=\"text1noticias\"> <\/span><\/p>\n<p><span class=\"text1noticias\">Adem\u00e1s Liderazgo Educativo, Arquitectura, as\u00ed como tambi\u00e9n Derecho  Aplicado a los Impuestos, Educaci\u00f3n Especial, Negocios Enfocado en la Responsabilidad Social y Ense\u00f1anza del Ingl\u00e9s como Segunda Lengua.<\/span><\/p>\n<p><span class=\"text1noticias\"> <\/span><\/p>\n<p><span class=\"text1noticias\">En la actividad participaron  en el Encargado de Negocios de la Embajada de los Estados Unidos, se\u00f1or  Roland Bullen,  la Se\u00f1ora Secretaria de Estado de Educaci\u00f3n Superior, Ciencia y Tecnolog\u00eda, Ligia Amada Melo de Cardona, Sr. Gary Keith, Consejero de Asuntos P\u00fablicos de la Embajada y el Sr. Rex Moser, Agregado Cultural.<\/span><\/p>\n<\/p>\n<p><span class=\"text1noticias\">Cada a\u00f1o la Embajada de los Estados Unidos otorga un n\u00famero significativo de becas a estudiantes de altos \u00edndices acad\u00e9micos a trav\u00e9s de los programas Fullbright. En esta ocasi\u00f3n 10 j\u00f3venes realizar\u00e1n estudios con recursos econ\u00f3micos Fullbright-SEESCyT y 31 j\u00f3venes  dominicanos se beneficiar\u00e1n de estos programas de intercambio acad\u00e9mico. <\/span><\/p>\n<p><span class=\"text1noticias\"> <\/span><\/p>\n<p><span class=\"text1noticias\">Los becarios Fullbright y Fullbright-SEESCyT  partir\u00e1n hacia los Estados Unidos para realizar estudios de postgrado, donde permanecer\u00e1n, los que cursar\u00e1n Maestr\u00eda 2 a\u00f1os y los  del doctorado, de 4 a 5 a\u00f1os.<\/span><\/p>\n<\/p>\n<p><span class=\"text1noticias\">En tanto que el  Programa de Estudiantes L\u00edderes, el  Programa Global de Intercambio, (en su segundo a\u00f1o) y  el Programa Estudiantes L\u00edderes en Medio ambiente  (en su primer a\u00f1o) realizar\u00e1n estudios de corta duraci\u00f3n en carreras universitarias que pueden ser tituladas por universidades dominicanas y estadounidenses,  teniendo la oportunidad de cursar 6 semanas, un semestre o un a\u00f1o en universidades estadounidenses; y luego retornar y completar su grado universitario en la Rep\u00fablica Dominicana.<\/span><\/p>\n<h6> 2009-06-23 14:52:57 <\/h6>\n<p><!--\n<link rel=\"stylesheet\" href=\"css\/bootstrap.min.css\">\n\n\n<ul class=\"pagination\">\n\t    \n\t\n\n<li >\n\t<a href='?page_no=21580'>Previous<\/a>\n\t<\/li>\n\n\n       \n    \n\n<li><a href='?page_no=1'>1<\/a><\/li>\n\n\n\n<li><a href='?page_no=2'>2<\/a><\/li>\n\n\n\n<li><a>...<\/a><\/li>\n\n\n\n<li><a href='?page_no=21579'>21579<\/a><\/li>\n\n\n\n<li><a href='?page_no=21580'>21580<\/a><\/li>\n\n\n\n<li class='active'><a>21581<\/a><\/li>\n\n\n\n<li><a href='?page_no=21582'>21582<\/a><\/li>\n\n\n\n<li><a href='?page_no=21583'>21583<\/a><\/li>\n\n\n\n<li><a>...<\/a><\/li>\n\n\n\n<li><a href='?page_no=22911'>22911<\/a><\/li>\n\n\n\n<li><a href='?page_no=22912'>22912<\/a><\/li>\n\n    \n\t\n\n<li >\n\t<a href='?page_no=21582'>Next<\/a>\n\t<\/li>\n\n\n    \n\n<li><a href='?page_no=22912'>Last &rsaquo;&rsaquo;<\/a><\/li>\n\n<\/ul>\n\n\n--><br \/>\n<\/body><\/p>\n","protected":false},"excerpt":{"rendered":"<p>La Embajada de los Estados Unidos y la Secretar\u00eda de Educaci\u00f3n Superior, Ciencia y Tecnolog\u00eda (SEESCyT) despidieron a un grupo de estudiantes dominicanos beneficiarios de los programas Fullbright, Fullbright-SEESCyT, que cursar\u00e1n estudios en esa naci\u00f3n. Los becarios con \u00edndices acad\u00e9micos sobresalientes realizar\u00e1n estudios en las universidades m\u00e1s prestigiosas de Estados Unidos en las \u00e1reas de: [&hellip;]<\/p>\n","protected":false},"author":3,"featured_media":0,"comment_status":"open","ping_status":"open","sticky":false,"template":"","format":"standard","meta":{"footnotes":""},"categories":[21],"tags":[],"class_list":["post-69903","post","type-post","status-publish","format-standard","hentry","category-cultura"],"_links":{"self":[{"href":"https:\/\/diariodominicano.com\/index.php?rest_route=\/wp\/v2\/posts\/69903","targetHints":{"allow":["GET"]}}],"collection":[{"href":"https:\/\/diariodominicano.com\/index.php?rest_route=\/wp\/v2\/posts"}],"about":[{"href":"https:\/\/diariodominicano.com\/index.php?rest_route=\/wp\/v2\/types\/post"}],"author":[{"embeddable":true,"href":"https:\/\/diariodominicano.com\/index.php?rest_route=\/wp\/v2\/users\/3"}],"replies":[{"embeddable":true,"href":"https:\/\/diariodominicano.com\/index.php?rest_route=%2Fwp%2Fv2%2Fcomments&post=69903"}],"version-history":[{"count":0,"href":"https:\/\/diariodominicano.com\/index.php?rest_route=\/wp\/v2\/posts\/69903\/revisions"}],"wp:attachment":[{"href":"https:\/\/diariodominicano.com\/index.php?rest_route=%2Fwp%2Fv2%2Fmedia&parent=69903"}],"wp:term":[{"taxonomy":"category","embeddable":true,"href":"https:\/\/diariodominicano.com\/index.php?rest_route=%2Fwp%2Fv2%2Fcategories&post=69903"},{"taxonomy":"post_tag","embeddable":true,"href":"https:\/\/diariodominicano.com\/index.php?rest_route=%2Fwp%2Fv2%2Ftags&post=69903"}],"curies":[{"name":"wp","href":"https:\/\/api.w.org\/{rel}","templated":true}]}}