{"id":69902,"date":"2009-06-23T15:46:06","date_gmt":"2009-06-23T15:46:06","guid":{"rendered":"http:\/\/diariodominicano.ddns.net\/?p=69902"},"modified":"2009-06-23T15:46:06","modified_gmt":"2009-06-23T15:46:06","slug":"adococ-hace-realidad-sueno-arte-cristiano-de-rd-con-el-galardon","status":"publish","type":"post","link":"https:\/\/diariodominicano.com\/?p=69902","title":{"rendered":"ADOCOC HACE REALIDAD SUE\u00d1O ARTE CRISTIANO DE RD CON ?EL GALARDON?"},"content":{"rendered":"<p><body><\/p>\n<p><img decoding=\"async\" src=\"img3\/diplom.jpg\" \/>  <\/p>\n<p><span class=\"text1noticias\">La Asociaci\u00f3n Dominicana de Comunicadores Cristianos Incorporada (ADOCOC), har\u00e1 realidad el sue\u00f1o de muchos artistas, salmista y comunicadores cristianos de que en el pa\u00eds se reconozca su talento, con la celebraci\u00f3n el pr\u00f3ximo 24 de junio de los premios ?EL GALARDON?, a las artes, la m\u00fasica y la comunicaci\u00f3n cristiana.<\/span><\/p>\n<\/p>\n<p><span class=\"text1noticias\">El gremio que agrupa a los comunicadores y salmistas cristianos\/evang\u00e9licos del pa\u00eds indic\u00f3, que en esta oportunidad premiar\u00e1n 14 categor\u00edas, por las que competir\u00e1n casi medio centenar de nominados y de las cuales una es especial, denominada ?El Gran Galard\u00f3n?.<\/span><\/p>\n<\/p>\n<p><span class=\"text1noticias\">Tras agradecer el apoyo ofrecido por el popular productor de TV, Don Freddy Beras Goico, quien cedi\u00f3 las dos horas de su espacio para la transmisi\u00f3n en vivo del evento, el presidente de ADOCOC, Juan Burgos, record\u00f3 entre los seleccionados que obtuvieron mayores nominaciones est\u00e1n el Grupo Tercer Cielo (radicados en el extranjero) y el salmista Jos\u00e9 Luis Reyes, con cuatro menciones cada uno, respectivamente.<\/span><\/p>\n<\/p>\n<p><span class=\"text1noticias\">Asimismo, le siguen Patty Tamares con 3 nominaciones, Felipe Polanco (Boruga) 2, John Solano 2, Loandy Quezada con 2 y Marcos Yaroide tambi\u00e9n con 2. Entre las 13 categor\u00edas que se premiar\u00e1 este a\u00f1o est\u00e1n; Evento del a\u00f1o, Canci\u00f3n del a\u00f1o, \u00c1lbum musical del a\u00f1o, Cantante masculino y femenino del a\u00f1o, Revelaci\u00f3n del a\u00f1o, Destacado en el extranjero, Programa de TV y\/o Presentador de TV, mejor P\u00e1gina Web y Video Click, entre otras.<\/span><\/p>\n<\/p>\n<p><span class=\"text1noticias\">Record\u00f3 que es la 1era vez en el pa\u00eds que una premiaci\u00f3n reconoce el talento de las artes y la comunicaci\u00f3n cristiana, y que aunque en esta oportunidad s\u00f3lo seleccionaron 14 categor\u00edas, el pr\u00f3ximo a\u00f1o podr\u00edan ser mas, ya que han recibido decenas de solicitudes luego de que se dieran a conocer los nominados, por lo que prometi\u00f3 que en la pr\u00f3xima entrega abrir\u00e1n m\u00e1s el abanico de opciones para nominados.<\/span><\/p>\n<\/p>\n<p><span class=\"text1noticias\">Destac\u00f3 que en esta oportunidad Don Freddy Beras Goico y Pamela Sued, tendr\u00e1n a su cargo la conducci\u00f3n del espacio, donde dijo habr\u00e1n actuaciones de varios salmistas y grupos, as\u00ed como menciones y premiaciones especiales, lo que dijo es una sorpresa para todos los televidentes que sintonicen el Programa ?Con Freddy Y Punto?, del Color Visi\u00f3n Canal 9.<\/span><\/p>\n<\/p>\n<p><span class=\"text1noticias\">Explic\u00f3 asimismo, que la entrega del ?Gran Galard\u00f3n? estar\u00e1 a cargo de la ?Comisi\u00f3n de Notables?, integrada por el Maestro\/Pastor Caonex Peguero, la Pastora y Comunicadora Lucy Cosme y el doctor Jos\u00e9 Dunker, que seleccion\u00f3 al ganador de este rengl\u00f3n especial, a trav\u00e9s de una terna de tres personalidades que le someti\u00f3 el Comit\u00e9 Ejecutivo de ADOCOC.<\/span><\/p>\n<\/p>\n<p><span class=\"text1noticias\">NOMINADOS:Destac\u00f3 que entre los nominados a Evento del A\u00f1o est\u00e1n; Navidad Con Cristo (Radio Ven), Jubileo Art\u00edstico (H\u00e9ctor Cabrera), Rock Cristo (C\u00edrculo Juvenil), Dios Me Ha Hecho Re\u00edr (Felipe Polanco Boruga) y Tour M\u00e1s que un Anhelo (Tony G\u00f3mez); en tanto que en el regl\u00f3n Canci\u00f3n del A\u00f1o compiten; He Visto de Patty Tamarez, Yo Te Extra\u00f1ar\u00e9 (Tercer Cielo), Dios Est\u00e1 Obrando (John Solano), Algo Grande Vendr\u00e1 (Jos\u00e9 Luis Reyes) y Fe (Loandy Quezada).<\/span><\/p>\n<\/p>\n<p><span class=\"text1noticias\">Asimismo a\u00f1adi\u00f3, que en el rengl\u00f3n \u00c1lbum Musical del A\u00f1o, est\u00e1n; Hollywood (Tercer Cielo), El Lo Har\u00e1 Otra Vez (Patty Tamarez), Algo Grande Vendr\u00e1 (Jos\u00e9 Luis Reyes), Mi Mejor Alabanza (Marcos Yaroide); mientras que por la categor\u00eda Cantante Masculino del A\u00f1o compiten; Jos\u00e9 Luis Reyes, Freddy Calder\u00f3n (Macho), Jairo Puello, Felsy Jones y Marcos Yaroide.<\/span><\/p>\n<\/p>\n<p><span class=\"text1noticias\">En tanto que en el regl\u00f3n Cantante Femenina del A\u00f1o est\u00e1n; Patty Tamarez, Isabel Valdez, Loandy Quezada y Raquel Amparo; mientras que en la categor\u00eda Revelaci\u00f3n del A\u00f1o est\u00e1n Cristopher Henry, Fanny Gonz\u00e1lez, Roberto Guzm\u00e1n, Dorka Marizan, Romi Ram y John Solano.<\/span><\/p>\n<\/p>\n<p><span class=\"text1noticias\">Indic\u00f3 en ese mismo orden, que por el rengl\u00f3n Artista Destacado En El Extranjero compiten, Redimidos, Jos\u00e9 Luis Reyes, Tercer Cielo, Lilly Goodman y Marcos Yaroide; en tanto que en la categor\u00eda Programa de TV y\/o Presentador de TV, est\u00e1n Mabel Contigo (de Mabel Santana en Higuey), Raz\u00f3n de Vivir (Jessy Santiago), Siempre Hay Tiempo (Felipe Polanco), Respuestas (Miguel N\u00fa\u00f1ez y Patricia Llibre) y Jes\u00fas TV (de Salvadora Sabino, en San Pedro).<\/span><\/p>\n<\/p>\n<p><span class=\"text1noticias\">Prosigui\u00f3 adem\u00e1s, en que en el rengl\u00f3n Programa de Radio y\/o Locutor de Radio, compiten; Caf\u00e9 a Las 12 (Radio Renuevo), Ruta 67 (de Santiago, en Radio Enmanuel), Holly Flow (Julissa Moya, Power 103), Noti-M\u00fasica Cristiana (Inocencio Rodr\u00edguez, La Luz en Higuey) y La Revista Matutina (Radio Ven, Santo Domingo).<\/span><\/p>\n<\/p>\n<p><span class=\"text1noticias\">En tanto que en la categor\u00eda Video Clip del A\u00f1o est\u00e1n; No Me Quedo (Ezequiel Williams), Renacer (Javes), Libre (Redimido), Ni Lo Alto, Ni Lo Profundo (Henry G) y Tu Eres (Loida Vega), mientras que en el rengl\u00f3n Producci\u00f3n Urbana compiten; A Coraz\u00f3n Abieto (Lara), Jah For All (Master Jes\u00fas), Rompiendo El Silencio (Romi Ram) y Redimido Vivo (Redimido y\/o Willy).<\/span><\/p>\n<\/p>\n<p><span class=\"text1noticias\">Por \u00faltimo Burgos explic\u00f3 que en la categor\u00eda Grupo \u00f3 D\u00fao del A\u00f1o, est\u00e1n Juan y Lenny, Tercer Cielo, Tocando La Cruz, Centinelas y Maranatha, mientras que en el rengl\u00f3n P\u00e1gina Web del A\u00f1o; compiten Evoluci\u00f3n Cristiana.com, Radio Como  Tu.com, Exaltale.com, Recreo Joven.com y Shekinah Juvenil.com.<\/span><\/p>\n<p><span class=\"text1noticias\"> <\/span><\/p>\n<p><span class=\"text1noticias\">Record\u00f3 que el pasado lunes 15 del presente mes entregaron los certificados a los nominados, durante un acto, donde tambi\u00e9n dieron a conocer los pormenores de la premiaci\u00f3n, donde gran parte de los seleccionados recibieron sus reconocimientos y agradecieron la distinci\u00f3n de que fueron objeto.<\/span><\/p>\n<\/p>\n<p><span class=\"text1noticias\">Destac\u00f3 que este a\u00f1o premiar\u00e1n las producciones, programas y m\u00e1s desde el 06 de Enero del 2008 al 06 de Enero del 2009, en tanto que estar\u00e1n recibiendo desde Enero del pr\u00f3ximo a\u00f1o las propuestas de los interesados en ser nominados para El Galard\u00f3n 2010, en las oficinas de ADOCOC y a los tel\u00e9fonos 809-412-1106 y los mails, a.adococ@gmail.com y adococ@hotmail.com.<\/span><\/p>\n<h6> 2009-06-23 15:46:06 <\/h6>\n<p><!--\n<link rel=\"stylesheet\" href=\"css\/bootstrap.min.css\">\n\n\n<ul class=\"pagination\">\n\t    \n\t\n\n<li >\n\t<a href='?page_no=21579'>Previous<\/a>\n\t<\/li>\n\n\n       \n    \n\n<li><a href='?page_no=1'>1<\/a><\/li>\n\n\n\n<li><a href='?page_no=2'>2<\/a><\/li>\n\n\n\n<li><a>...<\/a><\/li>\n\n\n\n<li><a href='?page_no=21578'>21578<\/a><\/li>\n\n\n\n<li><a href='?page_no=21579'>21579<\/a><\/li>\n\n\n\n<li class='active'><a>21580<\/a><\/li>\n\n\n\n<li><a href='?page_no=21581'>21581<\/a><\/li>\n\n\n\n<li><a href='?page_no=21582'>21582<\/a><\/li>\n\n\n\n<li><a>...<\/a><\/li>\n\n\n\n<li><a href='?page_no=22911'>22911<\/a><\/li>\n\n\n\n<li><a href='?page_no=22912'>22912<\/a><\/li>\n\n    \n\t\n\n<li >\n\t<a href='?page_no=21581'>Next<\/a>\n\t<\/li>\n\n\n    \n\n<li><a href='?page_no=22912'>Last &rsaquo;&rsaquo;<\/a><\/li>\n\n<\/ul>\n\n\n--><br \/>\n<\/body><\/p>\n","protected":false},"excerpt":{"rendered":"<p>La Asociaci\u00f3n Dominicana de Comunicadores Cristianos Incorporada (ADOCOC), har\u00e1 realidad el sue\u00f1o de muchos artistas, salmista y comunicadores cristianos de que en el pa\u00eds se reconozca su talento, con la celebraci\u00f3n el pr\u00f3ximo 24 de junio de los premios ?EL GALARDON?, a las artes, la m\u00fasica y la comunicaci\u00f3n cristiana. El gremio que agrupa a [&hellip;]<\/p>\n","protected":false},"author":3,"featured_media":0,"comment_status":"open","ping_status":"open","sticky":false,"template":"","format":"standard","meta":{"footnotes":""},"categories":[21],"tags":[],"class_list":["post-69902","post","type-post","status-publish","format-standard","hentry","category-cultura"],"_links":{"self":[{"href":"https:\/\/diariodominicano.com\/index.php?rest_route=\/wp\/v2\/posts\/69902","targetHints":{"allow":["GET"]}}],"collection":[{"href":"https:\/\/diariodominicano.com\/index.php?rest_route=\/wp\/v2\/posts"}],"about":[{"href":"https:\/\/diariodominicano.com\/index.php?rest_route=\/wp\/v2\/types\/post"}],"author":[{"embeddable":true,"href":"https:\/\/diariodominicano.com\/index.php?rest_route=\/wp\/v2\/users\/3"}],"replies":[{"embeddable":true,"href":"https:\/\/diariodominicano.com\/index.php?rest_route=%2Fwp%2Fv2%2Fcomments&post=69902"}],"version-history":[{"count":0,"href":"https:\/\/diariodominicano.com\/index.php?rest_route=\/wp\/v2\/posts\/69902\/revisions"}],"wp:attachment":[{"href":"https:\/\/diariodominicano.com\/index.php?rest_route=%2Fwp%2Fv2%2Fmedia&parent=69902"}],"wp:term":[{"taxonomy":"category","embeddable":true,"href":"https:\/\/diariodominicano.com\/index.php?rest_route=%2Fwp%2Fv2%2Fcategories&post=69902"},{"taxonomy":"post_tag","embeddable":true,"href":"https:\/\/diariodominicano.com\/index.php?rest_route=%2Fwp%2Fv2%2Ftags&post=69902"}],"curies":[{"name":"wp","href":"https:\/\/api.w.org\/{rel}","templated":true}]}}