{"id":69898,"date":"2009-06-24T15:05:31","date_gmt":"2009-06-24T15:05:31","guid":{"rendered":"http:\/\/diariodominicano.ddns.net\/?p=69898"},"modified":"2009-06-24T15:05:31","modified_gmt":"2009-06-24T15:05:31","slug":"recibira-peter-greenaway-homenaje-en-el-marco-de-expresion-en-corto","status":"publish","type":"post","link":"https:\/\/diariodominicano.com\/?p=69898","title":{"rendered":"RECIBIR\u00c1 PETER GREENAWAY HOMENAJE EN EL MARCO DE EXPRESI\u00d3N EN CORTO"},"content":{"rendered":"<p><body><\/p>\n<p><img decoding=\"async\" src=\"img3\/peter.jpg\" \/>  <\/p>\n<p><span class=\"text1noticias\">Visitar\u00e1 el cineasta Peter Greenaway la Ciudad de Guanajuato.<\/span><\/p>\n<p><span class=\"text1noticias\"> <\/span><\/p>\n<p><span class=\"text1noticias\">?         El prestigiado director brit\u00e1nico recibir\u00e1 un Homenaje otorgado por el Festival Internacional de Cine Expresi\u00f3n en Corto.<\/span><\/p>\n<p><span class=\"text1noticias\"> <\/span><\/p>\n<p><span class=\"text1noticias\">?         Greenaway brindar\u00e1 una Conferencia Magistral sobre el tema ?El cine ha muerto, \u00a1Que viva el cine!?<\/span><\/p>\n<p><span class=\"text1noticias\"> <\/span><\/p>\n<p><span class=\"text1noticias\">?         Greenaway presentar\u00e1 su espect\u00e1culo \u00abTulse Luper VJ Performance\u00bb, una propuesta audiovisual, sobre la ?Interactividad del cine? en la Alh\u00f3ndiga de Granaditas de Guanajuato Capital.<\/span><\/p>\n<p><span class=\"text1noticias\"> <\/span><\/p>\n<p><span class=\"text1noticias\">22 de junio, 2009. San Miguel de Allende, Guanajuato, M\u00e9xico.<\/span><\/p>\n<p><span class=\"text1noticias\"> <\/span><\/p>\n<p><span class=\"text1noticias\">En su XII edici\u00f3n, el Festival Internacional de Cine ?Expresi\u00f3n en Corto? se viste de gala con la presencia del destacado director brit\u00e1nico, Peter Greenaway.<\/span><\/p>\n<p><span class=\"text1noticias\"> <\/span><\/p>\n<p><span class=\"text1noticias\">Este a\u00f1o, el Festival se llevar\u00e1 a cabo del 24 de julio al 2 de agosto en las ciudades de San Miguel de Allende y Guanajuato Capital.<\/span><\/p>\n<p><span class=\"text1noticias\"> <\/span><\/p>\n<p><span class=\"text1noticias\">Greenaway recibir\u00e1 su Homenaje el d\u00eda 30 de julio a las 21:00 horas en el Auditorio del Estado de Guanajuato. Al siguiente d\u00eda, el 31 de julio a las 11:00 horas, Greenaway brindar\u00e1 una Conferencia Magistral sobre el tema ?El cine ha muerto, \u00a1Que viva el cine!? en el mismo Auditorio. Esta pl\u00e1tica ser\u00e1 impartida por Greenaway usando su equipo audiovisual de una forma did\u00e1ctica y como evento de clausura del Festival Expresi\u00f3n en Corto, el d\u00eda 1\u00ba de Agosto la explanada de la Alh\u00f3ndiga de Granaditas ser\u00e1 el majestuoso escenario donde se llevar\u00e1 a cabo la presentaci\u00f3n del espect\u00e1culo audiovisual: ?Tulse Luper VJ Performance?.<\/span><\/p>\n<p><span class=\"text1noticias\"> <\/span><\/p>\n<p><span class=\"text1noticias\">Sarah Hoch, directora de Expresi\u00f3n en Corto, comenta ?este a\u00f1o ser\u00e1 una fiesta excepcional, contaremos con una s\u00f3lida y amplia participaci\u00f3n cinematogr\u00e1fica del Reino Unido, invitado de honor 2009, engalanada por el prestigiado director Peter Greenaway. Esto es posible gracias al gran apoyo que el gobierno del Estado de Guanajuato y el Consejo de Promoci\u00f3n Tur\u00edstica de M\u00e9xico nos brindan para la realizaci\u00f3n del evento?.<\/span><\/p>\n<p><span class=\"text1noticias\"> <\/span><\/p>\n<p><span class=\"text1noticias\">Greenaway se revel\u00f3 como VJ (Video Jockey) en el Club 11 \u00c1msterdam en junio de 2005, incorporando a DJ Radar (tambi\u00e9n conocido como Serge Dodwell) quien hasta la fecha musicaliza la presentaci\u00f3n de Greenaway en vivo. ?VJ? Greenaway cuenta con una gran pantalla t\u00e1ctil (touch screen), dise\u00f1ada especialmente para \u00e9l por BeamSystems. Utilizando este sistema, proyect\u00f3 las 92 ?historias? de Tulse Luper en las pantallas del Club 11, mezclando las im\u00e1genes ?en vivo?.<\/span><\/p>\n<p><span class=\"text1noticias\"> <\/span><\/p>\n<p><span class=\"text1noticias\">El resultado fue sorprendente: Greenaway arras\u00f3 con el p\u00fablico del templo ?11? de los VJ en \u00c1msterdam, mezclando sus vanguardistas im\u00e1genes cinematogr\u00e1ficas (apropiadas de su propia pel\u00edcula Tulse Luper Suitcases) con una banda sonora remezclada por DJ Radar. Dominando la gigante pantalla touch, Greenaway volvi\u00f3 a nacer como el ?conductor de im\u00e1genes en tiempo real?, proporcionando una experiencia totalmente nueva para la audiencia: ?Cinema en vivo?.<\/span><\/p>\n<p><span class=\"text1noticias\"> <\/span><\/p>\n<p><span class=\"text1noticias\">En palabras del propio Greenaway, se trata de un proyecto para la ?era de la informaci\u00f3n?, una especie de ensayo multimedia en el que narrativas m\u00faltiples se desarrollan a partir de la combinaci\u00f3n de hechos ficticios y reales, comentarios, notas al pie y an\u00e9cdotas. Una narraci\u00f3n construida a trav\u00e9s de una visi\u00f3n fragmentaria, que a la vez es sist\u00e9mica, m\u00e1s que concebida para una lectura lineal y completa. Vivir a Greenaway ser\u00e1 toda una experiencia. Ha dirigido 12 largometrajes, 50 cortometrajes y documentales. Frecuentemente nominado por la calidad de su trabajo por festivales de cine como Cannes, Venecia y Berl\u00edn. Greenaway publica libros, escribe \u00f3peras y colabora con compositores de m\u00fasica como Michael Nyman, Glen Branca, Wim Mertens, Jean-Baptiste Barriere, Philip Glass, Louis Andriessen, Borut Krzisnik y David Lang.<\/span><\/p>\n<p><span class=\"text1noticias\"> <\/span><\/p>\n<p><span class=\"text1noticias\">Greenaway realiza cine en una gran variedad de maneras, influenciado por su trabajo como curador y creador de exhibiciones e instalaciones en Europa, mismas que lo han llevado al Palazzo Fortuny en Venecia, la Galer\u00eda Joan Mir\u00f3 en Barcelona, la Galer\u00eda Boymans van Beuningen en R\u00f3terdam y el Louvre en Par\u00eds y, este a\u00f1o, a Guanajuato.<\/span><\/p>\n<p><span class=\"text1noticias\"> <\/span><\/p>\n<p><span class=\"text1noticias\">Su primer largometraje, The Draughtsman?s Contract, fue terminado en 1982, recibiendo excelente critica colocando internacionalmente a Greenaway como un cineasta original. Una reputaci\u00f3n consolidada por las pel\u00edculas The Cook, the Thief, his Wife &amp; her Lover y The Pillow-book, The Tulse Luper Suitcases y, recientemente, Nightwatching.<\/span><\/p>\n<p><span class=\"text1noticias\"> <\/span><\/p>\n<p><span class=\"text1noticias\">Sus \u00faltimos films para la pantalla grande son unas extravagancias multimedia que incluyen las m\u00e1s innovadoras t\u00e9cnicas. En la mente de Peter Greenaway est\u00e1 la actitud de que a\u00fan no hemos visto lo que puede ser el cine. Su ambici\u00f3n es intentar reinventarlo, por esto el mundo del cine es un lugar que ampl\u00eda su espectro de variedad gracias a \u00e9l.<\/span><\/p>\n<\/p>\n<p><span class=\"text1noticias\">Vive esta experiencia en Guanajuato. <\/span><\/p>\n<p><span class=\"text1noticias\"> <\/span><\/p>\n<p><span class=\"text1noticias\">Para mayores informes sobre como adquirir boletos para la presentaci\u00f3n del ?Tulse Luper VJ Performance? favor de consultar la p\u00e1gina:<\/span><\/p>\n<p><span class=\"text1noticias\">www.topticketmexico.com<\/span><\/p>\n<p><span class=\"text1noticias\"> <\/span><\/p>\n<p><span class=\"text1noticias\">O al tel\u00e9fono 01-800-823-5914 (Lada sin costo)<\/span><\/p>\n<p><span class=\"text1noticias\"> <\/span><\/p>\n<p><span class=\"text1noticias\">Para informaci\u00f3n general sobre el Festival Internacional de Cine Expresi\u00f3n en Corto, favor de consultar la p\u00e1gina:www.expresionencorto.com<\/span><\/p>\n<h6> 2009-06-24 15:05:31 <\/h6>\n<p><!--\n<link rel=\"stylesheet\" href=\"css\/bootstrap.min.css\">\n\n\n<ul class=\"pagination\">\n\t    \n\t\n\n<li >\n\t<a href='?page_no=21575'>Previous<\/a>\n\t<\/li>\n\n\n       \n    \n\n<li><a href='?page_no=1'>1<\/a><\/li>\n\n\n\n<li><a href='?page_no=2'>2<\/a><\/li>\n\n\n\n<li><a>...<\/a><\/li>\n\n\n\n<li><a href='?page_no=21574'>21574<\/a><\/li>\n\n\n\n<li><a href='?page_no=21575'>21575<\/a><\/li>\n\n\n\n<li class='active'><a>21576<\/a><\/li>\n\n\n\n<li><a href='?page_no=21577'>21577<\/a><\/li>\n\n\n\n<li><a href='?page_no=21578'>21578<\/a><\/li>\n\n\n\n<li><a>...<\/a><\/li>\n\n\n\n<li><a href='?page_no=22911'>22911<\/a><\/li>\n\n\n\n<li><a href='?page_no=22912'>22912<\/a><\/li>\n\n    \n\t\n\n<li >\n\t<a href='?page_no=21577'>Next<\/a>\n\t<\/li>\n\n\n    \n\n<li><a href='?page_no=22912'>Last &rsaquo;&rsaquo;<\/a><\/li>\n\n<\/ul>\n\n\n--><br \/>\n<\/body><\/p>\n","protected":false},"excerpt":{"rendered":"<p>Visitar\u00e1 el cineasta Peter Greenaway la Ciudad de Guanajuato. ? El prestigiado director brit\u00e1nico recibir\u00e1 un Homenaje otorgado por el Festival Internacional de Cine Expresi\u00f3n en Corto. ? Greenaway brindar\u00e1 una Conferencia Magistral sobre el tema ?El cine ha muerto, \u00a1Que viva el cine!? ? Greenaway presentar\u00e1 su espect\u00e1culo \u00abTulse Luper VJ Performance\u00bb, una propuesta [&hellip;]<\/p>\n","protected":false},"author":3,"featured_media":0,"comment_status":"open","ping_status":"open","sticky":false,"template":"","format":"standard","meta":{"footnotes":""},"categories":[21],"tags":[],"class_list":["post-69898","post","type-post","status-publish","format-standard","hentry","category-cultura"],"_links":{"self":[{"href":"https:\/\/diariodominicano.com\/index.php?rest_route=\/wp\/v2\/posts\/69898","targetHints":{"allow":["GET"]}}],"collection":[{"href":"https:\/\/diariodominicano.com\/index.php?rest_route=\/wp\/v2\/posts"}],"about":[{"href":"https:\/\/diariodominicano.com\/index.php?rest_route=\/wp\/v2\/types\/post"}],"author":[{"embeddable":true,"href":"https:\/\/diariodominicano.com\/index.php?rest_route=\/wp\/v2\/users\/3"}],"replies":[{"embeddable":true,"href":"https:\/\/diariodominicano.com\/index.php?rest_route=%2Fwp%2Fv2%2Fcomments&post=69898"}],"version-history":[{"count":0,"href":"https:\/\/diariodominicano.com\/index.php?rest_route=\/wp\/v2\/posts\/69898\/revisions"}],"wp:attachment":[{"href":"https:\/\/diariodominicano.com\/index.php?rest_route=%2Fwp%2Fv2%2Fmedia&parent=69898"}],"wp:term":[{"taxonomy":"category","embeddable":true,"href":"https:\/\/diariodominicano.com\/index.php?rest_route=%2Fwp%2Fv2%2Fcategories&post=69898"},{"taxonomy":"post_tag","embeddable":true,"href":"https:\/\/diariodominicano.com\/index.php?rest_route=%2Fwp%2Fv2%2Ftags&post=69898"}],"curies":[{"name":"wp","href":"https:\/\/api.w.org\/{rel}","templated":true}]}}