{"id":69896,"date":"2009-06-24T15:30:40","date_gmt":"2009-06-24T15:30:40","guid":{"rendered":"http:\/\/diariodominicano.ddns.net\/?p=69896"},"modified":"2009-06-24T15:30:40","modified_gmt":"2009-06-24T15:30:40","slug":"cultura-y-medio-ambiente-firman-convenio-de-cooperacion-institucional","status":"publish","type":"post","link":"https:\/\/diariodominicano.com\/?p=69896","title":{"rendered":"Cultura y Medio Ambiente firman convenio de cooperaci\u00f3n institucional"},"content":{"rendered":"<p><body><\/p>\n<p><img decoding=\"async\" src=\"http:\/\/localhost:8080\/img3\/conven.jpg\" \/>  <\/p>\n<p><span class=\"text1noticias\">Las Secretar\u00edas de Estado de Cultura (SEC) y Medio Ambiente y Recursos Naturales (SEMARENA), firmaron un convenio de cooperaci\u00f3n  con el objetivo de salvaguardar, proteger y fomentar el patrimonio cultural y natural de la Rep\u00fablica Dominicana.<\/span><\/p>\n<\/p>\n<p><span class=\"text1noticias\">Este acuerdo rubricado por los titulares de la SEC y SEMARENA, Jos\u00e9 Rafael Lantigua y Jaime David Fern\u00e1ndez Mirabal, respectivamente ?viene a fortalecer los mecanismos de custodia y defensa del patrimonio cultural y natural, con que cuenta la naci\u00f3n dominicana?.<\/span><\/p>\n<\/p>\n<p><span class=\"text1noticias\">?La firma de este acuerdo es un inter\u00e9s del presidente Leonel Fern\u00e1ndez de que trabajemos en una nueva cultura en lo multi-institucional y multisectorial para la  preservaci\u00f3n y conservaci\u00f3n  de todo el patrimonio natural y cultural de nuestro pa\u00eds en las \u00e1reas protegidas y las subacu\u00e1ticas?, se\u00f1al\u00f3 el Secretario de Medio Ambiente.<\/span><\/p>\n<\/p>\n<p><span class=\"text1noticias\">Dijo que estas dos carteras tienen que trabajar juntas para defender los valores que son, en esencia,  patrimonio de nuestra propia identidad?.<\/span><\/p>\n<\/p>\n<p><span class=\"text1noticias\">Fern\u00e1ndez Mirabal dijo que han estado trabajando juntos en el tema de la defensa de La Isabela y en el Parque Nacional Mirador del Oste, dentro de cuya zona est\u00e1 el Palacio de Engombe, lugar de importancia hist\u00f3rica y cultural.<\/span><\/p>\n<\/p>\n<p><span class=\"text1noticias\">?Nosotros acordamos ahora con el Secretario de Estado de Cultura que para el primero de Julio iniciaremos  los trabajos de recuperaci\u00f3n del  Palacio de Engombe para que se convierta en toda una gran \u00e1rea de visitaci\u00f3n?, manifest\u00f3 Fern\u00e1ndez.<\/span><\/p>\n<\/p>\n<p><span class=\"text1noticias\">El funcionario revel\u00f3 sentirse ?muy complacido con este acuerdo porque abre las perspectivas para la defensa del patrimonio  subacu\u00e1tico de toda el \u00e1rea de la Isla  Catalina con la Universidad de Indiana, el rescate del Naufragio del Capit\u00e1n Kidd y otras zonas como el  Cabo Franc\u00e9s Viejo, Saona y el  parque  submarino de La Caleta y el Cementerio de Los Ind\u00edgenas, as\u00ed como otras que han sido impactadas por la depredaci\u00f3n humana?.<\/span><\/p>\n<\/p>\n<p><span class=\"text1noticias\">Para realizar las tareas conjuntas, las instituciones formar\u00e1n un equipo t\u00e9cnico de trabajo, integrado por representantes de ambas entidades que tendr\u00e1 a su cargo ?definir y elaborar los programas, planes y proyectos de trabajo que requieran de acciones comunes, establecer y mantener las v\u00edas efectivas de comunicaci\u00f3n e intercambio de informaci\u00f3n que contribuyan al logro de los objetivos de ambas instituciones?.<\/span><\/p>\n<\/p>\n<p><span class=\"text1noticias\">La Ejecuci\u00f3n y seguimiento del acuerdo ser\u00e1 realizado por la Subsecretar\u00eda de Estado de \u00c1reas Protegidas y Biodiversidad de SEMARENA y la Subsecretar\u00eda de Patrimonio Cultural de la SEC.<\/span><\/p>\n<h6> 2009-06-24 15:30:40 <\/h6>\n<p><!--\n<link rel=\"stylesheet\" href=\"css\/bootstrap.min.css\">\n\n\n<ul class=\"pagination\">\n\t    \n\t\n\n<li >\n\t<a href='?page_no=21573'>Previous<\/a>\n\t<\/li>\n\n\n       \n    \n\n<li><a href='?page_no=1'>1<\/a><\/li>\n\n\n\n<li><a href='?page_no=2'>2<\/a><\/li>\n\n\n\n<li><a>...<\/a><\/li>\n\n\n\n<li><a href='?page_no=21572'>21572<\/a><\/li>\n\n\n\n<li><a href='?page_no=21573'>21573<\/a><\/li>\n\n\n\n<li class='active'><a>21574<\/a><\/li>\n\n\n\n<li><a href='?page_no=21575'>21575<\/a><\/li>\n\n\n\n<li><a href='?page_no=21576'>21576<\/a><\/li>\n\n\n\n<li><a>...<\/a><\/li>\n\n\n\n<li><a href='?page_no=22911'>22911<\/a><\/li>\n\n\n\n<li><a href='?page_no=22912'>22912<\/a><\/li>\n\n    \n\t\n\n<li >\n\t<a href='?page_no=21575'>Next<\/a>\n\t<\/li>\n\n\n    \n\n<li><a href='?page_no=22912'>Last &rsaquo;&rsaquo;<\/a><\/li>\n\n<\/ul>\n\n\n--><br \/>\n<\/body><\/p>\n","protected":false},"excerpt":{"rendered":"<p>Las Secretar\u00edas de Estado de Cultura (SEC) y Medio Ambiente y Recursos Naturales (SEMARENA), firmaron un convenio de cooperaci\u00f3n con el objetivo de salvaguardar, proteger y fomentar el patrimonio cultural y natural de la Rep\u00fablica Dominicana. Este acuerdo rubricado por los titulares de la SEC y SEMARENA, Jos\u00e9 Rafael Lantigua y Jaime David Fern\u00e1ndez Mirabal, [&hellip;]<\/p>\n","protected":false},"author":3,"featured_media":0,"comment_status":"open","ping_status":"open","sticky":false,"template":"","format":"standard","meta":{"footnotes":""},"categories":[21],"tags":[],"class_list":["post-69896","post","type-post","status-publish","format-standard","hentry","category-cultura"],"_links":{"self":[{"href":"https:\/\/diariodominicano.com\/index.php?rest_route=\/wp\/v2\/posts\/69896","targetHints":{"allow":["GET"]}}],"collection":[{"href":"https:\/\/diariodominicano.com\/index.php?rest_route=\/wp\/v2\/posts"}],"about":[{"href":"https:\/\/diariodominicano.com\/index.php?rest_route=\/wp\/v2\/types\/post"}],"author":[{"embeddable":true,"href":"https:\/\/diariodominicano.com\/index.php?rest_route=\/wp\/v2\/users\/3"}],"replies":[{"embeddable":true,"href":"https:\/\/diariodominicano.com\/index.php?rest_route=%2Fwp%2Fv2%2Fcomments&post=69896"}],"version-history":[{"count":0,"href":"https:\/\/diariodominicano.com\/index.php?rest_route=\/wp\/v2\/posts\/69896\/revisions"}],"wp:attachment":[{"href":"https:\/\/diariodominicano.com\/index.php?rest_route=%2Fwp%2Fv2%2Fmedia&parent=69896"}],"wp:term":[{"taxonomy":"category","embeddable":true,"href":"https:\/\/diariodominicano.com\/index.php?rest_route=%2Fwp%2Fv2%2Fcategories&post=69896"},{"taxonomy":"post_tag","embeddable":true,"href":"https:\/\/diariodominicano.com\/index.php?rest_route=%2Fwp%2Fv2%2Ftags&post=69896"}],"curies":[{"name":"wp","href":"https:\/\/api.w.org\/{rel}","templated":true}]}}