{"id":69893,"date":"2009-06-25T13:39:36","date_gmt":"2009-06-25T13:39:36","guid":{"rendered":"http:\/\/diariodominicano.ddns.net\/?p=69893"},"modified":"2009-06-25T13:39:36","modified_gmt":"2009-06-25T13:39:36","slug":"secretaria-de-estado-de-la-juventud-reconoce-a-jovenes-en-fiestas-patronales-san-antonio-del-laguna-salada","status":"publish","type":"post","link":"https:\/\/diariodominicano.com\/?p=69893","title":{"rendered":"SECRETARIA DE ESTADO DE LA JUVENTUD RECONOCE A JOVENES EN FIESTAS PATRONALES SAN ANTONIO DEL LAGUNA SALADA."},"content":{"rendered":"<p><body><\/p>\n<p><img decoding=\"async\" src=\"http:\/\/localhost:8080\/img3\/patro.jpg\" \/>  <\/p>\n<p><span class=\"text1noticias\">Roberto Rosario<\/span><\/p>\n<p><span class=\"text1noticias\"> <\/span><\/p>\n<p><span class=\"text1noticias\">Laguna Salada.- La Secretaria de Estado de la Juventud, reconoci\u00f3 a las j\u00f3venes que resultaron electa como Reyna, Vireyna y Princesa en las Fiestas Patronales San Antonio, celebrada en el Municipio de Laguna Salada en la provincia Valverde.<\/span><\/p>\n<\/p>\n<p><span class=\"text1noticias\">El Ing. Jos\u00e9 Alberto Blanco, subsecretario de Estado de la Juventud, junto al s\u00edndico de ese municipio Natividad Acosta, entrego  placa de reconocimiento y certificado a la joven Dennys Acevedo, quien resulto electa Reyna de las patronales San Antonio 2009, mientras que a las j\u00f3venes Daiana Ram\u00edrez y Maileni Tatis le entrego certificados y medallas respectivamente.<\/span><\/p>\n<\/p>\n<p><span class=\"text1noticias\">El guncionario de la juventud, invito a los j\u00f3venes de esa comunidad a disfrutar de manera sana de sus fiestas patronales, record\u00e1ndoles que son fiestas culturales que deben servir para la integraci\u00f3n de la ciudadan\u00eda y una ocasi\u00f3n propicia para que los mun\u00edcipes ausentes se reencuentren con sus familias y amigos.<\/span><\/p>\n<p><span class=\"text1noticias\"> <\/span><\/p>\n<p><span class=\"text1noticias\">Blanco expreso que por instrucciones del Lic. Franklin Rodr\u00edguez,  secretario de Estado de la Juventud, siguiendo las directrices del Sr. Presidente de la Rep\u00fablica el Dr. Leonel Fern\u00e1ndez, la secretaria de Estado de la Juventud estar\u00e1 apoyando a los j\u00f3venes en todo el pa\u00eds para que se sientan apoyados y que cuando hagan algo positivo se les reconozca.<\/span><\/p>\n<p><span class=\"text1noticias\"> <\/span><\/p>\n<p><span class=\"text1noticias\">asi mismo inidico que la secretaria que representa en el noroeste, estara apoyando a los jovenes en toda su manifestaciones para alcansar el existo y por ende su desarrollo<\/span><\/p>\n<h6> 2009-06-25 13:39:36 <\/h6>\n<p><!--\n<link rel=\"stylesheet\" href=\"css\/bootstrap.min.css\">\n\n\n<ul class=\"pagination\">\n\t    \n\t\n\n<li >\n\t<a href='?page_no=21570'>Previous<\/a>\n\t<\/li>\n\n\n       \n    \n\n<li><a href='?page_no=1'>1<\/a><\/li>\n\n\n\n<li><a href='?page_no=2'>2<\/a><\/li>\n\n\n\n<li><a>...<\/a><\/li>\n\n\n\n<li><a href='?page_no=21569'>21569<\/a><\/li>\n\n\n\n<li><a href='?page_no=21570'>21570<\/a><\/li>\n\n\n\n<li class='active'><a>21571<\/a><\/li>\n\n\n\n<li><a href='?page_no=21572'>21572<\/a><\/li>\n\n\n\n<li><a href='?page_no=21573'>21573<\/a><\/li>\n\n\n\n<li><a>...<\/a><\/li>\n\n\n\n<li><a href='?page_no=22911'>22911<\/a><\/li>\n\n\n\n<li><a href='?page_no=22912'>22912<\/a><\/li>\n\n    \n\t\n\n<li >\n\t<a href='?page_no=21572'>Next<\/a>\n\t<\/li>\n\n\n    \n\n<li><a href='?page_no=22912'>Last &rsaquo;&rsaquo;<\/a><\/li>\n\n<\/ul>\n\n\n--><br \/>\n<\/body><\/p>\n","protected":false},"excerpt":{"rendered":"<p>Roberto Rosario Laguna Salada.- La Secretaria de Estado de la Juventud, reconoci\u00f3 a las j\u00f3venes que resultaron electa como Reyna, Vireyna y Princesa en las Fiestas Patronales San Antonio, celebrada en el Municipio de Laguna Salada en la provincia Valverde. El Ing. Jos\u00e9 Alberto Blanco, subsecretario de Estado de la Juventud, junto al s\u00edndico de [&hellip;]<\/p>\n","protected":false},"author":3,"featured_media":0,"comment_status":"open","ping_status":"open","sticky":false,"template":"","format":"standard","meta":{"footnotes":""},"categories":[21],"tags":[],"class_list":["post-69893","post","type-post","status-publish","format-standard","hentry","category-cultura"],"_links":{"self":[{"href":"https:\/\/diariodominicano.com\/index.php?rest_route=\/wp\/v2\/posts\/69893","targetHints":{"allow":["GET"]}}],"collection":[{"href":"https:\/\/diariodominicano.com\/index.php?rest_route=\/wp\/v2\/posts"}],"about":[{"href":"https:\/\/diariodominicano.com\/index.php?rest_route=\/wp\/v2\/types\/post"}],"author":[{"embeddable":true,"href":"https:\/\/diariodominicano.com\/index.php?rest_route=\/wp\/v2\/users\/3"}],"replies":[{"embeddable":true,"href":"https:\/\/diariodominicano.com\/index.php?rest_route=%2Fwp%2Fv2%2Fcomments&post=69893"}],"version-history":[{"count":0,"href":"https:\/\/diariodominicano.com\/index.php?rest_route=\/wp\/v2\/posts\/69893\/revisions"}],"wp:attachment":[{"href":"https:\/\/diariodominicano.com\/index.php?rest_route=%2Fwp%2Fv2%2Fmedia&parent=69893"}],"wp:term":[{"taxonomy":"category","embeddable":true,"href":"https:\/\/diariodominicano.com\/index.php?rest_route=%2Fwp%2Fv2%2Fcategories&post=69893"},{"taxonomy":"post_tag","embeddable":true,"href":"https:\/\/diariodominicano.com\/index.php?rest_route=%2Fwp%2Fv2%2Ftags&post=69893"}],"curies":[{"name":"wp","href":"https:\/\/api.w.org\/{rel}","templated":true}]}}