{"id":69892,"date":"2009-06-25T15:44:56","date_gmt":"2009-06-25T15:44:56","guid":{"rendered":"http:\/\/diariodominicano.ddns.net\/?p=69892"},"modified":"2009-06-25T15:44:56","modified_gmt":"2009-06-25T15:44:56","slug":"en-honor-a-hector-vinicio-mateo-masoneria-develara-tarja-en-recordacion-a-martir-de-la-gesta-patriotica-del-14-de-junio","status":"publish","type":"post","link":"https:\/\/diariodominicano.com\/?p=69892","title":{"rendered":"EN HONOR A HECTOR VINICIO MATEO: Masoner\u00eda develar\u00e1 tarja en recordaci\u00f3n a m\u00e1rtir de la gesta patri\u00f3tica del 14 de junio"},"content":{"rendered":"<p><body><\/p>\n<p><span class=\"text1noticias\">La placa se instalar\u00e1  en el puente sobre el r\u00edo Yab\u00f3n, en Hato Mayor. <\/span><\/p>\n<\/p>\n<p><span class=\"text1noticias\">SANTO DOMINGO.- La Gran Logia Nacional tributar\u00e1 un homenaje de recordaci\u00f3n al combatiente H\u00e9ctor Vinicio Mateo Calca\u00f1o, m\u00e1rtir de la gesta patri\u00f3tica del 14 de junio de 1959, con la develaci\u00f3n de una tarja con su nombre en el puente sobre el r\u00edo Yab\u00f3n, en Hato Mayor, al conmemorarse el 50 aniversario de la invasi\u00f3n armada que enfrent\u00f3 con arrojo y decisi\u00f3n a la dictadura trujillista.<\/span><\/p>\n<\/p>\n<p><span class=\"text1noticias\">La actividad, a la que han sido invitados masones, legisladores, s\u00edndicos, regidores y otros funcionarios,  est\u00e1 programada para las once de la ma\u00f1ana de este domingo 28.<\/span><\/p>\n<\/p>\n<p><span class=\"text1noticias\">El gran maestro doctor Eliseo Rond\u00f3n S\u00e1nchez, dijo que la masoner\u00eda dominicana cumple con el deber de mantener viva en la conciencia nacional la valent\u00eda y sacrificio de este joven  y olvidado combatiente, nativo de Sabana de la Mar, provincia Hato Mayor.<\/span><\/p>\n<p><span class=\"text1noticias\">\t<\/span><\/p>\n<p><span class=\"text1noticias\">?Con 22 a\u00f1os, H\u00e9ctor Vinicio Mateo Calca\u00f1o, arrib\u00f3 por Constanza y enfrent\u00f3 al ej\u00e9rcito trujillista, junto a un grupo de patriotas expedicionarios, siendo posteriormente apresado, trasladado a la base a\u00e9rea de San Isidro, donde fue vilmente torturado y asesinado por los sicarios del r\u00e9gimen?, resalt\u00f3 Rond\u00f3n S\u00e1nchez.<\/span><\/p>\n<\/p>\n<p><span class=\"text1noticias\">Desaparecida la tiran\u00eda, el Congreso Nacional dict\u00f3 el 1ro. de agosto de 1963 la ley 59 que en su art\u00edculo \u00fanico designa con el nombre de H\u00e9ctor Vinicio Mateo Calca\u00f1o el puente de acero tendido sobre el r\u00edo Yab\u00f3n, en el tramo carretero Hato Mayor-Sabana de la Mar, pero lo tarja nunca fue colocada.<\/span><\/p>\n<\/p>\n<p><span class=\"text1noticias\">Rond\u00f3n S\u00e1nchez dijo que el pa\u00eds tiene una deuda de gratitud con este meritorio hijo de Sabana de la Mar, cuyo sacrificio en aras del ideal patrio y la causa de la libertad deber\u00e1 servir de ejemplo a la juventud dominicana.-<\/span><\/p>\n<h6> 2009-06-25 15:44:56 <\/h6>\n<p><!--\n<link rel=\"stylesheet\" href=\"css\/bootstrap.min.css\">\n\n\n<ul class=\"pagination\">\n\t    \n\t\n\n<li >\n\t<a href='?page_no=21569'>Previous<\/a>\n\t<\/li>\n\n\n       \n    \n\n<li><a href='?page_no=1'>1<\/a><\/li>\n\n\n\n<li><a href='?page_no=2'>2<\/a><\/li>\n\n\n\n<li><a>...<\/a><\/li>\n\n\n\n<li><a href='?page_no=21568'>21568<\/a><\/li>\n\n\n\n<li><a href='?page_no=21569'>21569<\/a><\/li>\n\n\n\n<li class='active'><a>21570<\/a><\/li>\n\n\n\n<li><a href='?page_no=21571'>21571<\/a><\/li>\n\n\n\n<li><a href='?page_no=21572'>21572<\/a><\/li>\n\n\n\n<li><a>...<\/a><\/li>\n\n\n\n<li><a href='?page_no=22911'>22911<\/a><\/li>\n\n\n\n<li><a href='?page_no=22912'>22912<\/a><\/li>\n\n    \n\t\n\n<li >\n\t<a href='?page_no=21571'>Next<\/a>\n\t<\/li>\n\n\n    \n\n<li><a href='?page_no=22912'>Last &rsaquo;&rsaquo;<\/a><\/li>\n\n<\/ul>\n\n\n--><br \/>\n<\/body><\/p>\n","protected":false},"excerpt":{"rendered":"<p>La placa se instalar\u00e1 en el puente sobre el r\u00edo Yab\u00f3n, en Hato Mayor. SANTO DOMINGO.- La Gran Logia Nacional tributar\u00e1 un homenaje de recordaci\u00f3n al combatiente H\u00e9ctor Vinicio Mateo Calca\u00f1o, m\u00e1rtir de la gesta patri\u00f3tica del 14 de junio de 1959, con la develaci\u00f3n de una tarja con su nombre en el puente sobre [&hellip;]<\/p>\n","protected":false},"author":3,"featured_media":0,"comment_status":"open","ping_status":"open","sticky":false,"template":"","format":"standard","meta":{"footnotes":""},"categories":[21],"tags":[],"class_list":["post-69892","post","type-post","status-publish","format-standard","hentry","category-cultura"],"_links":{"self":[{"href":"https:\/\/diariodominicano.com\/index.php?rest_route=\/wp\/v2\/posts\/69892","targetHints":{"allow":["GET"]}}],"collection":[{"href":"https:\/\/diariodominicano.com\/index.php?rest_route=\/wp\/v2\/posts"}],"about":[{"href":"https:\/\/diariodominicano.com\/index.php?rest_route=\/wp\/v2\/types\/post"}],"author":[{"embeddable":true,"href":"https:\/\/diariodominicano.com\/index.php?rest_route=\/wp\/v2\/users\/3"}],"replies":[{"embeddable":true,"href":"https:\/\/diariodominicano.com\/index.php?rest_route=%2Fwp%2Fv2%2Fcomments&post=69892"}],"version-history":[{"count":0,"href":"https:\/\/diariodominicano.com\/index.php?rest_route=\/wp\/v2\/posts\/69892\/revisions"}],"wp:attachment":[{"href":"https:\/\/diariodominicano.com\/index.php?rest_route=%2Fwp%2Fv2%2Fmedia&parent=69892"}],"wp:term":[{"taxonomy":"category","embeddable":true,"href":"https:\/\/diariodominicano.com\/index.php?rest_route=%2Fwp%2Fv2%2Fcategories&post=69892"},{"taxonomy":"post_tag","embeddable":true,"href":"https:\/\/diariodominicano.com\/index.php?rest_route=%2Fwp%2Fv2%2Ftags&post=69892"}],"curies":[{"name":"wp","href":"https:\/\/api.w.org\/{rel}","templated":true}]}}