{"id":69891,"date":"2009-06-25T17:36:21","date_gmt":"2009-06-25T17:36:21","guid":{"rendered":"http:\/\/diariodominicano.ddns.net\/?p=69891"},"modified":"2009-06-25T17:36:21","modified_gmt":"2009-06-25T17:36:21","slug":"antes-que-junio-se-vaya","status":"publish","type":"post","link":"https:\/\/diariodominicano.com\/?p=69891","title":{"rendered":"Antes que Junio se Vaya"},"content":{"rendered":"<p><body><\/p>\n<p><span class=\"text1noticias\">Cantautores, poetas, bailarines, escritores, pintores, todos se reunir\u00e1n este domingo 28 para conmemorar la Gesta del 14 de Junio, y a coro recordarle a la patria, con su arte, que tenemos memoria hist\u00f3rica ?Antes que Junio se Vaya?.<\/span><\/p>\n<\/p>\n<p><span class=\"text1noticias\">El espacio escogido es la Plaza Espa\u00f1a, donde los artistas pondr\u00e1n su arte a disposici\u00f3n del p\u00fablico a partir de las 7:00 de la noche hasta las 10:00.pm<\/span><\/p>\n<\/p>\n<p><span class=\"text1noticias\">Para cantarle a la memoria de sus h\u00e9roes se han unido Sonia Silvestre, Jos\u00e9 Antonio Rodr\u00edguez, Xiomara Fortuna, Javier Celado, Pavel N\u00fa\u00f1ez, Marel Alemany, Manuel Jim\u00e9nez,  Sr. KR, Janio Lora, Claudio Coh\u00e9n, C\u00e9sar Olmos, Henya Tejeda, Lenny Abreu, Duluc, Enerolisa N\u00fa\u00f1ez y la Salve de Mata los Indios, Lu\u00eds D\u00edas, V\u00edctor V\u00edctor, Rold\u00e1n y el Grupo Bony\u00e9.<\/span><\/p>\n<\/p>\n<p><span class=\"text1noticias\">La iniciativa de realizar este evento por parte de los artistas surge a ra\u00edz de la ausencia de un acto de participaci\u00f3n masiva en el que se recordara la actitud de los que ofrendaron su vida  por un Estado de democracia en el pa\u00eds.<\/span><\/p>\n<\/p>\n<p><span class=\"text1noticias\">La actividad es un acto de convocatoria masiva mediante el cual se recuerde la fecha heroica de la Gesta del 14 de Junio, la que es organizada por la Fundaci\u00f3n Cultural Cofrad\u00eda, con el respaldo de la Red Dominicana de Culturas Locales, Universidad Aut\u00f3noma de Santo Domingo, la Secretar\u00eda de Estado de Turismo y la ADP, de acuerdo a Rold\u00e1n, productor general de la misma.<\/span><\/p>\n<h6> 2009-06-25 17:36:21 <\/h6>\n<p><!--\n<link rel=\"stylesheet\" href=\"css\/bootstrap.min.css\">\n\n\n<ul class=\"pagination\">\n\t    \n\t\n\n<li >\n\t<a href='?page_no=21568'>Previous<\/a>\n\t<\/li>\n\n\n       \n    \n\n<li><a href='?page_no=1'>1<\/a><\/li>\n\n\n\n<li><a href='?page_no=2'>2<\/a><\/li>\n\n\n\n<li><a>...<\/a><\/li>\n\n\n\n<li><a href='?page_no=21567'>21567<\/a><\/li>\n\n\n\n<li><a href='?page_no=21568'>21568<\/a><\/li>\n\n\n\n<li class='active'><a>21569<\/a><\/li>\n\n\n\n<li><a href='?page_no=21570'>21570<\/a><\/li>\n\n\n\n<li><a href='?page_no=21571'>21571<\/a><\/li>\n\n\n\n<li><a>...<\/a><\/li>\n\n\n\n<li><a href='?page_no=22911'>22911<\/a><\/li>\n\n\n\n<li><a href='?page_no=22912'>22912<\/a><\/li>\n\n    \n\t\n\n<li >\n\t<a href='?page_no=21570'>Next<\/a>\n\t<\/li>\n\n\n    \n\n<li><a href='?page_no=22912'>Last &rsaquo;&rsaquo;<\/a><\/li>\n\n<\/ul>\n\n\n--><br \/>\n<\/body><\/p>\n","protected":false},"excerpt":{"rendered":"<p>Cantautores, poetas, bailarines, escritores, pintores, todos se reunir\u00e1n este domingo 28 para conmemorar la Gesta del 14 de Junio, y a coro recordarle a la patria, con su arte, que tenemos memoria hist\u00f3rica ?Antes que Junio se Vaya?. El espacio escogido es la Plaza Espa\u00f1a, donde los artistas pondr\u00e1n su arte a disposici\u00f3n del p\u00fablico [&hellip;]<\/p>\n","protected":false},"author":3,"featured_media":0,"comment_status":"open","ping_status":"open","sticky":false,"template":"","format":"standard","meta":{"footnotes":""},"categories":[21],"tags":[],"class_list":["post-69891","post","type-post","status-publish","format-standard","hentry","category-cultura"],"_links":{"self":[{"href":"https:\/\/diariodominicano.com\/index.php?rest_route=\/wp\/v2\/posts\/69891","targetHints":{"allow":["GET"]}}],"collection":[{"href":"https:\/\/diariodominicano.com\/index.php?rest_route=\/wp\/v2\/posts"}],"about":[{"href":"https:\/\/diariodominicano.com\/index.php?rest_route=\/wp\/v2\/types\/post"}],"author":[{"embeddable":true,"href":"https:\/\/diariodominicano.com\/index.php?rest_route=\/wp\/v2\/users\/3"}],"replies":[{"embeddable":true,"href":"https:\/\/diariodominicano.com\/index.php?rest_route=%2Fwp%2Fv2%2Fcomments&post=69891"}],"version-history":[{"count":0,"href":"https:\/\/diariodominicano.com\/index.php?rest_route=\/wp\/v2\/posts\/69891\/revisions"}],"wp:attachment":[{"href":"https:\/\/diariodominicano.com\/index.php?rest_route=%2Fwp%2Fv2%2Fmedia&parent=69891"}],"wp:term":[{"taxonomy":"category","embeddable":true,"href":"https:\/\/diariodominicano.com\/index.php?rest_route=%2Fwp%2Fv2%2Fcategories&post=69891"},{"taxonomy":"post_tag","embeddable":true,"href":"https:\/\/diariodominicano.com\/index.php?rest_route=%2Fwp%2Fv2%2Ftags&post=69891"}],"curies":[{"name":"wp","href":"https:\/\/api.w.org\/{rel}","templated":true}]}}