{"id":69890,"date":"2009-06-25T17:58:07","date_gmt":"2009-06-25T17:58:07","guid":{"rendered":"http:\/\/diariodominicano.ddns.net\/?p=69890"},"modified":"2009-06-25T17:58:07","modified_gmt":"2009-06-25T17:58:07","slug":"sntp-anuncia-concursos-de-fotografia-y-reportaje-de-tv","status":"publish","type":"post","link":"https:\/\/diariodominicano.com\/?p=69890","title":{"rendered":"SNTP anuncia concursos de Fotograf\u00eda y Reportaje de TV."},"content":{"rendered":"<p><body><\/p>\n<p><img decoding=\"async\" src=\"http:\/\/localhost:8080\/img3\/fabri.jpg\" \/>  <\/p>\n<p><span class=\"text1noticias\">En su octava edici\u00f3n, el certamen ser\u00e1 dedicado al reportero gr\u00e1fico, Freddy Caputo por sus 35 a\u00f1os ininterrumpidos de labor.<\/span><\/p>\n<\/p>\n<p><span class=\"text1noticias\">SANTIAGO.- El Sindicato Nacional de Trabajadores de la Prensa (SNTP) en Santiago, anunci\u00f3 la celebraci\u00f3n de la ?VIII versi\u00f3n del Concurso de Fotograf\u00eda Period\u00edstica Erasmo Mart\u00ednez?, y la ?II Versi\u00f3n al mejor Reportaje de Televisi\u00f3n?, auspiciados por las empresas Cervecer\u00eda Nacional Dominicana y La Fabril.<\/span><\/p>\n<\/p>\n<p><span class=\"text1noticias\">Durante rueda de prensa realizada en el local del Colegio Dominicano de Periodistas de la Villa Ol\u00edmpica, hablaron Roc\u00edo Araujo, en representaci\u00f3n de la Cervecer\u00eda Nacional Dominicana, Laysi P\u00e9rez, de la Fabril y Miguel Ponce en su condici\u00f3n de secretario general del SNTP en esta ciudad, quienes dieron a conocer los detalles de la actividad. <\/span><\/p>\n<\/p>\n<p><span class=\"text1noticias\">Este a\u00f1o el concurso institucionalizado con el nombre de Erasmo Mart\u00ednez, ser\u00e1 dedicado al reportero gr\u00e1fico Freddy Caputo por sus 35 a\u00f1os ininterrumpidos dedicados a la fotograf\u00eda period\u00edstica en esta ciudad.<\/span><\/p>\n<\/p>\n<p><span class=\"text1noticias\">El concurso estar\u00e1 abierto para todos los miembros y miembras del SNTP de la regi\u00f3n Norte que est\u00e9n al d\u00eda, los cuales podr\u00e1n participar con tres trabajos. El tema ser\u00e1 libre y podr\u00e1n concursar fotograf\u00edas que hayan sido publicadas en cualquier peri\u00f3dico del pa\u00eds.<\/span><\/p>\n<\/p>\n<p><span class=\"text1noticias\">El jurado estar\u00e1 integrado por dos editores gr\u00e1ficos y un profesional calificado de la fotograf\u00eda. Se otorgar\u00e1n tres premios de 20 mil, 15 mil y 10 mil pesos, y tres menciones honor\u00edficas. <\/span><\/p>\n<\/p>\n<p><span class=\"text1noticias\">Mientras que para el reportaje de televisi\u00f3n ser\u00e1 15 mil para el primer lugar, 10 mil para el segundo y cinco mil para el tercero adem\u00e1s de menciones para el cuarto, quinto y sexto lugar.<\/span><\/p>\n<\/p>\n<p><span class=\"text1noticias\">La fecha l\u00edmite para entregar los trabajos es el s\u00e1bado 15 de agosto en las oficinas del Colegio Dominicano de Periodistas, en la Villa Ol\u00edmpica y la selecci\u00f3n de los ganadores y apertura de la exposici\u00f3n de las obras participantes, ser\u00e1 el mi\u00e9rcoles 19 de agosto.<\/span><\/p>\n<h6> 2009-06-25 17:58:07 <\/h6>\n<p><!--\n<link rel=\"stylesheet\" href=\"css\/bootstrap.min.css\">\n\n\n<ul class=\"pagination\">\n\t    \n\t\n\n<li >\n\t<a href='?page_no=21567'>Previous<\/a>\n\t<\/li>\n\n\n       \n    \n\n<li><a href='?page_no=1'>1<\/a><\/li>\n\n\n\n<li><a href='?page_no=2'>2<\/a><\/li>\n\n\n\n<li><a>...<\/a><\/li>\n\n\n\n<li><a href='?page_no=21566'>21566<\/a><\/li>\n\n\n\n<li><a href='?page_no=21567'>21567<\/a><\/li>\n\n\n\n<li class='active'><a>21568<\/a><\/li>\n\n\n\n<li><a href='?page_no=21569'>21569<\/a><\/li>\n\n\n\n<li><a href='?page_no=21570'>21570<\/a><\/li>\n\n\n\n<li><a>...<\/a><\/li>\n\n\n\n<li><a href='?page_no=22911'>22911<\/a><\/li>\n\n\n\n<li><a href='?page_no=22912'>22912<\/a><\/li>\n\n    \n\t\n\n<li >\n\t<a href='?page_no=21569'>Next<\/a>\n\t<\/li>\n\n\n    \n\n<li><a href='?page_no=22912'>Last &rsaquo;&rsaquo;<\/a><\/li>\n\n<\/ul>\n\n\n--><br \/>\n<\/body><\/p>\n","protected":false},"excerpt":{"rendered":"<p>En su octava edici\u00f3n, el certamen ser\u00e1 dedicado al reportero gr\u00e1fico, Freddy Caputo por sus 35 a\u00f1os ininterrumpidos de labor. SANTIAGO.- El Sindicato Nacional de Trabajadores de la Prensa (SNTP) en Santiago, anunci\u00f3 la celebraci\u00f3n de la ?VIII versi\u00f3n del Concurso de Fotograf\u00eda Period\u00edstica Erasmo Mart\u00ednez?, y la ?II Versi\u00f3n al mejor Reportaje de Televisi\u00f3n?, [&hellip;]<\/p>\n","protected":false},"author":3,"featured_media":0,"comment_status":"open","ping_status":"open","sticky":false,"template":"","format":"standard","meta":{"footnotes":""},"categories":[21],"tags":[],"class_list":["post-69890","post","type-post","status-publish","format-standard","hentry","category-cultura"],"_links":{"self":[{"href":"https:\/\/diariodominicano.com\/index.php?rest_route=\/wp\/v2\/posts\/69890","targetHints":{"allow":["GET"]}}],"collection":[{"href":"https:\/\/diariodominicano.com\/index.php?rest_route=\/wp\/v2\/posts"}],"about":[{"href":"https:\/\/diariodominicano.com\/index.php?rest_route=\/wp\/v2\/types\/post"}],"author":[{"embeddable":true,"href":"https:\/\/diariodominicano.com\/index.php?rest_route=\/wp\/v2\/users\/3"}],"replies":[{"embeddable":true,"href":"https:\/\/diariodominicano.com\/index.php?rest_route=%2Fwp%2Fv2%2Fcomments&post=69890"}],"version-history":[{"count":0,"href":"https:\/\/diariodominicano.com\/index.php?rest_route=\/wp\/v2\/posts\/69890\/revisions"}],"wp:attachment":[{"href":"https:\/\/diariodominicano.com\/index.php?rest_route=%2Fwp%2Fv2%2Fmedia&parent=69890"}],"wp:term":[{"taxonomy":"category","embeddable":true,"href":"https:\/\/diariodominicano.com\/index.php?rest_route=%2Fwp%2Fv2%2Fcategories&post=69890"},{"taxonomy":"post_tag","embeddable":true,"href":"https:\/\/diariodominicano.com\/index.php?rest_route=%2Fwp%2Fv2%2Ftags&post=69890"}],"curies":[{"name":"wp","href":"https:\/\/api.w.org\/{rel}","templated":true}]}}