{"id":69889,"date":"2009-06-25T20:05:34","date_gmt":"2009-06-25T20:05:34","guid":{"rendered":"http:\/\/diariodominicano.ddns.net\/?p=69889"},"modified":"2009-06-25T20:05:34","modified_gmt":"2009-06-25T20:05:34","slug":"mariavelia-savino-expone-en-arte-berri-sobre-influencia-del-arte-africano","status":"publish","type":"post","link":"https:\/\/diariodominicano.com\/?p=69889","title":{"rendered":"Mariavelia Savino expone en Arte Berri sobre influencia del arte africano"},"content":{"rendered":"<p><body><\/p>\n<p><img decoding=\"async\" src=\"http:\/\/localhost:8080\/img3\/marive.jpg\" \/>  <\/p>\n<p><span class=\"text1noticias\">La especialista fund\u00f3 el centro cultural Canary Cottage en Woolston de Inglaterra, y fue curadora del Centro Cultural de Hollywood, en Florida.<\/span><\/p>\n<p><span class=\"text1noticias\"> <\/span><\/p>\n<p><span class=\"text1noticias\">?Influencia africana en el arte de la Am\u00e9ricas? fue el t\u00edtulo de la conferencia magistral ofrecida por la consultora internacional de arte, curadora y arquitecta Mariavelia Savino.<\/span><\/p>\n<p><span class=\"text1noticias\"> <\/span><\/p>\n<p><span class=\"text1noticias\">La disertaci\u00f3n se llev\u00f3 a cabo en la grader\u00eda de exposiciones Arte Berri, ubicada en la calle Hostos n\u00famero 105, en la Ciudad Colonial, con la asistencia de su propietaria Bingene Armenteros.<\/span><\/p>\n<p><span class=\"text1noticias\"> <\/span><\/p>\n<p><span class=\"text1noticias\">A la actividad se dieron citas art\u00edsticas del pincel, curadores, cr\u00edticos de artes, personalidades vinculadas con el tema, clientes de esta galer\u00eda de arte e invitados especiales.<\/span><\/p>\n<p><span class=\"text1noticias\"> <\/span><\/p>\n<p><span class=\"text1noticias\">La se\u00f1ora Armenteros inform\u00f3 que esta conferencia expres\u00f3 que Savino durante su conferencia abord\u00f3 una serie de temas relacionados con el arte de \u00c1frica Continental y sus caracter\u00edsticas m\u00e1s relevantes, incidencia africana en Latinoam\u00e9rica, la cultura afroamericana de Estados Unidos y ejemplos de arte en el Caribe no Hispano.<\/span><\/p>\n<p><span class=\"text1noticias\"> <\/span><\/p>\n<p><span class=\"text1noticias\">Agreg\u00f3 que Savino ha presentado exposiciones en importantes espacios internacionales, desde los archivos del Palacio Imperial en Beijin, China, hasta la sede de la Historical Society de Washington.<\/span><\/p>\n<p><span class=\"text1noticias\"> <\/span><\/p>\n<p><span class=\"text1noticias\">Adem\u00e1s, fue directora de educaci\u00f3n y proyectos especiales del Museo Jacobo Borges y directora del Centro Ambiental Casona Anauco Arriba, ambos en Caracas.<\/span><\/p>\n<p><span class=\"text1noticias\"> <\/span><\/p>\n<p><span class=\"text1noticias\">Asimismo, fund\u00f3 el centro cultural Canary Cottage en Woolston, Inglaterra, donde present\u00f3 exposiciones de celebrados artistas de la talla de Sir Peter Blake, co-fundador del movimiento POP y con Andy Wharhol Graham Arnold, fundador de la Brotherhood de los Ruralistas, as\u00ed como con John Napper, quien fue profesor de pintura de su alteza el pr\u00edncipe de Gales.<\/span><\/p>\n<p><span class=\"text1noticias\"> <\/span><\/p>\n<p><span class=\"text1noticias\">A partir de su residencia en Estados Unidos, ha sido curadora del Centro Cultural de Hollywood, en Florida, y del Museo Nacional de Arte Cat\u00f3lico, en Nueva York. Fue curadora invitada de la retrospectiva del maestro Jes\u00fas Soto en MoLAA, Museo de Arte Latinoamericano, Long Beach, California, desempe\u00f1\u00e1ndose como consultora y representante para la costa este de ese museo.<\/span><\/p>\n<p><span class=\"text1noticias\"> <\/span><\/p>\n<p><span class=\"text1noticias\">Sus exposiciones han sido comentadas en el New York Times, el Miami Herald, LA Times, la revista Art Nexus y reconocidas publicaciones de Europa y las Am\u00e9ricas.<\/span><\/p>\n<p><span class=\"text1noticias\"> <\/span><\/p>\n<p><span class=\"text1noticias\">Recientemente Savino fue distinguida con el nombramiento de Comisionada en Arte P\u00fablico y Dise\u00f1o para el Plan Cultural 2010-2020 del Condado Broward en la Florida.<\/span><\/p>\n<p><span class=\"text1noticias\"> <\/span><\/p>\n<p><span class=\"text1noticias\">Su actual proyecto ?La influencia del Arte Africano en las Am\u00e9ricas? fue inaugurado en Winwood, en el prestigioso distrito de Arte de Miami, en marzo pasado durante la feria ArteAm\u00e9ricas 2009.<\/span><\/p>\n<p><span class=\"text1noticias\"> <\/span><\/p>\n<p><span class=\"text1noticias\">El programa de la noche incluy\u00f3 el tema el arte de Africa Continental, caracter\u00edsticas relevantes, influencia africana en el arte latinoamericano, or\u00edgenes y tradiciones que se practican en la actualidad, tales como cadomble, en Uruguay y diablos danzantes en Venezuela.<\/span><\/p>\n<p><span class=\"text1noticias\"> <\/span><\/p>\n<p><span class=\"text1noticias\">Asimismo, relaciones con la vanguardia europea del Siglo XX, Pablo Picasso y Amadeo Modigliani, dos maestros europeos, Wilfredo Lam y C\u00e1ndido Portinari, dos maestros de Am\u00e9rica.<\/span><\/p>\n<p><span class=\"text1noticias\"> <\/span><\/p>\n<p><span class=\"text1noticias\">Adem\u00e1s, desarrollo en los pa\u00edses de Latinoam\u00e9rica, Cuba, Rep\u00fablica Dominicana, Venezuela y Puerto Rico.<\/span><\/p>\n<p><span class=\"text1noticias\"> <\/span><\/p>\n<p><span class=\"text1noticias\">Tambi\u00e9n, la herencia africana en artistas de Latinoam\u00e9rica, artistas de origen afrcano, Manuel Mendive y Onofre Fr\u00edas; artistas con mestizajes, Cundo Berm\u00fadez y Arnaldo Roche Rabel y artistas sin ancestro africano Pedro F\u00edgari y Ana Mercedes Hoyos.<\/span><\/p>\n<p><span class=\"text1noticias\"> <\/span><\/p>\n<p><span class=\"text1noticias\">Otros temas que fueron abordados son los ejemplos de arte no hispano, Hait\u00ed, Jamaica, Trinidad y el arte afroamericano de Estados Unidos Hrlem Renaissance y Black Power.<\/span><\/p>\n<p><span class=\"text1noticias\"> <\/span><\/p>\n<p><span class=\"text1noticias\">Arte Berri es una casa de arte donde se promueven exposiciones de artistas locales e internacionales para uso comercial y educativo, y tiene una colecci\u00f3n permanente de Amaya Salazar, Jos\u00e9 Garc\u00eda Cordero, Eleomar Puente, Pablo Atchugarry, C\u00e9sar Men\u00e9ndez, Yoryi Morel, Alfredo Bikondoa, Jos\u00e9 Sistiaga, Aquiles Azar, entre otros. <\/span><\/p>\n<h6> 2009-06-25 20:05:34 <\/h6>\n<p><!--\n<link rel=\"stylesheet\" href=\"css\/bootstrap.min.css\">\n\n\n<ul class=\"pagination\">\n\t    \n\t\n\n<li >\n\t<a href='?page_no=21566'>Previous<\/a>\n\t<\/li>\n\n\n       \n    \n\n<li><a href='?page_no=1'>1<\/a><\/li>\n\n\n\n<li><a href='?page_no=2'>2<\/a><\/li>\n\n\n\n<li><a>...<\/a><\/li>\n\n\n\n<li><a href='?page_no=21565'>21565<\/a><\/li>\n\n\n\n<li><a href='?page_no=21566'>21566<\/a><\/li>\n\n\n\n<li class='active'><a>21567<\/a><\/li>\n\n\n\n<li><a href='?page_no=21568'>21568<\/a><\/li>\n\n\n\n<li><a href='?page_no=21569'>21569<\/a><\/li>\n\n\n\n<li><a>...<\/a><\/li>\n\n\n\n<li><a href='?page_no=22911'>22911<\/a><\/li>\n\n\n\n<li><a href='?page_no=22912'>22912<\/a><\/li>\n\n    \n\t\n\n<li >\n\t<a href='?page_no=21568'>Next<\/a>\n\t<\/li>\n\n\n    \n\n<li><a href='?page_no=22912'>Last &rsaquo;&rsaquo;<\/a><\/li>\n\n<\/ul>\n\n\n--><br \/>\n<\/body><\/p>\n","protected":false},"excerpt":{"rendered":"<p>La especialista fund\u00f3 el centro cultural Canary Cottage en Woolston de Inglaterra, y fue curadora del Centro Cultural de Hollywood, en Florida. ?Influencia africana en el arte de la Am\u00e9ricas? fue el t\u00edtulo de la conferencia magistral ofrecida por la consultora internacional de arte, curadora y arquitecta Mariavelia Savino. La disertaci\u00f3n se llev\u00f3 a cabo [&hellip;]<\/p>\n","protected":false},"author":3,"featured_media":0,"comment_status":"open","ping_status":"open","sticky":false,"template":"","format":"standard","meta":{"footnotes":""},"categories":[21],"tags":[],"class_list":["post-69889","post","type-post","status-publish","format-standard","hentry","category-cultura"],"_links":{"self":[{"href":"https:\/\/diariodominicano.com\/index.php?rest_route=\/wp\/v2\/posts\/69889","targetHints":{"allow":["GET"]}}],"collection":[{"href":"https:\/\/diariodominicano.com\/index.php?rest_route=\/wp\/v2\/posts"}],"about":[{"href":"https:\/\/diariodominicano.com\/index.php?rest_route=\/wp\/v2\/types\/post"}],"author":[{"embeddable":true,"href":"https:\/\/diariodominicano.com\/index.php?rest_route=\/wp\/v2\/users\/3"}],"replies":[{"embeddable":true,"href":"https:\/\/diariodominicano.com\/index.php?rest_route=%2Fwp%2Fv2%2Fcomments&post=69889"}],"version-history":[{"count":0,"href":"https:\/\/diariodominicano.com\/index.php?rest_route=\/wp\/v2\/posts\/69889\/revisions"}],"wp:attachment":[{"href":"https:\/\/diariodominicano.com\/index.php?rest_route=%2Fwp%2Fv2%2Fmedia&parent=69889"}],"wp:term":[{"taxonomy":"category","embeddable":true,"href":"https:\/\/diariodominicano.com\/index.php?rest_route=%2Fwp%2Fv2%2Fcategories&post=69889"},{"taxonomy":"post_tag","embeddable":true,"href":"https:\/\/diariodominicano.com\/index.php?rest_route=%2Fwp%2Fv2%2Ftags&post=69889"}],"curies":[{"name":"wp","href":"https:\/\/api.w.org\/{rel}","templated":true}]}}