{"id":69887,"date":"2009-06-25T20:33:38","date_gmt":"2009-06-25T20:33:38","guid":{"rendered":"http:\/\/diariodominicano.ddns.net\/?p=69887"},"modified":"2009-06-25T20:33:38","modified_gmt":"2009-06-25T20:33:38","slug":"embajador-frances-ofrece-coctel-franquicia-jean-luis-david","status":"publish","type":"post","link":"https:\/\/diariodominicano.com\/?p=69887","title":{"rendered":"Embajador franc\u00e9s ofrece coctel franquicia Jean Luis David"},"content":{"rendered":"<p><body><\/p>\n<p><img decoding=\"async\" src=\"http:\/\/localhost:8080\/img3\/fance.jpg\" \/>  <\/p>\n<p><span class=\"text1noticias\">La Embajada de Francia en la persona de Roland Dubertrand, ofreci\u00f3 un encuentro a la se\u00f1ora Jacqui Fermin, quien es la responsable de la apertura de la franquicia  Europea, Jean Luis David, en Rep\u00fablica Dominicana.<\/span><\/p>\n<\/p>\n<p><span class=\"text1noticias\">El centro de peluquer\u00eda y Spa, Jean Luis David, es el primero que abre sus puertas en Rep\u00fablica Dominicana y cuenta con el aval de la gran casa matriz francesa.<\/span><\/p>\n<\/p>\n<p><span class=\"text1noticias\">Durante el encuentro el embajador Dubertrand, dijo sentirse complacido y muy satisfecho de que una franquicia tan importante llegue a Rep\u00fablica Dominicana y en la persona de Jacqui Fermin, quien es una excelente persona y quien pondr\u00e1 a la altura de su investidura, este nombre que ha caminado el mundo durante tantos a\u00f1os.<\/span><\/p>\n<\/p>\n<p><span class=\"text1noticias\">Agrego que esta relaci\u00f3n comercial que hoy se abre en el campo de la belleza entre Francia y este pa\u00eds es s\u00edmbolo de crecimiento y desarrollo del cual debemos estar  muy orgullosos.<\/span><\/p>\n<\/p>\n<p><span class=\"text1noticias\">La propietaria de Jean Luis David  Fermin, destaco que el centro consta de  peluqueras, esteticistas, manicuristas, maquillista y personal administrativo que laborara en \u00e9l, han sido entrenados <\/span><\/p>\n<p><span class=\"text1noticias\">debidamente  por los expertos extranjeros de la casa matriz, adem\u00e1s en el sal\u00f3n tendremos personal de diferentes pa\u00edses, buscando un balance y una calidad optima en el servicio.<\/span><\/p>\n<h6> 2009-06-25 20:33:38 <\/h6>\n<p><!--\n<link rel=\"stylesheet\" href=\"css\/bootstrap.min.css\">\n\n\n<ul class=\"pagination\">\n\t    \n\t\n\n<li >\n\t<a href='?page_no=21564'>Previous<\/a>\n\t<\/li>\n\n\n       \n    \n\n<li><a href='?page_no=1'>1<\/a><\/li>\n\n\n\n<li><a href='?page_no=2'>2<\/a><\/li>\n\n\n\n<li><a>...<\/a><\/li>\n\n\n\n<li><a href='?page_no=21563'>21563<\/a><\/li>\n\n\n\n<li><a href='?page_no=21564'>21564<\/a><\/li>\n\n\n\n<li class='active'><a>21565<\/a><\/li>\n\n\n\n<li><a href='?page_no=21566'>21566<\/a><\/li>\n\n\n\n<li><a href='?page_no=21567'>21567<\/a><\/li>\n\n\n\n<li><a>...<\/a><\/li>\n\n\n\n<li><a href='?page_no=22911'>22911<\/a><\/li>\n\n\n\n<li><a href='?page_no=22912'>22912<\/a><\/li>\n\n    \n\t\n\n<li >\n\t<a href='?page_no=21566'>Next<\/a>\n\t<\/li>\n\n\n    \n\n<li><a href='?page_no=22912'>Last &rsaquo;&rsaquo;<\/a><\/li>\n\n<\/ul>\n\n\n--><br \/>\n<\/body><\/p>\n","protected":false},"excerpt":{"rendered":"<p>La Embajada de Francia en la persona de Roland Dubertrand, ofreci\u00f3 un encuentro a la se\u00f1ora Jacqui Fermin, quien es la responsable de la apertura de la franquicia Europea, Jean Luis David, en Rep\u00fablica Dominicana. El centro de peluquer\u00eda y Spa, Jean Luis David, es el primero que abre sus puertas en Rep\u00fablica Dominicana y [&hellip;]<\/p>\n","protected":false},"author":3,"featured_media":0,"comment_status":"open","ping_status":"open","sticky":false,"template":"","format":"standard","meta":{"footnotes":""},"categories":[21],"tags":[],"class_list":["post-69887","post","type-post","status-publish","format-standard","hentry","category-cultura"],"_links":{"self":[{"href":"https:\/\/diariodominicano.com\/index.php?rest_route=\/wp\/v2\/posts\/69887","targetHints":{"allow":["GET"]}}],"collection":[{"href":"https:\/\/diariodominicano.com\/index.php?rest_route=\/wp\/v2\/posts"}],"about":[{"href":"https:\/\/diariodominicano.com\/index.php?rest_route=\/wp\/v2\/types\/post"}],"author":[{"embeddable":true,"href":"https:\/\/diariodominicano.com\/index.php?rest_route=\/wp\/v2\/users\/3"}],"replies":[{"embeddable":true,"href":"https:\/\/diariodominicano.com\/index.php?rest_route=%2Fwp%2Fv2%2Fcomments&post=69887"}],"version-history":[{"count":0,"href":"https:\/\/diariodominicano.com\/index.php?rest_route=\/wp\/v2\/posts\/69887\/revisions"}],"wp:attachment":[{"href":"https:\/\/diariodominicano.com\/index.php?rest_route=%2Fwp%2Fv2%2Fmedia&parent=69887"}],"wp:term":[{"taxonomy":"category","embeddable":true,"href":"https:\/\/diariodominicano.com\/index.php?rest_route=%2Fwp%2Fv2%2Fcategories&post=69887"},{"taxonomy":"post_tag","embeddable":true,"href":"https:\/\/diariodominicano.com\/index.php?rest_route=%2Fwp%2Fv2%2Ftags&post=69887"}],"curies":[{"name":"wp","href":"https:\/\/api.w.org\/{rel}","templated":true}]}}