{"id":69886,"date":"2009-06-25T20:35:22","date_gmt":"2009-06-25T20:35:22","guid":{"rendered":"http:\/\/diariodominicano.ddns.net\/?p=69886"},"modified":"2009-06-25T20:35:22","modified_gmt":"2009-06-25T20:35:22","slug":"abren-novedosa-exposicion-compiano-pinturas-y-objetos","status":"publish","type":"post","link":"https:\/\/diariodominicano.com\/?p=69886","title":{"rendered":"Abren novedosa exposici\u00f3n: Compiano, Pinturas y Objetos"},"content":{"rendered":"<p><body><\/p>\n<p><img decoding=\"async\" src=\"img3\/pinto.jpg\" \/>  <\/p>\n<p><span class=\"text1noticias\">La entidad Uni\u00f3n Latina inaugur\u00f3 la exposici\u00f3n Compiano Pintura y Objetos, del artista Germ\u00e1n Bass Compiano, la cual presenta una amplia selecci\u00f3n de obras pict\u00f3ricas de diversas t\u00e9cnicas, en grandes y peque\u00f1os formatos.<\/span><\/p>\n<p><span class=\"text1noticias\"> <\/span><\/p>\n<p><span class=\"text1noticias\">La muestra permanecer\u00e1 abierta al p\u00fablico hasta el 31 de septiembre, en la sala de exposiciones de Uni\u00f3n Latina, ubicada en la calle Col\u00f3n n\u00famero 8, La Atarazana, en la Zona Colonial.<\/span><\/p>\n<p><span class=\"text1noticias\"> <\/span><\/p>\n<p><span class=\"text1noticias\">A la apertura asistieron miembros de Uni\u00f3n Latina, artistas del pincel, familiares y allegados de Bass Compiano, personalidades vinculadas a las artes, diplom\u00e1ticos, autoridades de la Secretaria de Cultura e invitados especiales.<\/span><\/p>\n<p><span class=\"text1noticias\"> <\/span><\/p>\n<p><span class=\"text1noticias\">Esta exposici\u00f3n la confirman los denominados ?objects trouvees?, que son peque\u00f1as esculturas realizadas en metales reciclados, llenas de humor y serendipia en las cuales los metales de desperdicio adquieren otra dimensi\u00f3n.<\/span><\/p>\n<p><span class=\"text1noticias\"> <\/span><\/p>\n<p><span class=\"text1noticias\">El artista Compiano ha realizado varias exposiciones individuales y colectivas en New York  y en la Republica Dominicana.<\/span><\/p>\n<p><span class=\"text1noticias\"> <\/span><\/p>\n<p><span class=\"text1noticias\">Es un creador autodidacta que ejerce su vida art\u00edstica en los Estados Unidos y varias islas del Caribe. Entre sus actividades complementar\u00eda figuran la artesan\u00eda, la mec\u00e1nica, actor y capit\u00e1n de barcos.<\/span><\/p>\n<p><span class=\"text1noticias\"> <\/span><\/p>\n<p><span class=\"text1noticias\">Este artista multifac\u00e9tico nos integra en su mundo l\u00fadico, en donde el juego y la alegr\u00eda se unen a sus visiones en una exhibici\u00f3n fuera de lo com\u00fan.<\/span><\/p>\n<h6> 2009-06-25 20:35:22 <\/h6>\n<p><!--\n<link rel=\"stylesheet\" href=\"css\/bootstrap.min.css\">\n\n\n<ul class=\"pagination\">\n\t    \n\t\n\n<li >\n\t<a href='?page_no=21563'>Previous<\/a>\n\t<\/li>\n\n\n       \n    \n\n<li><a href='?page_no=1'>1<\/a><\/li>\n\n\n\n<li><a href='?page_no=2'>2<\/a><\/li>\n\n\n\n<li><a>...<\/a><\/li>\n\n\n\n<li><a href='?page_no=21562'>21562<\/a><\/li>\n\n\n\n<li><a href='?page_no=21563'>21563<\/a><\/li>\n\n\n\n<li class='active'><a>21564<\/a><\/li>\n\n\n\n<li><a href='?page_no=21565'>21565<\/a><\/li>\n\n\n\n<li><a href='?page_no=21566'>21566<\/a><\/li>\n\n\n\n<li><a>...<\/a><\/li>\n\n\n\n<li><a href='?page_no=22911'>22911<\/a><\/li>\n\n\n\n<li><a href='?page_no=22912'>22912<\/a><\/li>\n\n    \n\t\n\n<li >\n\t<a href='?page_no=21565'>Next<\/a>\n\t<\/li>\n\n\n    \n\n<li><a href='?page_no=22912'>Last &rsaquo;&rsaquo;<\/a><\/li>\n\n<\/ul>\n\n\n--><br \/>\n<\/body><\/p>\n","protected":false},"excerpt":{"rendered":"<p>La entidad Uni\u00f3n Latina inaugur\u00f3 la exposici\u00f3n Compiano Pintura y Objetos, del artista Germ\u00e1n Bass Compiano, la cual presenta una amplia selecci\u00f3n de obras pict\u00f3ricas de diversas t\u00e9cnicas, en grandes y peque\u00f1os formatos. La muestra permanecer\u00e1 abierta al p\u00fablico hasta el 31 de septiembre, en la sala de exposiciones de Uni\u00f3n Latina, ubicada en la [&hellip;]<\/p>\n","protected":false},"author":3,"featured_media":0,"comment_status":"open","ping_status":"open","sticky":false,"template":"","format":"standard","meta":{"footnotes":""},"categories":[21],"tags":[],"class_list":["post-69886","post","type-post","status-publish","format-standard","hentry","category-cultura"],"_links":{"self":[{"href":"https:\/\/diariodominicano.com\/index.php?rest_route=\/wp\/v2\/posts\/69886","targetHints":{"allow":["GET"]}}],"collection":[{"href":"https:\/\/diariodominicano.com\/index.php?rest_route=\/wp\/v2\/posts"}],"about":[{"href":"https:\/\/diariodominicano.com\/index.php?rest_route=\/wp\/v2\/types\/post"}],"author":[{"embeddable":true,"href":"https:\/\/diariodominicano.com\/index.php?rest_route=\/wp\/v2\/users\/3"}],"replies":[{"embeddable":true,"href":"https:\/\/diariodominicano.com\/index.php?rest_route=%2Fwp%2Fv2%2Fcomments&post=69886"}],"version-history":[{"count":0,"href":"https:\/\/diariodominicano.com\/index.php?rest_route=\/wp\/v2\/posts\/69886\/revisions"}],"wp:attachment":[{"href":"https:\/\/diariodominicano.com\/index.php?rest_route=%2Fwp%2Fv2%2Fmedia&parent=69886"}],"wp:term":[{"taxonomy":"category","embeddable":true,"href":"https:\/\/diariodominicano.com\/index.php?rest_route=%2Fwp%2Fv2%2Fcategories&post=69886"},{"taxonomy":"post_tag","embeddable":true,"href":"https:\/\/diariodominicano.com\/index.php?rest_route=%2Fwp%2Fv2%2Ftags&post=69886"}],"curies":[{"name":"wp","href":"https:\/\/api.w.org\/{rel}","templated":true}]}}