{"id":69884,"date":"2009-06-26T13:12:46","date_gmt":"2009-06-26T13:12:46","guid":{"rendered":"http:\/\/diariodominicano.ddns.net\/?p=69884"},"modified":"2009-06-26T13:12:46","modified_gmt":"2009-06-26T13:12:46","slug":"luz-garcia-y-jose-miguel-soto-jimenez-a-la-espera-de-su-primer-hijo","status":"publish","type":"post","link":"https:\/\/diariodominicano.com\/?p=69884","title":{"rendered":"Luz Garc\u00eda y Jos\u00e9 Miguel Soto Jim\u00e9nez a la espera de su primer hijo"},"content":{"rendered":"<p><body><\/p>\n<p><img decoding=\"async\" src=\"http:\/\/localhost:8080\/img3\/luze.jpg\" \/>  <\/p>\n<p><span class=\"text1noticias\">Luz Garc\u00eda, conductora y productora ejecutiva de ?Noche de Luz?, anunci\u00f3 a los medios de comunicaci\u00f3n la felicidad que la embarga ante la noticia de la llegada de su primer hijo\/a con su esposo Jos\u00e9 Miguel Soto Jim\u00e9nez. <\/span><\/p>\n<p><span class=\"text1noticias\">  <\/span><\/p>\n<p><span class=\"text1noticias\">Garc\u00eda dijo estar viviendo uno de los momentos m\u00e1s felices de su vida y que innegablemente es una emoci\u00f3n dif\u00edcil de describir. ?Es una maravilla saber que le est\u00e1s dando vida a otro ser humano, y al mismo tiempo una enorme responsabilidad?. <\/span><\/p>\n<p><span class=\"text1noticias\">  <\/span><\/p>\n<p><span class=\"text1noticias\">Afirm\u00f3 que es una etapa nueva y hermosa, que pretende disfrutar al m\u00e1ximo y combinar con el trabajo que viene realizando desde hace cinco a\u00f1os como cabeza de la empresa A1 Productions, la cual produce entre otros la Revista Semanal de Variedades ?Noche de Luz?. <\/span><\/p>\n<\/p>\n<p><span class=\"text1noticias\">Se recuerda que la pareja contrajo matrimonio el pasado 12 de abril del ano 2008, en el exclusivo resort de fama internacional Casa de Campo, en una ceremonia \u00edntima, entre amigos.<\/span><\/p>\n<h6> 2009-06-26 13:12:46 <\/h6>\n<p><!--\n<link rel=\"stylesheet\" href=\"css\/bootstrap.min.css\">\n\n\n<ul class=\"pagination\">\n\t    \n\t\n\n<li >\n\t<a href='?page_no=21561'>Previous<\/a>\n\t<\/li>\n\n\n       \n    \n\n<li><a href='?page_no=1'>1<\/a><\/li>\n\n\n\n<li><a href='?page_no=2'>2<\/a><\/li>\n\n\n\n<li><a>...<\/a><\/li>\n\n\n\n<li><a href='?page_no=21560'>21560<\/a><\/li>\n\n\n\n<li><a href='?page_no=21561'>21561<\/a><\/li>\n\n\n\n<li class='active'><a>21562<\/a><\/li>\n\n\n\n<li><a href='?page_no=21563'>21563<\/a><\/li>\n\n\n\n<li><a href='?page_no=21564'>21564<\/a><\/li>\n\n\n\n<li><a>...<\/a><\/li>\n\n\n\n<li><a href='?page_no=22911'>22911<\/a><\/li>\n\n\n\n<li><a href='?page_no=22912'>22912<\/a><\/li>\n\n    \n\t\n\n<li >\n\t<a href='?page_no=21563'>Next<\/a>\n\t<\/li>\n\n\n    \n\n<li><a href='?page_no=22912'>Last &rsaquo;&rsaquo;<\/a><\/li>\n\n<\/ul>\n\n\n--><br \/>\n<\/body><\/p>\n","protected":false},"excerpt":{"rendered":"<p>Luz Garc\u00eda, conductora y productora ejecutiva de ?Noche de Luz?, anunci\u00f3 a los medios de comunicaci\u00f3n la felicidad que la embarga ante la noticia de la llegada de su primer hijo\/a con su esposo Jos\u00e9 Miguel Soto Jim\u00e9nez. Garc\u00eda dijo estar viviendo uno de los momentos m\u00e1s felices de su vida y que innegablemente es [&hellip;]<\/p>\n","protected":false},"author":3,"featured_media":0,"comment_status":"open","ping_status":"open","sticky":false,"template":"","format":"standard","meta":{"footnotes":""},"categories":[21],"tags":[],"class_list":["post-69884","post","type-post","status-publish","format-standard","hentry","category-cultura"],"_links":{"self":[{"href":"https:\/\/diariodominicano.com\/index.php?rest_route=\/wp\/v2\/posts\/69884","targetHints":{"allow":["GET"]}}],"collection":[{"href":"https:\/\/diariodominicano.com\/index.php?rest_route=\/wp\/v2\/posts"}],"about":[{"href":"https:\/\/diariodominicano.com\/index.php?rest_route=\/wp\/v2\/types\/post"}],"author":[{"embeddable":true,"href":"https:\/\/diariodominicano.com\/index.php?rest_route=\/wp\/v2\/users\/3"}],"replies":[{"embeddable":true,"href":"https:\/\/diariodominicano.com\/index.php?rest_route=%2Fwp%2Fv2%2Fcomments&post=69884"}],"version-history":[{"count":0,"href":"https:\/\/diariodominicano.com\/index.php?rest_route=\/wp\/v2\/posts\/69884\/revisions"}],"wp:attachment":[{"href":"https:\/\/diariodominicano.com\/index.php?rest_route=%2Fwp%2Fv2%2Fmedia&parent=69884"}],"wp:term":[{"taxonomy":"category","embeddable":true,"href":"https:\/\/diariodominicano.com\/index.php?rest_route=%2Fwp%2Fv2%2Fcategories&post=69884"},{"taxonomy":"post_tag","embeddable":true,"href":"https:\/\/diariodominicano.com\/index.php?rest_route=%2Fwp%2Fv2%2Ftags&post=69884"}],"curies":[{"name":"wp","href":"https:\/\/api.w.org\/{rel}","templated":true}]}}