{"id":69883,"date":"2009-06-26T13:15:19","date_gmt":"2009-06-26T13:15:19","guid":{"rendered":"http:\/\/diariodominicano.ddns.net\/?p=69883"},"modified":"2009-06-26T13:15:19","modified_gmt":"2009-06-26T13:15:19","slug":"lic-enrique-fernandez-vamos-por-el-triunfo-verde-acroartistas","status":"publish","type":"post","link":"https:\/\/diariodominicano.com\/?p=69883","title":{"rendered":"Lic.  Enrique  Fern\u00e1ndez  Vamos  Por  El  Triunfo  Verde Acroartistas"},"content":{"rendered":"<p><body><\/p>\n<p><img decoding=\"async\" src=\"img3\/arte.jpg\" \/>  <\/p>\n<p><span class=\"text1noticias\">?TV  arte Internacional?   el programa  de   de  mayor  relevancia  en  la  TV de santiago y  del pa\u00eds , en lo que  respecta  a  comentarios , noticias sociales   y  de  espect\u00e1culo  as\u00ed como   la  cultura mundial , su conductor  y  productor general  Enrique Fern\u00e1ndez  dice  estar  plenamente  identificado  con  ?la plancha  verde renovaci\u00f3n?  que  encabeza  Feliz Vinicio Lora  ,  como  candidato  a  la  presidencia de  la asociaci\u00f3n  de cronistas  de arte  * acroarte * por  segunda  ocasi\u00f3n   , al  mismo  tiempo  quiero  reiterar  mi respaldo absoluto   a  la  secretaria general  de  acroarte  por la  filial de santiago  al compa\u00f1ero  Lic.  Ney  Zapata   as\u00ed  como   a  todos  compa\u00f1eros  que  conforman la  plancha  de la gran hermandad  ,  la  plancha  ganadora ?renovaci\u00f3n? en  las  elecciones del  pr\u00f3ximo s\u00e1bado 27 de junio  2009 -2011.<\/span><\/p>\n<\/p>\n<p><span class=\"text1noticias\">El cronista de arte   santiaguense  Enrique Fern\u00e1ndez   es  un profesional de la comunicaci\u00f3n  con prestigio ganado y  muy  respetado  por sus compa\u00f1eros  periodistas  y  la  clase  empresarial   de  la  regi\u00f3n , por lo   que  al momento  de  emitir  sus conceptos  en  las lides  en que se  desenvuelve  son  tomados  muy en serio   por  la exigente  sociedad  del primer santiago de Am\u00e9rica  , que  es  santiago    de los 30  caballeros.<\/span><\/p>\n<\/p>\n<p><span class=\"text1noticias\">Enrique  Fern\u00e1ndez   el ?internacional? como  tambi\u00e9n le llaman   muchos de sus  compa\u00f1eros  y  amigos ,  dice  estar  mas  que  seguro   del triunfo   arrollador  con el que  la  plancha  verde   renovaci\u00f3n   que  lleva  como punta  de lanza  a  Feliz  Vinicio Lora  PTE. , Ney   Zapata por  santiago,   Atanay  en  NY.  Y  los dem\u00e1s  compa\u00f1eros   que  conforman el entorno,  se convertir\u00e1n en las  elecciones del pr\u00f3ximo s\u00e1bado 27 de  junio de 2009  en una  especie de cicl\u00f3n batatero?por  una  nueva  imagen  para  acroarte  votemos en  maza  por  la  plancha verde.<\/span><\/p>\n<h6> 2009-06-26 13:15:19 <\/h6>\n<p><!--\n<link rel=\"stylesheet\" href=\"css\/bootstrap.min.css\">\n\n\n<ul class=\"pagination\">\n\t    \n\t\n\n<li >\n\t<a href='?page_no=21560'>Previous<\/a>\n\t<\/li>\n\n\n       \n    \n\n<li><a href='?page_no=1'>1<\/a><\/li>\n\n\n\n<li><a href='?page_no=2'>2<\/a><\/li>\n\n\n\n<li><a>...<\/a><\/li>\n\n\n\n<li><a href='?page_no=21559'>21559<\/a><\/li>\n\n\n\n<li><a href='?page_no=21560'>21560<\/a><\/li>\n\n\n\n<li class='active'><a>21561<\/a><\/li>\n\n\n\n<li><a href='?page_no=21562'>21562<\/a><\/li>\n\n\n\n<li><a href='?page_no=21563'>21563<\/a><\/li>\n\n\n\n<li><a>...<\/a><\/li>\n\n\n\n<li><a href='?page_no=22911'>22911<\/a><\/li>\n\n\n\n<li><a href='?page_no=22912'>22912<\/a><\/li>\n\n    \n\t\n\n<li >\n\t<a href='?page_no=21562'>Next<\/a>\n\t<\/li>\n\n\n    \n\n<li><a href='?page_no=22912'>Last &rsaquo;&rsaquo;<\/a><\/li>\n\n<\/ul>\n\n\n--><br \/>\n<\/body><\/p>\n","protected":false},"excerpt":{"rendered":"<p>?TV arte Internacional? el programa de de mayor relevancia en la TV de santiago y del pa\u00eds , en lo que respecta a comentarios , noticias sociales y de espect\u00e1culo as\u00ed como la cultura mundial , su conductor y productor general Enrique Fern\u00e1ndez dice estar plenamente identificado con ?la plancha verde renovaci\u00f3n? que encabeza Feliz [&hellip;]<\/p>\n","protected":false},"author":3,"featured_media":0,"comment_status":"open","ping_status":"open","sticky":false,"template":"","format":"standard","meta":{"footnotes":""},"categories":[21],"tags":[],"class_list":["post-69883","post","type-post","status-publish","format-standard","hentry","category-cultura"],"_links":{"self":[{"href":"https:\/\/diariodominicano.com\/index.php?rest_route=\/wp\/v2\/posts\/69883","targetHints":{"allow":["GET"]}}],"collection":[{"href":"https:\/\/diariodominicano.com\/index.php?rest_route=\/wp\/v2\/posts"}],"about":[{"href":"https:\/\/diariodominicano.com\/index.php?rest_route=\/wp\/v2\/types\/post"}],"author":[{"embeddable":true,"href":"https:\/\/diariodominicano.com\/index.php?rest_route=\/wp\/v2\/users\/3"}],"replies":[{"embeddable":true,"href":"https:\/\/diariodominicano.com\/index.php?rest_route=%2Fwp%2Fv2%2Fcomments&post=69883"}],"version-history":[{"count":0,"href":"https:\/\/diariodominicano.com\/index.php?rest_route=\/wp\/v2\/posts\/69883\/revisions"}],"wp:attachment":[{"href":"https:\/\/diariodominicano.com\/index.php?rest_route=%2Fwp%2Fv2%2Fmedia&parent=69883"}],"wp:term":[{"taxonomy":"category","embeddable":true,"href":"https:\/\/diariodominicano.com\/index.php?rest_route=%2Fwp%2Fv2%2Fcategories&post=69883"},{"taxonomy":"post_tag","embeddable":true,"href":"https:\/\/diariodominicano.com\/index.php?rest_route=%2Fwp%2Fv2%2Ftags&post=69883"}],"curies":[{"name":"wp","href":"https:\/\/api.w.org\/{rel}","templated":true}]}}