{"id":69882,"date":"2009-06-26T19:49:50","date_gmt":"2009-06-26T19:49:50","guid":{"rendered":"http:\/\/diariodominicano.ddns.net\/?p=69882"},"modified":"2009-06-26T19:49:50","modified_gmt":"2009-06-26T19:49:50","slug":"advierte-necesidad-paises-latinoamerica-plantear-equidad-social","status":"publish","type":"post","link":"https:\/\/diariodominicano.com\/?p=69882","title":{"rendered":"Advierte necesidad pa\u00edses Latinoam\u00e9rica plantear equidad social"},"content":{"rendered":"<p><body><\/p>\n<p><img decoding=\"async\" src=\"http:\/\/localhost:8080\/img3\/caute.jpg\" \/>  <\/p>\n<p><span class=\"text1noticias\">SANTO DOMINGO.- El fundador del Partido de la Revoluci\u00f3n Democr\u00e1tica (PRD) de M\u00e9xico, Cuauht\u00e9moc C\u00e1rdenas, advirti\u00f3 que para los pa\u00edses latinoamericanos poder plantar un r\u00e9gimen de equidad econ\u00f3mica y democracia regional, tendr\u00e1n que enfrentarse a los Estados Unidos.<\/span><\/p>\n<\/p>\n<p><span class=\"text1noticias\">Eso significa que ?Estados Unidos es la pared que hay que romper? para cristalizar esa aspiraci\u00f3n regional.?, sostuvo. <\/span><\/p>\n<\/p>\n<p><span class=\"text1noticias\">C\u00e1rdenas, considerado un pol\u00edtico de izquierda muy cr\u00edtico de los gobiernos pri\u00edstas de Carlos Salinas de Gortari y de Ernesto Zedillo, as\u00ed como del de Vicente Fox, record\u00f3 que en los a\u00f1os 70 cuando pr\u00e1cticamente todos los pa\u00edses representados por Naciones Unidas aprobaron la ?Carta de Derechos y Derechos Econ\u00f3micos?, Estados Unidos y otras potencias se negaron a firmarla, porque lesionaba sus intereses y le quitaba poder.<\/span><\/p>\n<\/p>\n<p><span class=\"text1noticias\">?Esto deja claro que una vez m\u00e1s, que los pa\u00edses latinoamericanos tienen un obst\u00e1culo en sus aspiraciones por lograr la equidad econ\u00f3mica y democr\u00e1tica regional, porque tendr\u00e1n de frente al poderoso Estados Unidos, que se har\u00e1 acompa\u00f1ar por otras naciones, para impedir que se le quite poder econ\u00f3mico.<\/span><\/p>\n<\/p>\n<p><span class=\"text1noticias\">Tras pronunciar la conferencia ?Econom\u00eda y Pol\u00edtica en la Perspectiva Latinoamericana Actual?, en el marco del Encuentro Internacional Juan Bosch: Legado de la Humanidad, que se celebra en la Canciller\u00eda desde ayer hasta el s\u00e1bado, Cuauhtemoc  plante\u00f3 que con la uni\u00f3n todo es posible y que habr\u00eda que acordar negociaciones en campos comunes, para que de manera colectiva, la regi\u00f3n obligue a los poderosos econ\u00f3micos del norte y otras latitudes a capitular.<\/span><\/p>\n<\/p>\n<p><span class=\"text1noticias\">?Los nuevos tiempos plantean que Latinoam\u00e9rica ejerza su fuerza conjunta en busca de una mejor posici\u00f3n social y econ\u00f3mica, pero que para ello, habr\u00e1 de organizarse y hacer sus planteamientos en conjunto, de forma tal que obligue a una negociaci\u00f3n.?, sostuvo.<\/span><\/p>\n<\/p>\n<p><span class=\"text1noticias\">Para tales fines se requiere de acuerdos internacionales que sumen posiciones plurales y asimilar el proceso que conllevar\u00e1 esa lucha?, la que asegur\u00f3, no ser\u00e1 f\u00e1cil.<\/span><\/p>\n<\/p>\n<p><span class=\"text1noticias\">A esos fines debe haber un gran movimiento regional que unifique posiciones comunes y luego proceda a convencer a quienes est\u00e1n llamados a abrir las puertas hacia el camino de la equidad econ\u00f3mica regional.<\/span><\/p>\n<\/p>\n<p><span class=\"text1noticias\">Carazo se define como enemigo del neoliberalismo y se pronuncia a favor de una pol\u00edtica social m\u00e1s fuerte y del control por parte del Estado de las empresas estrat\u00e9gicas, en especial los energ\u00e9ticos. <\/span><\/p>\n<\/p>\n<p><span class=\"text1noticias\">Tambi\u00e9n se declara por la austeridad y la honradez en la burocracia, el laicismo y la soberan\u00eda del pa\u00eds.<\/span><\/p>\n<h6> 2009-06-26 19:49:50 <\/h6>\n<p><!--\n<link rel=\"stylesheet\" href=\"css\/bootstrap.min.css\">\n\n\n<ul class=\"pagination\">\n\t    \n\t\n\n<li >\n\t<a href='?page_no=21559'>Previous<\/a>\n\t<\/li>\n\n\n       \n    \n\n<li><a href='?page_no=1'>1<\/a><\/li>\n\n\n\n<li><a href='?page_no=2'>2<\/a><\/li>\n\n\n\n<li><a>...<\/a><\/li>\n\n\n\n<li><a href='?page_no=21558'>21558<\/a><\/li>\n\n\n\n<li><a href='?page_no=21559'>21559<\/a><\/li>\n\n\n\n<li class='active'><a>21560<\/a><\/li>\n\n\n\n<li><a href='?page_no=21561'>21561<\/a><\/li>\n\n\n\n<li><a href='?page_no=21562'>21562<\/a><\/li>\n\n\n\n<li><a>...<\/a><\/li>\n\n\n\n<li><a href='?page_no=22911'>22911<\/a><\/li>\n\n\n\n<li><a href='?page_no=22912'>22912<\/a><\/li>\n\n    \n\t\n\n<li >\n\t<a href='?page_no=21561'>Next<\/a>\n\t<\/li>\n\n\n    \n\n<li><a href='?page_no=22912'>Last &rsaquo;&rsaquo;<\/a><\/li>\n\n<\/ul>\n\n\n--><br \/>\n<\/body><\/p>\n","protected":false},"excerpt":{"rendered":"<p>SANTO DOMINGO.- El fundador del Partido de la Revoluci\u00f3n Democr\u00e1tica (PRD) de M\u00e9xico, Cuauht\u00e9moc C\u00e1rdenas, advirti\u00f3 que para los pa\u00edses latinoamericanos poder plantar un r\u00e9gimen de equidad econ\u00f3mica y democracia regional, tendr\u00e1n que enfrentarse a los Estados Unidos. Eso significa que ?Estados Unidos es la pared que hay que romper? para cristalizar esa aspiraci\u00f3n regional.?, [&hellip;]<\/p>\n","protected":false},"author":3,"featured_media":0,"comment_status":"open","ping_status":"open","sticky":false,"template":"","format":"standard","meta":{"footnotes":""},"categories":[21],"tags":[],"class_list":["post-69882","post","type-post","status-publish","format-standard","hentry","category-cultura"],"_links":{"self":[{"href":"https:\/\/diariodominicano.com\/index.php?rest_route=\/wp\/v2\/posts\/69882","targetHints":{"allow":["GET"]}}],"collection":[{"href":"https:\/\/diariodominicano.com\/index.php?rest_route=\/wp\/v2\/posts"}],"about":[{"href":"https:\/\/diariodominicano.com\/index.php?rest_route=\/wp\/v2\/types\/post"}],"author":[{"embeddable":true,"href":"https:\/\/diariodominicano.com\/index.php?rest_route=\/wp\/v2\/users\/3"}],"replies":[{"embeddable":true,"href":"https:\/\/diariodominicano.com\/index.php?rest_route=%2Fwp%2Fv2%2Fcomments&post=69882"}],"version-history":[{"count":0,"href":"https:\/\/diariodominicano.com\/index.php?rest_route=\/wp\/v2\/posts\/69882\/revisions"}],"wp:attachment":[{"href":"https:\/\/diariodominicano.com\/index.php?rest_route=%2Fwp%2Fv2%2Fmedia&parent=69882"}],"wp:term":[{"taxonomy":"category","embeddable":true,"href":"https:\/\/diariodominicano.com\/index.php?rest_route=%2Fwp%2Fv2%2Fcategories&post=69882"},{"taxonomy":"post_tag","embeddable":true,"href":"https:\/\/diariodominicano.com\/index.php?rest_route=%2Fwp%2Fv2%2Ftags&post=69882"}],"curies":[{"name":"wp","href":"https:\/\/api.w.org\/{rel}","templated":true}]}}