{"id":69881,"date":"2009-06-26T20:20:24","date_gmt":"2009-06-26T20:20:24","guid":{"rendered":"http:\/\/diariodominicano.ddns.net\/?p=69881"},"modified":"2009-06-26T20:20:24","modified_gmt":"2009-06-26T20:20:24","slug":"secretaria-de-estado-de-cultura-realiza-taller-de-narracion-oral-para-el-vi-festival-internacional-de-teatro-santo-domingo-2009","status":"publish","type":"post","link":"https:\/\/diariodominicano.com\/?p=69881","title":{"rendered":"Secretar\u00eda  de  Estado  de  Cultura  realiza  taller  de  Narraci\u00f3n  Oral,  para  el VI  Festival  Internacional  de  Teatro Santo Domingo 2009"},"content":{"rendered":"<p><body><\/p>\n<p><img decoding=\"async\" src=\"http:\/\/localhost:8080\/img3\/narra.jpg\" \/>  <\/p>\n<p><span class=\"text1noticias\">La Secretar\u00eda  de  Estado  de  Cultura,  a  trav\u00e9s  de  la  Direcci\u00f3n  de  Proyectos Infantiles  y  Juveniles  realiz\u00f3  un  taller  de  Narraci\u00f3n  Oral, impartido  por  la narradora  oral  esc\u00e9nica  y   profesora cubana  Mayra  Navarro.<\/span><\/p>\n<p><span class=\"text1noticias\"> <\/span><\/p>\n<p><span class=\"text1noticias\">La  actividad  cultural se llev\u00f3  a  cabo en el Centro Cultural Narciso Gonz\u00e1lez, desde  el  s\u00e1bado  20 al lunes 22 de junio  2009 y cont\u00f3  con  la  participaci\u00f3n  de  maestros,  artistas, comunicadores, promotores  de  lectura  y  animadores  socioculturales.<\/span><\/p>\n<\/p>\n<p><span class=\"text1noticias\">El taller desarrollado mediante  el  m\u00e9todo  te\u00f3rico  y  pr\u00e1ctico,  tuvo  como  objetivo  proporcionar  a  los  participantes  herramientas de  como  acercar  a  los  ni\u00f1os  y  j\u00f3venes  a  la  lectura  a  trav\u00e9s  de  los  cuentos,  as\u00ed  como  actualizar  y  enriquecer  los conocimientos  de  los  profesionales  de  la  narraci\u00f3n  oral, con la  aplicaci\u00f3n  de sus  t\u00e9cnicas  y  experiencias.  <\/span><\/p>\n<\/p>\n<p><span class=\"text1noticias\">Mayra  Navarro,  Directora  del  Proyecto  Narrarte  de  Cuba  y  facilitadora  del  taller  se\u00f1al\u00f3  que  ?narrar  cuentos  art\u00edsticamente  es  conferir  espontaneidad  a  una  serie  de sucesos   para  que  nuestro  p\u00fablico  reciba  el  relato  pleno  de  vida,  siempre  como  algo  nuevo,  ocurrido  ante  nuestra  vista   con  la  fuerza   y  el  inter\u00e9s  de  todo  aquello  que  se  ha  sentido  o  vivido?.<\/span><\/p>\n<\/p>\n<p><span class=\"text1noticias\">Agreg\u00f3,  que  los  narradores  orales  tienen  mucha  sensibilidad  art\u00edstica,  poseen  un  amplio  conocimiento  acerca  de  la  cultura, deber\u00e1n elegir  cuentos de  alto  nivel  literario  y  tomar  en  cuenta  el  tipo  de  p\u00fablico  al  que  va  dirigido  el  cuento. <\/span><\/p>\n<\/p>\n<p><span class=\"text1noticias\">Este taller que form\u00f3 parte de la  programaci\u00f3n del VI  Festival  Internacional  de  Teatro Santo Domingo 2009, concluy\u00f3 con la  presentaci\u00f3n  esc\u00e9nica  de  cuentos  a  cargo de  los  participantes.<\/span><\/p>\n<h6> 2009-06-26 20:20:24 <\/h6>\n<p><!--\n<link rel=\"stylesheet\" href=\"css\/bootstrap.min.css\">\n\n\n<ul class=\"pagination\">\n\t    \n\t\n\n<li >\n\t<a href='?page_no=21558'>Previous<\/a>\n\t<\/li>\n\n\n       \n    \n\n<li><a href='?page_no=1'>1<\/a><\/li>\n\n\n\n<li><a href='?page_no=2'>2<\/a><\/li>\n\n\n\n<li><a>...<\/a><\/li>\n\n\n\n<li><a href='?page_no=21557'>21557<\/a><\/li>\n\n\n\n<li><a href='?page_no=21558'>21558<\/a><\/li>\n\n\n\n<li class='active'><a>21559<\/a><\/li>\n\n\n\n<li><a href='?page_no=21560'>21560<\/a><\/li>\n\n\n\n<li><a href='?page_no=21561'>21561<\/a><\/li>\n\n\n\n<li><a>...<\/a><\/li>\n\n\n\n<li><a href='?page_no=22911'>22911<\/a><\/li>\n\n\n\n<li><a href='?page_no=22912'>22912<\/a><\/li>\n\n    \n\t\n\n<li >\n\t<a href='?page_no=21560'>Next<\/a>\n\t<\/li>\n\n\n    \n\n<li><a href='?page_no=22912'>Last &rsaquo;&rsaquo;<\/a><\/li>\n\n<\/ul>\n\n\n--><br \/>\n<\/body><\/p>\n","protected":false},"excerpt":{"rendered":"<p>La Secretar\u00eda de Estado de Cultura, a trav\u00e9s de la Direcci\u00f3n de Proyectos Infantiles y Juveniles realiz\u00f3 un taller de Narraci\u00f3n Oral, impartido por la narradora oral esc\u00e9nica y profesora cubana Mayra Navarro. La actividad cultural se llev\u00f3 a cabo en el Centro Cultural Narciso Gonz\u00e1lez, desde el s\u00e1bado 20 al lunes 22 de junio [&hellip;]<\/p>\n","protected":false},"author":3,"featured_media":0,"comment_status":"open","ping_status":"open","sticky":false,"template":"","format":"standard","meta":{"footnotes":""},"categories":[21],"tags":[],"class_list":["post-69881","post","type-post","status-publish","format-standard","hentry","category-cultura"],"_links":{"self":[{"href":"https:\/\/diariodominicano.com\/index.php?rest_route=\/wp\/v2\/posts\/69881","targetHints":{"allow":["GET"]}}],"collection":[{"href":"https:\/\/diariodominicano.com\/index.php?rest_route=\/wp\/v2\/posts"}],"about":[{"href":"https:\/\/diariodominicano.com\/index.php?rest_route=\/wp\/v2\/types\/post"}],"author":[{"embeddable":true,"href":"https:\/\/diariodominicano.com\/index.php?rest_route=\/wp\/v2\/users\/3"}],"replies":[{"embeddable":true,"href":"https:\/\/diariodominicano.com\/index.php?rest_route=%2Fwp%2Fv2%2Fcomments&post=69881"}],"version-history":[{"count":0,"href":"https:\/\/diariodominicano.com\/index.php?rest_route=\/wp\/v2\/posts\/69881\/revisions"}],"wp:attachment":[{"href":"https:\/\/diariodominicano.com\/index.php?rest_route=%2Fwp%2Fv2%2Fmedia&parent=69881"}],"wp:term":[{"taxonomy":"category","embeddable":true,"href":"https:\/\/diariodominicano.com\/index.php?rest_route=%2Fwp%2Fv2%2Fcategories&post=69881"},{"taxonomy":"post_tag","embeddable":true,"href":"https:\/\/diariodominicano.com\/index.php?rest_route=%2Fwp%2Fv2%2Ftags&post=69881"}],"curies":[{"name":"wp","href":"https:\/\/api.w.org\/{rel}","templated":true}]}}