{"id":69880,"date":"2009-06-29T14:02:00","date_gmt":"2009-06-29T14:02:00","guid":{"rendered":"http:\/\/diariodominicano.ddns.net\/?p=69880"},"modified":"2009-06-29T14:02:00","modified_gmt":"2009-06-29T14:02:00","slug":"fernando-echavarria-diceel-merengue-no-existe-a-nivel-internacional","status":"publish","type":"post","link":"https:\/\/diariodominicano.com\/?p=69880","title":{"rendered":"Fernando Echavarr\u00eda dice:?El Merengue no existe a nivel internacional?"},"content":{"rendered":"<p><body><\/p>\n<p><img decoding=\"async\" src=\"http:\/\/localhost:8080\/img3\/fernan.jpg\" \/>  <\/p>\n<p><span class=\"text1noticias\">Fernando Echavarr\u00eda le abri\u00f3 las puertas de su casa materna al El  Especial Con Colombia Alc\u00e1ntara y se mostr\u00f3 tal cual es, un ser humano autentico que dice estar en la far\u00e1ndula, pero, no se considera un farandulero. <\/span><\/p>\n<\/p>\n<p><span class=\"text1noticias\">El l\u00edder de la ?Familia Andr\u00e9? habl\u00f3 sobre sus inicios, a\u00f1os en el que compon\u00eda  canciones en los encuentros con sus amigos. Hasta que Bienvenido Rodr\u00edguez le propone grabar un disco. Echavarr\u00eda, manifiesto su admiraci\u00f3n y agradecimiento hacia la figura de Rodr\u00edguez, quien a su juicio es el mejor buscador de talento de Latinoam\u00e9rica.<\/span><\/p>\n<\/p>\n<p><span class=\"text1noticias\">Al ser cuestionado por Colombia Alc\u00e1ntara, sobre como sali\u00f3 de la disquera de Bienvenido Rodr\u00edguez, dijo que a el le fue muy bien porque firmo el contrato mirando las cl\u00e1usulas no el cheque, como hacen la mayor\u00eda de los artistas.<\/span><\/p>\n<\/p>\n<p><span class=\"text1noticias\">Echavarria dijo: Los artitas que hay hoy somos resultados de Bienvenido, ya no hay productores de verdad, aqu\u00ed lo que hay son seudo productos enganchados al g\u00e9nero. Agrego: \u00a8El merengue no existe internacionalmente, hay solo buenos artistas. Estamos anclados, imag\u00ednate que la nueva generaci\u00f3n somos nosotros mismos\u00a8.<\/span><\/p>\n<p><span class=\"text1noticias\"> <\/span><\/p>\n<p><span class=\"text1noticias\">Respecto al merengue de calle dijo que como experimento musical hay que darle tiempo a ver si hacen escuela, vaticin\u00f3 que si no siembran, le ocurrir\u00e1 lo  mismo que al merenhouse, que no perdur\u00f3 por que le faltaba escuela y carec\u00eda de ra\u00edces.<\/span><\/p>\n<p><span class=\"text1noticias\"> <\/span><\/p>\n<p><span class=\"text1noticias\">Respecto a la distinci\u00f3n del Casandra al merito, que le otorgo Acroarte, Fernando dijo sentirse muy contento de que las mujeres de esa instituci\u00f3n le reconocieran,  aunque en sus 28 a\u00f1os de trayectoria nunca fue  invitado al Casandra ni mucho menos nominado. Confes\u00f3 que en sus mejores a\u00f1os de carrera, cuando a nivel internacional gano premios en todos lados y tocaba en lugares de mucho prestigio, mando sus carpetas a Acroarte y ni siquiera se le menciono. <\/span><\/p>\n<\/p>\n<p><span class=\"text1noticias\">Finalmente, Colombia logr\u00f3 que hablara sobre los a\u00f1os en que aun estando ciego cantaba en tarima con el mismo vigor y entusiasmo, pero con lagrimas en los ojos admiti\u00f3 fue  el momento m\u00e1s dif\u00edcil que ha pasado como ser humano. <\/span><\/p>\n<\/p>\n<p><span class=\"text1noticias\">Sobre la diabetes que padece dijo: \u00a8la diabetes es m\u00ed novia ando con ella para arriba y para abajo, ser\u00e1 por eso que soy tan dulce\u00a8. <\/span><\/p>\n<p><span class=\"text1noticias\"> <\/span><\/p>\n<p><span class=\"text1noticias\">Fernando Echavarria preparado para lanzar su nueva producci\u00f3n \u00a8No quiero? se despidi\u00f3 con el deseo de que a su muerte sea  recordado como un ser humano que amo a su pr\u00f3jimo.<\/span><\/p>\n<\/p>\n<h6> 2009-06-29 14:02:00 <\/h6>\n<p><!--\n<link rel=\"stylesheet\" href=\"css\/bootstrap.min.css\">\n\n\n<ul class=\"pagination\">\n\t    \n\t\n\n<li >\n\t<a href='?page_no=21557'>Previous<\/a>\n\t<\/li>\n\n\n       \n    \n\n<li><a href='?page_no=1'>1<\/a><\/li>\n\n\n\n<li><a href='?page_no=2'>2<\/a><\/li>\n\n\n\n<li><a>...<\/a><\/li>\n\n\n\n<li><a href='?page_no=21556'>21556<\/a><\/li>\n\n\n\n<li><a href='?page_no=21557'>21557<\/a><\/li>\n\n\n\n<li class='active'><a>21558<\/a><\/li>\n\n\n\n<li><a href='?page_no=21559'>21559<\/a><\/li>\n\n\n\n<li><a href='?page_no=21560'>21560<\/a><\/li>\n\n\n\n<li><a>...<\/a><\/li>\n\n\n\n<li><a href='?page_no=22911'>22911<\/a><\/li>\n\n\n\n<li><a href='?page_no=22912'>22912<\/a><\/li>\n\n    \n\t\n\n<li >\n\t<a href='?page_no=21559'>Next<\/a>\n\t<\/li>\n\n\n    \n\n<li><a href='?page_no=22912'>Last &rsaquo;&rsaquo;<\/a><\/li>\n\n<\/ul>\n\n\n--><br \/>\n<\/body><\/p>\n","protected":false},"excerpt":{"rendered":"<p>Fernando Echavarr\u00eda le abri\u00f3 las puertas de su casa materna al El Especial Con Colombia Alc\u00e1ntara y se mostr\u00f3 tal cual es, un ser humano autentico que dice estar en la far\u00e1ndula, pero, no se considera un farandulero. El l\u00edder de la ?Familia Andr\u00e9? habl\u00f3 sobre sus inicios, a\u00f1os en el que compon\u00eda canciones en [&hellip;]<\/p>\n","protected":false},"author":3,"featured_media":0,"comment_status":"open","ping_status":"open","sticky":false,"template":"","format":"standard","meta":{"footnotes":""},"categories":[21],"tags":[],"class_list":["post-69880","post","type-post","status-publish","format-standard","hentry","category-cultura"],"_links":{"self":[{"href":"https:\/\/diariodominicano.com\/index.php?rest_route=\/wp\/v2\/posts\/69880","targetHints":{"allow":["GET"]}}],"collection":[{"href":"https:\/\/diariodominicano.com\/index.php?rest_route=\/wp\/v2\/posts"}],"about":[{"href":"https:\/\/diariodominicano.com\/index.php?rest_route=\/wp\/v2\/types\/post"}],"author":[{"embeddable":true,"href":"https:\/\/diariodominicano.com\/index.php?rest_route=\/wp\/v2\/users\/3"}],"replies":[{"embeddable":true,"href":"https:\/\/diariodominicano.com\/index.php?rest_route=%2Fwp%2Fv2%2Fcomments&post=69880"}],"version-history":[{"count":0,"href":"https:\/\/diariodominicano.com\/index.php?rest_route=\/wp\/v2\/posts\/69880\/revisions"}],"wp:attachment":[{"href":"https:\/\/diariodominicano.com\/index.php?rest_route=%2Fwp%2Fv2%2Fmedia&parent=69880"}],"wp:term":[{"taxonomy":"category","embeddable":true,"href":"https:\/\/diariodominicano.com\/index.php?rest_route=%2Fwp%2Fv2%2Fcategories&post=69880"},{"taxonomy":"post_tag","embeddable":true,"href":"https:\/\/diariodominicano.com\/index.php?rest_route=%2Fwp%2Fv2%2Ftags&post=69880"}],"curies":[{"name":"wp","href":"https:\/\/api.w.org\/{rel}","templated":true}]}}