{"id":69878,"date":"2009-06-29T15:55:31","date_gmt":"2009-06-29T15:55:31","guid":{"rendered":"http:\/\/diariodominicano.ddns.net\/?p=69878"},"modified":"2009-06-29T15:55:31","modified_gmt":"2009-06-29T15:55:31","slug":"autoridades-de-cine-se-reuniran-aqui-para-promover-la-industria-en-la-region","status":"publish","type":"post","link":"https:\/\/diariodominicano.com\/?p=69878","title":{"rendered":"Autoridades de Cine se reunir\u00e1n aqu\u00ed para promover la industria en la regi\u00f3n"},"content":{"rendered":"<p><body><\/p>\n<p><span class=\"text1noticias\">Los dos eventos se desarrollar\u00e1n del 7 al 10 de julio, con la asistencia de delegados de 20 pa\u00edses.<\/span><\/p>\n<\/p>\n<p><span class=\"text1noticias\">Dos importantes eventos relacionados con la industria cinematogr\u00e1fica en Iberoam\u00e9rica, se realizar\u00e1n en Santo Domingo del 7 al 10 de julio pr\u00f3ximo, seg\u00fan inform\u00f3 hoy la Secretar\u00eda de Estado de Cultura que organiza los mismos.<\/span><\/p>\n<\/p>\n<p><span class=\"text1noticias\">La XVIII Reuni\u00f3n Ordinaria de la Conferencia de Autoridades Audiovisuales y Cinematogr\u00e1ficas Iberoamericanas (CAACI)  y la XV Reuni\u00f3n Ordinaria del Comit\u00e9 Intergubernamental de Ibermedia, integrar\u00e1n a los principales dirigentes de la industria cinematogr\u00e1fica de Iberoam\u00e9rica que durante cuatro d\u00edas debatir\u00e1n aqu\u00ed sobre el futuro de la misma en la regi\u00f3n.<\/span><\/p>\n<\/p>\n<p><span class=\"text1noticias\">Asistir\u00e1n delegados de 20 pa\u00edses, incluyendo a Argentina, Bolivia, Brasil, Costa Rica, Colombia, Cuba, Chile, Ecuador, Espa\u00f1a, Guatemala, M\u00e9xico, Panam\u00e1, Per\u00fa, Portugal, Puerto Rico, Uruguay, Venezuela y Rep\u00fablica Dominicana.<\/span><\/p>\n<\/p>\n<p><span class=\"text1noticias\">Adem\u00e1s, representantes de la Agencia Espa\u00f1ola de Cooperaci\u00f3n Internacional para el Desarrollo (AECID), la Secretar\u00eda General Iberoamericana (SEGIB), y la Secretar\u00eda Ejecutiva de la Cinematograf\u00eda Iberoamericana (SECI).<\/span><\/p>\n<\/p>\n<p><span class=\"text1noticias\">Seg\u00fan inform\u00f3 la Secretar\u00eda de Estado de Cultura, anfitriona de ambos eventos, las instituciones que estar\u00e1n  presentes en estos encuentros son el Instituto Nacional de Cine y Artes Audiovisuales (Argentina), el Consejo Nacional de Cine (Bolivia), la Agencia Nacional de Cine (Brasil), el Centro Costarricense de Producci\u00f3n Cinematogr\u00e1fica (Costa Rica), el Instituto Cubano de Artes e Industrias Cinematogr\u00e1ficas (Cuba), el Centro Nacional de Cinematograf\u00eda (Ecuador) y el Instituto Cinematogr\u00e1fico de las Artes Audiovisuales (Espa\u00f1a).<\/span><\/p>\n<\/p>\n<p><span class=\"text1noticias\">Adem\u00e1s, el Instituto Mexicano de Cinematograf\u00eda (M\u00e9xico), el Sistema Estatal de Radio y TV (Panam\u00e1), el Consejo Nacional de Cinematograf\u00eda (Per\u00fa), el Instituto de Cine y Audiovisual (Portugal), el Instituto del Cine y Audiovisual (Uruguay), el Centro Nacional Aut\u00f3nomo de Cinematograf\u00eda (Venezuela), la Corporaci\u00f3n de Cine (Puerto Rico), la Secretar\u00eda de Estado del Audiovisual (Brasil), y la Direcci\u00f3n Nacional de Cinematograf\u00eda (Colombia).<\/span><\/p>\n<\/p>\n<p><span class=\"text1noticias\">Igualmente, participar\u00e1n en estos importantes c\u00f3nclaves de la industria cinematogr\u00e1fica, el Programa de Apoyo al Documental DOC-TV, de Brasil, con la presencia de 12 representantes de las televisoras p\u00fablicas de ese pa\u00eds.<\/span><\/p>\n<\/p>\n<p><span class=\"text1noticias\">?Se trata de la m\u00e1s grande reuni\u00f3n de las autoridades cinematogr\u00e1ficas y de la televisi\u00f3n p\u00fablica de la regi\u00f3n que se celebra en nuestro pa\u00eds, como una manera de estimular la industria del cine y de promover sus valores y alcances?, inform\u00f3 Marlon Soto, Director Nacional de Cine, quien ostentar\u00e1 la representaci\u00f3n de la Rep\u00fablica Dominicana, junto a Arturo Rodr\u00edguez Fern\u00e1ndez, Asesor Nacional de Cine; Luis Rafael Gonz\u00e1lez, director de la Cinemateca Dominicana; y F\u00e9lix Manuel Lora, Coordinador de Programas Educativos de Cine de la Secretar\u00eda de Cultura.<\/span><\/p>\n<\/p>\n<p><span class=\"text1noticias\">La CAACI  re\u00fane a las autoridades audiovisuales y cinematogr\u00e1ficas de toda Iberoam\u00e9rica, mientras que Ibermedia es el programa de fomento a la industria cinematogr\u00e1fica, creada por los Jefes de Estado Iberoamericanos. La CAACI tiene su sede en Venezuela e Ibermedia tiene su sede en Madrid.<\/span><\/p>\n<\/p>\n<p><span class=\"text1noticias\">En estos eventos, se rendir\u00e1n los informes de la Secretar\u00eda T\u00e9cnica, las incidencias de los proyectos, informes fiscales, la incorporaci\u00f3n de la cinematograf\u00eda boliviana al programa y se distribuir\u00e1n los fondos para las producciones cinematogr\u00e1ficas que hayan presentado propuestas, entre ellas dos largos metrajes de Rep\u00fablica Dominicana.<\/span><\/p>\n<\/p>\n<p><span class=\"text1noticias\">Adem\u00e1s, se debatir\u00e1 sobre los proyectos de formaci\u00f3n, los llamados proyectos Delivery, proyectos de distribuci\u00f3n, desarrollo y coproducci\u00f3n, las nuevas modalidades de apoyo a la distribuci\u00f3n y la exhibici\u00f3n, y la propuesta de ampliaci\u00f3n del programa Ibermedia para al apoyo de los archivos f\u00edlmicos latinoamericanos, entre otros temas.<\/span><\/p>\n<\/p>\n<p><span class=\"text1noticias\">Durante el evento se firmar\u00e1 el importante convenio de las Televisiones P\u00fablicas de Am\u00e9rica, que incluir\u00e1 a CER-TV de Rep\u00fablica Dominicana.<\/span><\/p>\n<\/p>\n<p><span class=\"text1noticias\">El acto inaugural de estos encuentros se desarrollar\u00e1 el mi\u00e9rcoles 8, a las 9:30 de la ma\u00f1ana en el Hotel Intercontinental, con un discurso del Secretario de Estado de Cultura, Jos\u00e9 Rafael Lantigua. <\/span><\/p>\n<\/p>\n<p><span class=\"text1noticias\">El Presidente Leonel Fern\u00e1ndez ofrecer\u00e1 en la noche de ese d\u00eda una Cena de Honor a todos los delegados. La clausura se realizar\u00e1 el viernes 10 en horas de la tarde.<\/span><\/p>\n<h6> 2009-06-29 15:55:31 <\/h6>\n<p><!--\n<link rel=\"stylesheet\" href=\"css\/bootstrap.min.css\">\n\n\n<ul class=\"pagination\">\n\t    \n\t\n\n<li >\n\t<a href='?page_no=21555'>Previous<\/a>\n\t<\/li>\n\n\n       \n    \n\n<li><a href='?page_no=1'>1<\/a><\/li>\n\n\n\n<li><a href='?page_no=2'>2<\/a><\/li>\n\n\n\n<li><a>...<\/a><\/li>\n\n\n\n<li><a href='?page_no=21554'>21554<\/a><\/li>\n\n\n\n<li><a href='?page_no=21555'>21555<\/a><\/li>\n\n\n\n<li class='active'><a>21556<\/a><\/li>\n\n\n\n<li><a href='?page_no=21557'>21557<\/a><\/li>\n\n\n\n<li><a href='?page_no=21558'>21558<\/a><\/li>\n\n\n\n<li><a>...<\/a><\/li>\n\n\n\n<li><a href='?page_no=22911'>22911<\/a><\/li>\n\n\n\n<li><a href='?page_no=22912'>22912<\/a><\/li>\n\n    \n\t\n\n<li >\n\t<a href='?page_no=21557'>Next<\/a>\n\t<\/li>\n\n\n    \n\n<li><a href='?page_no=22912'>Last &rsaquo;&rsaquo;<\/a><\/li>\n\n<\/ul>\n\n\n--><br \/>\n<\/body><\/p>\n","protected":false},"excerpt":{"rendered":"<p>Los dos eventos se desarrollar\u00e1n del 7 al 10 de julio, con la asistencia de delegados de 20 pa\u00edses. Dos importantes eventos relacionados con la industria cinematogr\u00e1fica en Iberoam\u00e9rica, se realizar\u00e1n en Santo Domingo del 7 al 10 de julio pr\u00f3ximo, seg\u00fan inform\u00f3 hoy la Secretar\u00eda de Estado de Cultura que organiza los mismos. La [&hellip;]<\/p>\n","protected":false},"author":3,"featured_media":0,"comment_status":"open","ping_status":"open","sticky":false,"template":"","format":"standard","meta":{"footnotes":""},"categories":[21],"tags":[],"class_list":["post-69878","post","type-post","status-publish","format-standard","hentry","category-cultura"],"_links":{"self":[{"href":"https:\/\/diariodominicano.com\/index.php?rest_route=\/wp\/v2\/posts\/69878","targetHints":{"allow":["GET"]}}],"collection":[{"href":"https:\/\/diariodominicano.com\/index.php?rest_route=\/wp\/v2\/posts"}],"about":[{"href":"https:\/\/diariodominicano.com\/index.php?rest_route=\/wp\/v2\/types\/post"}],"author":[{"embeddable":true,"href":"https:\/\/diariodominicano.com\/index.php?rest_route=\/wp\/v2\/users\/3"}],"replies":[{"embeddable":true,"href":"https:\/\/diariodominicano.com\/index.php?rest_route=%2Fwp%2Fv2%2Fcomments&post=69878"}],"version-history":[{"count":0,"href":"https:\/\/diariodominicano.com\/index.php?rest_route=\/wp\/v2\/posts\/69878\/revisions"}],"wp:attachment":[{"href":"https:\/\/diariodominicano.com\/index.php?rest_route=%2Fwp%2Fv2%2Fmedia&parent=69878"}],"wp:term":[{"taxonomy":"category","embeddable":true,"href":"https:\/\/diariodominicano.com\/index.php?rest_route=%2Fwp%2Fv2%2Fcategories&post=69878"},{"taxonomy":"post_tag","embeddable":true,"href":"https:\/\/diariodominicano.com\/index.php?rest_route=%2Fwp%2Fv2%2Ftags&post=69878"}],"curies":[{"name":"wp","href":"https:\/\/api.w.org\/{rel}","templated":true}]}}