{"id":69877,"date":"2009-06-29T15:56:52","date_gmt":"2009-06-29T15:56:52","guid":{"rendered":"http:\/\/diariodominicano.ddns.net\/?p=69877"},"modified":"2009-06-29T15:56:52","modified_gmt":"2009-06-29T15:56:52","slug":"secretaria-de-estado-de-cultura-entrega-donativos-de-libros-para-bibliotecas-de-centros-educativos-y-a-instituciones","status":"publish","type":"post","link":"https:\/\/diariodominicano.com\/?p=69877","title":{"rendered":"Secretar\u00eda  de  Estado  de  Cultura  entrega  donativos  de  libros   para  bibliotecas  de  centros  educativos  y  a  instituciones"},"content":{"rendered":"<p><body><\/p>\n<p><img decoding=\"async\" src=\"http:\/\/localhost:8080\/img3\/elea.jpg\" \/>  <\/p>\n<p><span class=\"text1noticias\">La  Secretar\u00eda  de  Estado  de  Cultura,  a  trav\u00e9s  de  la Direcci\u00f3n General del Libro y la Lectura, entreg\u00f3  donativos de libros a once  bibliotecas  de diferentes  centros  educativos,  as\u00ed  como  a  instituciones  y  fundaciones, durante el mes de Junio.<\/span><\/p>\n<\/p>\n<p><span class=\"text1noticias\">Los  donativos  fueron  entregados  por  la licenciada Eleanor Grimaldi Sili\u00e9,  directora  de  la Direcci\u00f3n General del Libro y la Lectura de  la  SEC, as\u00ed como por el se\u00f1or Jes\u00fas Alcedo S\u00e1nchez Barrientos, Encargado de Mercadeo y Socorro Duque, Bibliotec\u00f3loga,  ambos  de  esta  direcci\u00f3n  general.<\/span><\/p>\n<\/p>\n<p><span class=\"text1noticias\">Entre  las  instituciones  beneficiadas figuran la Biblioteca Nacional Pedro Henr\u00edquez Ure\u00f1a,  la Escuela Enriquillo del Distrito Municipal de Pueblo viejo, en  Azua,  la Biblioteca El Hig\u00fcerito, en Moca, Provincia Espaillat,  el Archivo General de la Naci\u00f3n,  el  Colegio Pit\u00e1goras,  la Guarder\u00eda Infantil San Vicente de Pa\u00fal, la  Fundaci\u00f3n Nacional de Ni\u00f1os por las Artes (FUNANART).<\/span><\/p>\n<\/p>\n<p><span class=\"text1noticias\">Tambi\u00e9n,  recibieron  libros  el  Colegio Parroquial San Francisco Javier, de  la  Provincia El\u00edas Pi\u00f1a,  la Escuela Primaria Luis Conrado Castillo, de Gaspar Hern\u00e1ndez, la  biblioteca  especializada del Centro de Inventario de Bienes Culturales  y  la  Junta de Vecinos Honduras del Oeste.<\/span><\/p>\n<\/p>\n<p><span class=\"text1noticias\">El  Comit\u00e9 Permanente de Cultura de Polo, recibi\u00f3  una  donaci\u00f3n  para el 6to. Festival del Caf\u00e9 Org\u00e1nico que organiza esa instituci\u00f3n;  los  J\u00f3venes Ganadores  del  Concurso de lectura, en La Vega, fueron  premiados  con  una  entrega  de  libros  y  la Fundaci\u00f3n Creciendo Juntos del Liceo Miguel Cervantes, de San Francisco de Macor\u00eds, obtuvo  libros  para  su Olimpiada de lectura.<\/span><\/p>\n<\/p>\n<p><span class=\"text1noticias\">Los  donativos  fueron   recibidos  por  los  representantes  de  las  citadas  instituciones, entre  los que figuran Ricardo Castillo, Director Provincial de la  SEC, en La Vega; Mar\u00edra Fern\u00e1ndez, de la sala infantil de la Biblioteca Nacional;  Guillermo Feliz, gestor cultural  de  la Direcci\u00f3n de Cultural Barial de la SEC; Soraida V\u00e1squez, de la Biblioteca Escuela Enriquillo; Digna L\u00f3pez, del colegio Pit\u00e1goras; Julia Mateo, de la Direcci\u00f3n General de Bellas Artes;  Ram\u00f3n Antonio Jim\u00e9nez y Judith Mart\u00ednez Alonzo, T\u00e9cnica Distrital 07-06, de San Francisco de Macor\u00eds.<\/span><\/p>\n<\/p>\n<p><span class=\"text1noticias\">Adem\u00e1s, recibieron libros Genilda Arvelo, de la Escuela Primaria Luis Conrado Castillo; la arquitecta Risoris Silvestre, Directora del Centro de Inventario de Bienes Culturales;  Juliana Batista, Encargada de Cultura de la Junta Distrital y Wilson Mejia, del Comit\u00e9 Pro-Biblioteca El Hig\u00fcerito, en Moca; Ismairis Est\u00e9vez, de FUNANART; el licenciado H\u00e9fredes J.Ram\u00edrez, Director del Colegio Parroquial San Francisco Javier, de  la Provincia El\u00edas Pi\u00f1a y Karina E. Batista, del Archivo General de la Naci\u00f3n.<\/span><\/p>\n<\/p>\n<p><span class=\"text1noticias\">Los donativos contienen obras editadas por Ediciones Ferilibro, Editora Nacional y Ediciones de la  SEC, entregadas a trav\u00e9s de los programas de fomento del lector,  de la Direcci\u00f3n General del Libro y la Lectura.<\/span><\/p>\n<\/p>\n<p><span class=\"text1noticias\">Estas  donaciones  se  llevaron  a  cabo  en  la  oficina  de  la  Direcci\u00f3n General del Libro y la Lectura,  ubicada  en  la  sede  de  la  instituci\u00f3n.<\/span><\/p>\n<h6> 2009-06-29 15:56:52 <\/h6>\n<p><!--\n<link rel=\"stylesheet\" href=\"css\/bootstrap.min.css\">\n\n\n<ul class=\"pagination\">\n\t    \n\t\n\n<li >\n\t<a href='?page_no=21554'>Previous<\/a>\n\t<\/li>\n\n\n       \n    \n\n<li><a href='?page_no=1'>1<\/a><\/li>\n\n\n\n<li><a href='?page_no=2'>2<\/a><\/li>\n\n\n\n<li><a>...<\/a><\/li>\n\n\n\n<li><a href='?page_no=21553'>21553<\/a><\/li>\n\n\n\n<li><a href='?page_no=21554'>21554<\/a><\/li>\n\n\n\n<li class='active'><a>21555<\/a><\/li>\n\n\n\n<li><a href='?page_no=21556'>21556<\/a><\/li>\n\n\n\n<li><a href='?page_no=21557'>21557<\/a><\/li>\n\n\n\n<li><a>...<\/a><\/li>\n\n\n\n<li><a href='?page_no=22911'>22911<\/a><\/li>\n\n\n\n<li><a href='?page_no=22912'>22912<\/a><\/li>\n\n    \n\t\n\n<li >\n\t<a href='?page_no=21556'>Next<\/a>\n\t<\/li>\n\n\n    \n\n<li><a href='?page_no=22912'>Last &rsaquo;&rsaquo;<\/a><\/li>\n\n<\/ul>\n\n\n--><br \/>\n<\/body><\/p>\n","protected":false},"excerpt":{"rendered":"<p>La Secretar\u00eda de Estado de Cultura, a trav\u00e9s de la Direcci\u00f3n General del Libro y la Lectura, entreg\u00f3 donativos de libros a once bibliotecas de diferentes centros educativos, as\u00ed como a instituciones y fundaciones, durante el mes de Junio. Los donativos fueron entregados por la licenciada Eleanor Grimaldi Sili\u00e9, directora de la Direcci\u00f3n General del [&hellip;]<\/p>\n","protected":false},"author":3,"featured_media":0,"comment_status":"open","ping_status":"open","sticky":false,"template":"","format":"standard","meta":{"footnotes":""},"categories":[21],"tags":[],"class_list":["post-69877","post","type-post","status-publish","format-standard","hentry","category-cultura"],"_links":{"self":[{"href":"https:\/\/diariodominicano.com\/index.php?rest_route=\/wp\/v2\/posts\/69877","targetHints":{"allow":["GET"]}}],"collection":[{"href":"https:\/\/diariodominicano.com\/index.php?rest_route=\/wp\/v2\/posts"}],"about":[{"href":"https:\/\/diariodominicano.com\/index.php?rest_route=\/wp\/v2\/types\/post"}],"author":[{"embeddable":true,"href":"https:\/\/diariodominicano.com\/index.php?rest_route=\/wp\/v2\/users\/3"}],"replies":[{"embeddable":true,"href":"https:\/\/diariodominicano.com\/index.php?rest_route=%2Fwp%2Fv2%2Fcomments&post=69877"}],"version-history":[{"count":0,"href":"https:\/\/diariodominicano.com\/index.php?rest_route=\/wp\/v2\/posts\/69877\/revisions"}],"wp:attachment":[{"href":"https:\/\/diariodominicano.com\/index.php?rest_route=%2Fwp%2Fv2%2Fmedia&parent=69877"}],"wp:term":[{"taxonomy":"category","embeddable":true,"href":"https:\/\/diariodominicano.com\/index.php?rest_route=%2Fwp%2Fv2%2Fcategories&post=69877"},{"taxonomy":"post_tag","embeddable":true,"href":"https:\/\/diariodominicano.com\/index.php?rest_route=%2Fwp%2Fv2%2Ftags&post=69877"}],"curies":[{"name":"wp","href":"https:\/\/api.w.org\/{rel}","templated":true}]}}