{"id":69876,"date":"2009-06-29T19:06:10","date_gmt":"2009-06-29T19:06:10","guid":{"rendered":"http:\/\/diariodominicano.ddns.net\/?p=69876"},"modified":"2009-06-29T19:06:10","modified_gmt":"2009-06-29T19:06:10","slug":"trasciende-que-el-presidente-hugo-chavez-no-vendra-a-los-actos-en-honor-a-juan-bosch-que-organiza-el-gobierno-dominicano","status":"publish","type":"post","link":"https:\/\/diariodominicano.com\/?p=69876","title":{"rendered":"Trasciende que el Presidente Hugo Chavez no vendr\u00e1 a los actos en honor a Juan Bosch que organiza el gobierno dominicano ."},"content":{"rendered":"<p><body><\/p>\n<p><span class=\"text1noticias\">El presidente venezolano, Hugo Chavez Fr\u00edas , suspendi\u00f3 la visita que ten\u00eda previsto iniciar Este lunes  a la Rep\u00fablica Dominicana para asistir a la firma de un preacuerdo para la compra por Venezuela del 49% de las acciones de la Refiner\u00eda Dominicana (REFIDOMSA), inform\u00f3 una fuente oficial de ultimo momento .<\/span><\/p>\n<\/p>\n<p><span class=\"text1noticias\">La fuente indic\u00f3 que no se ha fijado una nueva fecha para la visita del mandatario venezolano  a la Rep\u00fablica Dominicana, donde tambi\u00e9n iba a asistir ma\u00f1ana  martes  a los actos centrales del centenario del fallecido ex presidente y escritor Juan Bosch y Gabi\u00f1o.<\/span><\/p>\n<\/p>\n<p><span class=\"text1noticias\">En tanto, que el  mandatario Hugo Ch\u00e1vez  se encuentra en la capital nicarag\u00fcense, Managua, para participar en la reuni\u00f3n urgente de la Alianza Bolivariana para las Am\u00e9rica (ALBA) para apoyar a Manuel Zelaya, quien fue destituido del cargo de presidente de Honduras por el Parlamento de su pa\u00eds y sustituido por Roberto Menenllety.<\/span><\/p>\n<\/p>\n<p><span class=\"text1noticias\">Managua acoge tambi\u00e9n una reuni\u00f3n de los presidentes del Sistema de Integraci\u00f3n Centroamericana (SICA), integrada por los pa\u00edses de Centroam\u00e9rica, Panam\u00e1, Belice y la Rep\u00fablica Dominicana.<\/span><\/p>\n<h6> 2009-06-29 19:06:10 <\/h6>\n<p><!--\n<link rel=\"stylesheet\" href=\"css\/bootstrap.min.css\">\n\n\n<ul class=\"pagination\">\n\t    \n\t\n\n<li >\n\t<a href='?page_no=21553'>Previous<\/a>\n\t<\/li>\n\n\n       \n    \n\n<li><a href='?page_no=1'>1<\/a><\/li>\n\n\n\n<li><a href='?page_no=2'>2<\/a><\/li>\n\n\n\n<li><a>...<\/a><\/li>\n\n\n\n<li><a href='?page_no=21552'>21552<\/a><\/li>\n\n\n\n<li><a href='?page_no=21553'>21553<\/a><\/li>\n\n\n\n<li class='active'><a>21554<\/a><\/li>\n\n\n\n<li><a href='?page_no=21555'>21555<\/a><\/li>\n\n\n\n<li><a href='?page_no=21556'>21556<\/a><\/li>\n\n\n\n<li><a>...<\/a><\/li>\n\n\n\n<li><a href='?page_no=22911'>22911<\/a><\/li>\n\n\n\n<li><a href='?page_no=22912'>22912<\/a><\/li>\n\n    \n\t\n\n<li >\n\t<a href='?page_no=21555'>Next<\/a>\n\t<\/li>\n\n\n    \n\n<li><a href='?page_no=22912'>Last &rsaquo;&rsaquo;<\/a><\/li>\n\n<\/ul>\n\n\n--><br \/>\n<\/body><\/p>\n","protected":false},"excerpt":{"rendered":"<p>El presidente venezolano, Hugo Chavez Fr\u00edas , suspendi\u00f3 la visita que ten\u00eda previsto iniciar Este lunes a la Rep\u00fablica Dominicana para asistir a la firma de un preacuerdo para la compra por Venezuela del 49% de las acciones de la Refiner\u00eda Dominicana (REFIDOMSA), inform\u00f3 una fuente oficial de ultimo momento . La fuente indic\u00f3 que [&hellip;]<\/p>\n","protected":false},"author":3,"featured_media":0,"comment_status":"open","ping_status":"open","sticky":false,"template":"","format":"standard","meta":{"footnotes":""},"categories":[21],"tags":[],"class_list":["post-69876","post","type-post","status-publish","format-standard","hentry","category-cultura"],"_links":{"self":[{"href":"https:\/\/diariodominicano.com\/index.php?rest_route=\/wp\/v2\/posts\/69876","targetHints":{"allow":["GET"]}}],"collection":[{"href":"https:\/\/diariodominicano.com\/index.php?rest_route=\/wp\/v2\/posts"}],"about":[{"href":"https:\/\/diariodominicano.com\/index.php?rest_route=\/wp\/v2\/types\/post"}],"author":[{"embeddable":true,"href":"https:\/\/diariodominicano.com\/index.php?rest_route=\/wp\/v2\/users\/3"}],"replies":[{"embeddable":true,"href":"https:\/\/diariodominicano.com\/index.php?rest_route=%2Fwp%2Fv2%2Fcomments&post=69876"}],"version-history":[{"count":0,"href":"https:\/\/diariodominicano.com\/index.php?rest_route=\/wp\/v2\/posts\/69876\/revisions"}],"wp:attachment":[{"href":"https:\/\/diariodominicano.com\/index.php?rest_route=%2Fwp%2Fv2%2Fmedia&parent=69876"}],"wp:term":[{"taxonomy":"category","embeddable":true,"href":"https:\/\/diariodominicano.com\/index.php?rest_route=%2Fwp%2Fv2%2Fcategories&post=69876"},{"taxonomy":"post_tag","embeddable":true,"href":"https:\/\/diariodominicano.com\/index.php?rest_route=%2Fwp%2Fv2%2Ftags&post=69876"}],"curies":[{"name":"wp","href":"https:\/\/api.w.org\/{rel}","templated":true}]}}