{"id":69875,"date":"2009-06-29T22:32:50","date_gmt":"2009-06-29T22:32:50","guid":{"rendered":"http:\/\/diariodominicano.ddns.net\/?p=69875"},"modified":"2009-06-29T22:32:50","modified_gmt":"2009-06-29T22:32:50","slug":"cultura-exhibe-manchas-al-amanecer-de-rigo-peralta-en-sala-de-arte-ramon-oviedo","status":"publish","type":"post","link":"https:\/\/diariodominicano.com\/?p=69875","title":{"rendered":"Cultura exhibe ?Manchas al Amanecer?  de Rigo Peralta en Sala de Arte Ram\u00f3n Oviedo"},"content":{"rendered":"<p><body><\/p>\n<p><img decoding=\"async\" src=\"img3\/ramon.jpg\" \/>  <\/p>\n<p><span class=\"text1noticias\">Con un emotivo acto, la Secretar\u00eda de Estado de Cultura dej\u00f3 inaugurada en la Sala de Arte Ram\u00f3n Oviedo la individual titulada ?Manchas al Amanecer? del artista dominicano y radicado en el extranjero Rigo Peralta.  <\/span><\/p>\n<\/p>\n<p><span class=\"text1noticias\">La muestra pict\u00f3rica consta de  22 obras en formatos medianos y grandes que van de 18&#215;24 hasta 40&#215;60, realizados en t\u00e9cnica mixta, \u00f3leo sobre lienzo, de impactante colorido caribe\u00f1o haciendo contrastes con tonos fr\u00edos para logar una exquisitez en la composici\u00f3n de color y forma, llevando al espectador una fusi\u00f3n del surrealismo y el abstraccionismo.  <\/span><\/p>\n<\/p>\n<p><span class=\"text1noticias\">Seg\u00fan sus palabras  revela  en sus creaciones la forma de c\u00f3mo el hombre empieza a transformarse en un ser m\u00e1s mec\u00e1nico y menos humanos, tomando como ejemplo su experiencia vivida desde su llegada a  los Estados Unidos en el 1989 y ver lo r\u00e1pido con que se vive en ese pa\u00eds. <\/span><\/p>\n<\/p>\n<p><span class=\"text1noticias\">Peralta se\u00f1al\u00f3 que las personas se van olvidando de ese concepto que aprendemos de la forma espiritual y familiar para pasar a personas m\u00e1s fr\u00edas y m\u00e1s insensibles?, explic\u00f3 el artista. <\/span><\/p>\n<p><span class=\"text1noticias\">  <\/span><\/p>\n<p><span class=\"text1noticias\">A todo esto atribuye el artista pl\u00e1stico, la raz\u00f3n del porqu\u00e9 emplea en sus cuadros la fusi\u00f3n del metal y el cuerpo humano, siendo uno de los elementos m\u00e1s notables en sus vistosas obras.   <\/span><\/p>\n<\/p>\n<p><span class=\"text1noticias\">Los t\u00edtulos de las obras de Peralta son: Diosa de sue\u00f1os dorado, Egeria, Espacio cercano, Luz ancestral, Guerrero her\u00e1ctico, A trav\u00e9s de la luz de tu rostro, Explorando mis ancestros, En el vientre de la guerra, Crucifixi\u00f3n armada, Alcanzando un ailusi\u00f3n, De frente al futuro, Abrasando mi interior y El mundo sigue siendo cruel.  <\/span><\/p>\n<\/p>\n<p><span class=\"text1noticias\">Rigo Peralta cumple sus 20 aniversario de quehacer art\u00edtico y es con esta muestra que actualmente est\u00e1 celebrando en su patria,  Rep\u00fablica Dominicana,  mostrando a sus compatriotas su crecimiento y sus inquietudes.    <\/span><\/p>\n<\/p>\n<p><span class=\"text1noticias\">Gabino Rosario,  director de la Sala de Arte Ram\u00f3n Oviedo refiere sobre la obra de Rigo Peralta que es un artista dominicano joven, meritorio y destacado con una exitosa trayectoria de dos d\u00e9cadas de intensa labor creativa que le ha asegurado un espacio de gran relevancia en los Estados Unidos, b\u00e1sicamente en Pensylvania, donde reside y desde donde proyecta su trabajo.  <\/span><\/p>\n<\/p>\n<p><span class=\"text1noticias\">Ha sido merecedor de importantes reconocimientos como lo es el haber obtenido el segundo premio del Primer Concurso Internacional de Arte Religioso, organizado por la Arquidi\u00f3cesis de Nueva York en el 1999 y en el 2003 fue invitado por el presidente de los Estados Unidos a visitar la Casa Blanca.   <\/span><\/p>\n<\/p>\n<p><span class=\"text1noticias\">?La Secretar\u00eda de Estado de Cultura ha acogido con benepl\u00e1cito en su Sala de Arte la obra de este meritorio artista, con la certeza de que sus luminosas Manchas al Amanecer continuar\u00e1n abriendo sendas para la proyecci\u00f3n de las artes visuales dominicanas, y con su particular y esperanzador acento creativo har\u00e1 m\u00e1s respirable la atm\u00f3sfera en la que desarrollamos nuestras actividades?, se\u00f1al\u00f3 Gabino Rosario. <\/span><\/p>\n<h6> 2009-06-29 22:32:50 <\/h6>\n<p><!--\n<link rel=\"stylesheet\" href=\"css\/bootstrap.min.css\">\n\n\n<ul class=\"pagination\">\n\t    \n\t\n\n<li >\n\t<a href='?page_no=21552'>Previous<\/a>\n\t<\/li>\n\n\n       \n    \n\n<li><a href='?page_no=1'>1<\/a><\/li>\n\n\n\n<li><a href='?page_no=2'>2<\/a><\/li>\n\n\n\n<li><a>...<\/a><\/li>\n\n\n\n<li><a href='?page_no=21551'>21551<\/a><\/li>\n\n\n\n<li><a href='?page_no=21552'>21552<\/a><\/li>\n\n\n\n<li class='active'><a>21553<\/a><\/li>\n\n\n\n<li><a href='?page_no=21554'>21554<\/a><\/li>\n\n\n\n<li><a href='?page_no=21555'>21555<\/a><\/li>\n\n\n\n<li><a>...<\/a><\/li>\n\n\n\n<li><a href='?page_no=22911'>22911<\/a><\/li>\n\n\n\n<li><a href='?page_no=22912'>22912<\/a><\/li>\n\n    \n\t\n\n<li >\n\t<a href='?page_no=21554'>Next<\/a>\n\t<\/li>\n\n\n    \n\n<li><a href='?page_no=22912'>Last &rsaquo;&rsaquo;<\/a><\/li>\n\n<\/ul>\n\n\n--><br \/>\n<\/body><\/p>\n","protected":false},"excerpt":{"rendered":"<p>Con un emotivo acto, la Secretar\u00eda de Estado de Cultura dej\u00f3 inaugurada en la Sala de Arte Ram\u00f3n Oviedo la individual titulada ?Manchas al Amanecer? del artista dominicano y radicado en el extranjero Rigo Peralta. La muestra pict\u00f3rica consta de 22 obras en formatos medianos y grandes que van de 18&#215;24 hasta 40&#215;60, realizados en [&hellip;]<\/p>\n","protected":false},"author":3,"featured_media":0,"comment_status":"open","ping_status":"open","sticky":false,"template":"","format":"standard","meta":{"footnotes":""},"categories":[21],"tags":[],"class_list":["post-69875","post","type-post","status-publish","format-standard","hentry","category-cultura"],"_links":{"self":[{"href":"https:\/\/diariodominicano.com\/index.php?rest_route=\/wp\/v2\/posts\/69875","targetHints":{"allow":["GET"]}}],"collection":[{"href":"https:\/\/diariodominicano.com\/index.php?rest_route=\/wp\/v2\/posts"}],"about":[{"href":"https:\/\/diariodominicano.com\/index.php?rest_route=\/wp\/v2\/types\/post"}],"author":[{"embeddable":true,"href":"https:\/\/diariodominicano.com\/index.php?rest_route=\/wp\/v2\/users\/3"}],"replies":[{"embeddable":true,"href":"https:\/\/diariodominicano.com\/index.php?rest_route=%2Fwp%2Fv2%2Fcomments&post=69875"}],"version-history":[{"count":0,"href":"https:\/\/diariodominicano.com\/index.php?rest_route=\/wp\/v2\/posts\/69875\/revisions"}],"wp:attachment":[{"href":"https:\/\/diariodominicano.com\/index.php?rest_route=%2Fwp%2Fv2%2Fmedia&parent=69875"}],"wp:term":[{"taxonomy":"category","embeddable":true,"href":"https:\/\/diariodominicano.com\/index.php?rest_route=%2Fwp%2Fv2%2Fcategories&post=69875"},{"taxonomy":"post_tag","embeddable":true,"href":"https:\/\/diariodominicano.com\/index.php?rest_route=%2Fwp%2Fv2%2Ftags&post=69875"}],"curies":[{"name":"wp","href":"https:\/\/api.w.org\/{rel}","templated":true}]}}