{"id":69874,"date":"2009-06-29T22:58:45","date_gmt":"2009-06-29T22:58:45","guid":{"rendered":"http:\/\/diariodominicano.ddns.net\/?p=69874"},"modified":"2009-06-29T22:58:45","modified_gmt":"2009-06-29T22:58:45","slug":"reinaldo-pared-perez-aclara-se-mantiene-acto-a-juan-bosch-en-el-congreso","status":"publish","type":"post","link":"https:\/\/diariodominicano.com\/?p=69874","title":{"rendered":"Reinaldo Pared P\u00e9rez aclara se mantiene acto a Juan Bosch en el Congreso"},"content":{"rendered":"<p><body><\/p>\n<p><span class=\"text1noticias\">SANTO DOMINGO.- El presidente el Senado, Reinaldo Pared P\u00e9rez, inform\u00f3 que se mantiene la convocatoria para la reuni\u00f3n conjunta de este martes, en que las c\u00e1maras legislativas conmemorar\u00e1n los 100 a\u00f1os del nacimiento del profesor Juan Bosch.<\/span><\/p>\n<\/p>\n<p><span class=\"text1noticias\">Pared P\u00e9rez explic\u00f3 que el acto, que iniciar\u00e1 las 10:00 de la ma\u00f1ana, ser\u00e1 encabezado por el Vicepresidente de la Rep\u00fablica, doctor Rafael Alburquerque.<\/span><\/p>\n<\/p>\n<p><span class=\"text1noticias\">Sostuvo que a pesar de la salida del pa\u00eds del presidente Leonel Fern\u00e1ndez, quien tambi\u00e9n es presidente del Partido de la Liberaci\u00f3n Dominicana (PLD), se mantiene la convocatoria a los invitados.<\/span><\/p>\n<\/p>\n<p><span class=\"text1noticias\">?Todo est\u00e1 listo para recibir este martes a los invitados?, expuso el presidente del Senado, en una informaci\u00f3n distribuida por la Direcci\u00f3n de Prensa del Senado.<\/span><\/p>\n<\/p>\n<p><span class=\"text1noticias\">Detalles del acto<\/span><\/p>\n<p><span class=\"text1noticias\">En el acto hablar\u00e1n Pared P\u00e9rez y el presidente de la C\u00e1mara de Diputados, Julio C\u00e9sar Valent\u00edn.<\/span><\/p>\n<p><span class=\"text1noticias\">Al mismo est\u00e1n invitados la viuda del extinto l\u00edder pol\u00edtico, do\u00f1a Carmen Quidiello, y a los miembros de su familia, as\u00ed como legisladores, dirigentes pol\u00edticos, diplom\u00e1ticos e invitados especiales.<\/span><\/p>\n<p><span class=\"text1noticias\">El programa incluye la proyecci\u00f3n de un video sobre el profesor Bosch y la participaci\u00f3n del Coro Nacional. <\/span><\/p>\n<h6> 2009-06-29 22:58:45 <\/h6>\n<p><!--\n<link rel=\"stylesheet\" href=\"css\/bootstrap.min.css\">\n\n\n<ul class=\"pagination\">\n\t    \n\t\n\n<li >\n\t<a href='?page_no=21551'>Previous<\/a>\n\t<\/li>\n\n\n       \n    \n\n<li><a href='?page_no=1'>1<\/a><\/li>\n\n\n\n<li><a href='?page_no=2'>2<\/a><\/li>\n\n\n\n<li><a>...<\/a><\/li>\n\n\n\n<li><a href='?page_no=21550'>21550<\/a><\/li>\n\n\n\n<li><a href='?page_no=21551'>21551<\/a><\/li>\n\n\n\n<li class='active'><a>21552<\/a><\/li>\n\n\n\n<li><a href='?page_no=21553'>21553<\/a><\/li>\n\n\n\n<li><a href='?page_no=21554'>21554<\/a><\/li>\n\n\n\n<li><a>...<\/a><\/li>\n\n\n\n<li><a href='?page_no=22911'>22911<\/a><\/li>\n\n\n\n<li><a href='?page_no=22912'>22912<\/a><\/li>\n\n    \n\t\n\n<li >\n\t<a href='?page_no=21553'>Next<\/a>\n\t<\/li>\n\n\n    \n\n<li><a href='?page_no=22912'>Last &rsaquo;&rsaquo;<\/a><\/li>\n\n<\/ul>\n\n\n--><br \/>\n<\/body><\/p>\n","protected":false},"excerpt":{"rendered":"<p>SANTO DOMINGO.- El presidente el Senado, Reinaldo Pared P\u00e9rez, inform\u00f3 que se mantiene la convocatoria para la reuni\u00f3n conjunta de este martes, en que las c\u00e1maras legislativas conmemorar\u00e1n los 100 a\u00f1os del nacimiento del profesor Juan Bosch. Pared P\u00e9rez explic\u00f3 que el acto, que iniciar\u00e1 las 10:00 de la ma\u00f1ana, ser\u00e1 encabezado por el Vicepresidente [&hellip;]<\/p>\n","protected":false},"author":3,"featured_media":0,"comment_status":"open","ping_status":"open","sticky":false,"template":"","format":"standard","meta":{"footnotes":""},"categories":[21],"tags":[],"class_list":["post-69874","post","type-post","status-publish","format-standard","hentry","category-cultura"],"_links":{"self":[{"href":"https:\/\/diariodominicano.com\/index.php?rest_route=\/wp\/v2\/posts\/69874","targetHints":{"allow":["GET"]}}],"collection":[{"href":"https:\/\/diariodominicano.com\/index.php?rest_route=\/wp\/v2\/posts"}],"about":[{"href":"https:\/\/diariodominicano.com\/index.php?rest_route=\/wp\/v2\/types\/post"}],"author":[{"embeddable":true,"href":"https:\/\/diariodominicano.com\/index.php?rest_route=\/wp\/v2\/users\/3"}],"replies":[{"embeddable":true,"href":"https:\/\/diariodominicano.com\/index.php?rest_route=%2Fwp%2Fv2%2Fcomments&post=69874"}],"version-history":[{"count":0,"href":"https:\/\/diariodominicano.com\/index.php?rest_route=\/wp\/v2\/posts\/69874\/revisions"}],"wp:attachment":[{"href":"https:\/\/diariodominicano.com\/index.php?rest_route=%2Fwp%2Fv2%2Fmedia&parent=69874"}],"wp:term":[{"taxonomy":"category","embeddable":true,"href":"https:\/\/diariodominicano.com\/index.php?rest_route=%2Fwp%2Fv2%2Fcategories&post=69874"},{"taxonomy":"post_tag","embeddable":true,"href":"https:\/\/diariodominicano.com\/index.php?rest_route=%2Fwp%2Fv2%2Ftags&post=69874"}],"curies":[{"name":"wp","href":"https:\/\/api.w.org\/{rel}","templated":true}]}}